{"id":1119,"date":"2019-11-03T15:45:33","date_gmt":"2019-11-03T14:45:33","guid":{"rendered":"https:\/\/adele-sansone.com\/wordpress\/?p=1119"},"modified":"2026-04-29T08:32:49","modified_gmt":"2026-04-29T06:32:49","slug":"summende-besucher-im-naturnahen-garten","status":"publish","type":"post","link":"https:\/\/adele-sansone.com\/wordpress\/2019\/11\/03\/summende-besucher-im-naturnahen-garten\/","title":{"rendered":"Summende Besucher im naturnahen Garten"},"content":{"rendered":"\n<figure class=\"wp-block-gallery has-nested-images columns-default wp-block-gallery-1 is-layout-flex wp-block-gallery-is-layout-flex\">\n<figure class=\"wp-block-image size-large is-style-default\"><img loading=\"lazy\" decoding=\"async\" width=\"1024\" height=\"577\" data-id=\"1122\" src=\"https:\/\/adele-sansone.com\/wordpress\/wp-content\/uploads\/2019\/11\/DSC04238-1024x577.jpg\" alt=\"\" class=\"wp-image-1122\" srcset=\"https:\/\/adele-sansone.com\/wordpress\/wp-content\/uploads\/2019\/11\/DSC04238-1024x577.jpg 1024w, https:\/\/adele-sansone.com\/wordpress\/wp-content\/uploads\/2019\/11\/DSC04238-300x169.jpg 300w, https:\/\/adele-sansone.com\/wordpress\/wp-content\/uploads\/2019\/11\/DSC04238-768x433.jpg 768w, https:\/\/adele-sansone.com\/wordpress\/wp-content\/uploads\/2019\/11\/DSC04238-150x85.jpg 150w\" sizes=\"auto, (max-width: 1024px) 100vw, 1024px\" \/><\/figure>\n\n\n\n\n\n<figure class=\"wp-block-image size-large is-style-default\"><img loading=\"lazy\" decoding=\"async\" width=\"1024\" height=\"576\" data-id=\"1164\" src=\"https:\/\/adele-sansone.com\/wordpress\/wp-content\/uploads\/2019\/11\/DSC05884-1024x576.jpg\" alt=\"\" class=\"wp-image-1164\" srcset=\"https:\/\/adele-sansone.com\/wordpress\/wp-content\/uploads\/2019\/11\/DSC05884-1024x576.jpg 1024w, https:\/\/adele-sansone.com\/wordpress\/wp-content\/uploads\/2019\/11\/DSC05884-300x169.jpg 300w, https:\/\/adele-sansone.com\/wordpress\/wp-content\/uploads\/2019\/11\/DSC05884-768x432.jpg 768w, https:\/\/adele-sansone.com\/wordpress\/wp-content\/uploads\/2019\/11\/DSC05884-150x84.jpg 150w\" sizes=\"auto, (max-width: 1024px) 100vw, 1024px\" \/><\/figure>\n\n\n\n<figure class=\"wp-block-image size-large is-style-default\"><img loading=\"lazy\" decoding=\"async\" width=\"1024\" height=\"576\" data-id=\"1569\" src=\"https:\/\/adele-sansone.com\/wordpress\/wp-content\/uploads\/2020\/04\/DSC00768-Trauerrosenk\u00e4fer-1024x576.jpg\" alt=\"\" class=\"wp-image-1569\" srcset=\"https:\/\/adele-sansone.com\/wordpress\/wp-content\/uploads\/2020\/04\/DSC00768-Trauerrosenk\u00e4fer-1024x576.jpg 1024w, https:\/\/adele-sansone.com\/wordpress\/wp-content\/uploads\/2020\/04\/DSC00768-Trauerrosenk\u00e4fer-300x169.jpg 300w, https:\/\/adele-sansone.com\/wordpress\/wp-content\/uploads\/2020\/04\/DSC00768-Trauerrosenk\u00e4fer-768x432.jpg 768w, https:\/\/adele-sansone.com\/wordpress\/wp-content\/uploads\/2020\/04\/DSC00768-Trauerrosenk\u00e4fer-1536x864.jpg 1536w, https:\/\/adele-sansone.com\/wordpress\/wp-content\/uploads\/2020\/04\/DSC00768-Trauerrosenk\u00e4fer-2048x1152.jpg 2048w, https:\/\/adele-sansone.com\/wordpress\/wp-content\/uploads\/2020\/04\/DSC00768-Trauerrosenk\u00e4fer-150x84.jpg 150w\" sizes=\"auto, (max-width: 1024px) 100vw, 1024px\" \/><\/figure>\n\n\n\n<figure class=\"wp-block-image size-large is-style-default\"><img loading=\"lazy\" decoding=\"async\" width=\"1024\" height=\"577\" data-id=\"1151\" src=\"https:\/\/adele-sansone.com\/wordpress\/wp-content\/uploads\/2019\/11\/DSC05809-1024x577.jpg\" alt=\"\" class=\"wp-image-1151\" srcset=\"https:\/\/adele-sansone.com\/wordpress\/wp-content\/uploads\/2019\/11\/DSC05809-1024x577.jpg 1024w, https:\/\/adele-sansone.com\/wordpress\/wp-content\/uploads\/2019\/11\/DSC05809-300x169.jpg 300w, https:\/\/adele-sansone.com\/wordpress\/wp-content\/uploads\/2019\/11\/DSC05809-768x433.jpg 768w, https:\/\/adele-sansone.com\/wordpress\/wp-content\/uploads\/2019\/11\/DSC05809-150x85.jpg 150w\" sizes=\"auto, (max-width: 1024px) 100vw, 1024px\" \/><\/figure>\n\n\n\n<figure class=\"wp-block-image size-large is-style-default\"><img loading=\"lazy\" decoding=\"async\" width=\"1024\" height=\"683\" data-id=\"1150\" src=\"https:\/\/adele-sansone.com\/wordpress\/wp-content\/uploads\/2019\/11\/IMG_2955-1024x683.jpg\" alt=\"\" class=\"wp-image-1150\" srcset=\"https:\/\/adele-sansone.com\/wordpress\/wp-content\/uploads\/2019\/11\/IMG_2955-1024x683.jpg 1024w, https:\/\/adele-sansone.com\/wordpress\/wp-content\/uploads\/2019\/11\/IMG_2955-300x200.jpg 300w, https:\/\/adele-sansone.com\/wordpress\/wp-content\/uploads\/2019\/11\/IMG_2955-768x512.jpg 768w, https:\/\/adele-sansone.com\/wordpress\/wp-content\/uploads\/2019\/11\/IMG_2955-150x100.jpg 150w\" sizes=\"auto, (max-width: 1024px) 100vw, 1024px\" \/><\/figure>\n<\/figure>\n\n\n\n<p>Das Insektensterben ist in aller Munde, Grund genug, im eigenen Garten mal Ausschau nach den anwesenden Besuchern und Besucherinnen zu halten.<\/p>\n\n\n\n<!--more-->\n\n\n<div class=\"wp-block-image wp-image-1162 size-medium is-style-default\">\n<figure class=\"alignright\"><img loading=\"lazy\" decoding=\"async\" width=\"265\" height=\"300\" src=\"https:\/\/adele-sansone.com\/wordpress\/wp-content\/uploads\/2019\/11\/DSC00504-Scilla-u-Biene-265x300.jpg\" alt=\"\" class=\"wp-image-1162\" srcset=\"https:\/\/adele-sansone.com\/wordpress\/wp-content\/uploads\/2019\/11\/DSC00504-Scilla-u-Biene-265x300.jpg 265w, https:\/\/adele-sansone.com\/wordpress\/wp-content\/uploads\/2019\/11\/DSC00504-Scilla-u-Biene-768x871.jpg 768w, https:\/\/adele-sansone.com\/wordpress\/wp-content\/uploads\/2019\/11\/DSC00504-Scilla-u-Biene-903x1024.jpg 903w, https:\/\/adele-sansone.com\/wordpress\/wp-content\/uploads\/2019\/11\/DSC00504-Scilla-u-Biene-132x150.jpg 132w, https:\/\/adele-sansone.com\/wordpress\/wp-content\/uploads\/2019\/11\/DSC00504-Scilla-u-Biene.jpg 1743w\" sizes=\"auto, (max-width: 265px) 100vw, 265px\" \/><figcaption class=\"wp-element-caption\">Summ auf den ersten Zwiebelbl\u00fchern<\/figcaption><\/figure>\n<\/div>\n\n\n<p><\/p>\n\n\n\n<p>Wer zahlreiche bl\u00fchende Pflanzen quer durch die Jahreszeiten hat, der kann auch die unterschiedlichsten Insekten ausmachen. <br>Viele bekannte Gesichter,\u00a0 wie etwa die verschiedenen Honigbienen, die sich vom ersten <a href=\"https:\/\/pagewizz.com\/fruehlingsblueher-schneegloeckchen\/\"><strong>Schneegl\u00f6ckchen<\/strong><\/a> bis zu den letzten Bl\u00fchern, wie Sedum, <a href=\"https:\/\/adele-sansone.com\/wordpress\/2020\/11\/10\/ringelblume\/\"><strong>Ringelblume<\/strong><\/a> oder <strong><a href=\"https:\/\/pagewizz.com\/der-kalifornische-goldmohn-2016-giftpflanze-des-jahres-35167\/\">Kalifornischem Goldmohn<\/a><\/strong>, tummeln. <a href=\"https:\/\/adele-sansone.com\/wordpress\/2019\/07\/02\/hummeln\/#.Xb7pgtUxlPY\"><strong>Hummeln<\/strong><\/a>, die ebenfalls sehr zeitig auftauchen. Aber auch neue Besucherinnen, wie die <a href=\"https:\/\/pagewizz.com\/mauerbienen-38584\/\"><strong>Mauerbiene<\/strong><\/a> (Wildbienen) oder die <strong><a href=\"https:\/\/pagewizz.com\/mistbiene-schlammbiene-besser-als-ihr-name-klingt-38780\/\">Mistbiene<\/a><\/strong> (Schwebfliegen), die vorher unterhalb vom eigenen Beobachtungsradar geflogen sind, oder der <strong><a href=\"https:\/\/pagewizz.com\/wollschweber-taubenschwanzchen-38636\/\">Wollschweber.<\/a> <\/strong><a href=\"https:\/\/pagewizz.com\/die-schwebfliegen-stellen-sich-vor-37726\/\"><strong>Schwebfliegen<\/strong><\/a> in allen Gr\u00f6\u00dfen, Fliegen, bekannte und weniger bekannte Schmetterlinge sowieso. <\/p>\n\n\n\n<figure class=\"wp-block-image size-large is-resized is-style-default\"><a href=\"https:\/\/adele-sansone.com\/wordpress\/2022\/07\/12\/bienenkaefer-und-bienenwolf\/\"><img loading=\"lazy\" decoding=\"async\" src=\"https:\/\/adele-sansone.com\/wordpress\/wp-content\/uploads\/2022\/07\/DSC05692-Bienenkaefer-Trichodes-alvearius-1024x616.jpg\" alt=\"\" class=\"wp-image-3592\" width=\"980\" height=\"589\" srcset=\"https:\/\/adele-sansone.com\/wordpress\/wp-content\/uploads\/2022\/07\/DSC05692-Bienenkaefer-Trichodes-alvearius-1024x616.jpg 1024w, https:\/\/adele-sansone.com\/wordpress\/wp-content\/uploads\/2022\/07\/DSC05692-Bienenkaefer-Trichodes-alvearius-300x180.jpg 300w, https:\/\/adele-sansone.com\/wordpress\/wp-content\/uploads\/2022\/07\/DSC05692-Bienenkaefer-Trichodes-alvearius-768x462.jpg 768w, https:\/\/adele-sansone.com\/wordpress\/wp-content\/uploads\/2022\/07\/DSC05692-Bienenkaefer-Trichodes-alvearius-1536x923.jpg 1536w, https:\/\/adele-sansone.com\/wordpress\/wp-content\/uploads\/2022\/07\/DSC05692-Bienenkaefer-Trichodes-alvearius-2048x1231.jpg 2048w, https:\/\/adele-sansone.com\/wordpress\/wp-content\/uploads\/2022\/07\/DSC05692-Bienenkaefer-Trichodes-alvearius-640x385.jpg 640w, https:\/\/adele-sansone.com\/wordpress\/wp-content\/uploads\/2022\/07\/DSC05692-Bienenkaefer-Trichodes-alvearius-499x300.jpg 499w\" sizes=\"auto, (max-width: 980px) 100vw, 980px\" \/><\/a><figcaption class=\"wp-element-caption\"><a href=\"https:\/\/adele-sansone.com\/wordpress\/2022\/07\/12\/bienenkaefer-und-bienenwolf\/\">Bienenwolf\/Bienenk\u00e4fer<\/a><\/figcaption><\/figure>\n\n\n\n<p><\/p>\n\n\n\n<p>Aber auch behaarte Insekten, unter denen ich nicht nur Hummeln sondern so manche Wildbiene vermute, aber leider fehlt hier bei mir die genaue Artenkenntnis. Und zu meinem Erstaunen, im kl\u00e4glichen Halbjahr 2020 taucht als Trost? in unserem Garten ein ganz besonderes Insekt erstmals auf, die <strong><a href=\"https:\/\/adele-sansone.com\/wordpress\/2020\/06\/24\/tonerdhummel-auch-lehmhummel-genannt\/\">Tonerdhummel<\/a>. <\/strong><br>Auf jeden Fall ist bei uns, <em>Nordtirol, H\u00f6henlage 900m<\/em>, noch ein reiches Insektenleben.<\/p>\n\n\n\n<p>Bemerkung: In unserem sehr naturnahen Garten gibt es zum Gro\u00dfteil heimische Pflanzen, aber auch so Einiges an eingemeindeten fremdl\u00e4ndischen Gartenstauden, nicht nur als optische Erg\u00e4nzung, sondern das Meiste auch noch von den Insekten gerne angenommen. Daneben auch noch eine <a href=\"https:\/\/adele-sansone.com\/wordpress\/2020\/09\/17\/meine-tulpenwiese\/\">naturnahe Wiese<\/a>, ebenso gen\u00fcgend Nistpl\u00e4tze, von Steinhaufen \u00fcber Totholzecke, und f\u00fcr die Schmetterlinge ausreichend Brennnesselstauden f\u00fcr den hungrigen Nachwuchs. Auch wenn kein Teich vorhanden ist, f\u00fcr Wasser ist an vielen Orten gesorgt; f\u00fcr klein (Insekten) und gro\u00df (V\u00f6gel). Mal sehen, wie es \u00fcber die Jahre bleibt.<\/p>\n\n\n\n<p>Buchempfehlung: <iframe style=\"width: 120px; height: 240px;\" src=\"\/\/ws-eu.amazon-adsystem.com\/widgets\/q?ServiceVersion=20070822&amp;OneJS=1&amp;Operation=GetAdHtml&amp;MarketPlace=DE&amp;source=ac&amp;ref=tf_til&amp;ad_type=product_link&amp;tracking_id=pagewizzde-21&amp;marketplace=amazon&amp;region=DE&amp;placement=3446261885&amp;asins=3446261885&amp;linkId=9ab6b7c796d1b867cdb9b79f07946dac&amp;show_border=false&amp;link_opens_in_new_window=false&amp;price_color=333333&amp;title_color=0066c0&amp;bg_color=ffffff\" marginwidth=\"0\" marginheight=\"0\" scrolling=\"no\" frameborder=\"0\"><br \/><\/iframe> &nbsp;&nbsp;&nbsp;&nbsp;&nbsp;&nbsp;&nbsp;&nbsp;&nbsp;&nbsp;&nbsp;&nbsp;&nbsp; <br>Buchrezension: <a href=\"https:\/\/pagewizz.com\/wildlife-gardening-buchbesprechung-38738\/\">wildlife-gardening-buchbesprechung<\/a><\/p>\n\n\n\n<p>Gartentipps zum Weiterlesen:<\/p>\n\n\n\n<ul class=\"wp-block-list\">\n<li><a href=\"https:\/\/pagewizz.com\/ein-gartenparadies-fur-bienen-und-hummeln-37669\/\">Ein Gartenparadies f\u00fcr Bienen und Hummeln<\/a><\/li>\n\n\n\n<li><a href=\"https:\/\/pagewizz.com\/so-pflanzen-sie-einen-schmetterlingsgarten-32872\/\">Ein Garten f\u00fcr Schmetterlinge<\/a><\/li>\n<\/ul>\n\n\n\n<p class=\"has-text-align-center\"><strong>&nbsp;<\/strong><\/p>\n","protected":false},"excerpt":{"rendered":"<p>Das Insektensterben ist in aller Munde, Grund genug, im eigenen Garten mal Ausschau nach den anwesenden Besuchern und Besucherinnen zu halten.<\/p>\n","protected":false},"author":2,"featured_media":1163,"comment_status":"closed","ping_status":"open","sticky":true,"template":"","format":"standard","meta":{"footnotes":""},"categories":[1],"types\/post":[16,51,49,17],"post_format":[],"class_list":["post-1119","post","type-post","status-publish","format-standard","has-post-thumbnail","hentry","category-allgemein","tag-garten","tag-insektenfreundlicher-garten","tag-naturgarten","tag-tiere"],"_links":{"self":[{"href":"https:\/\/adele-sansone.com\/wordpress\/wp-json\/wp\/v2\/posts\/1119","targetHints":{"allow":["GET"]}}],"collection":[{"href":"https:\/\/adele-sansone.com\/wordpress\/wp-json\/wp\/v2\/posts"}],"about":[{"href":"https:\/\/adele-sansone.com\/wordpress\/wp-json\/wp\/v2\/types\/post"}],"author":[{"embeddable":true,"href":"https:\/\/adele-sansone.com\/wordpress\/wp-json\/wp\/v2\/users\/2"}],"replies":[{"embeddable":true,"href":"https:\/\/adele-sansone.com\/wordpress\/wp-json\/wp\/v2\/comments?post=1119"}],"version-history":[{"count":16,"href":"https:\/\/adele-sansone.com\/wordpress\/wp-json\/wp\/v2\/posts\/1119\/revisions"}],"predecessor-version":[{"id":3933,"href":"https:\/\/adele-sansone.com\/wordpress\/wp-json\/wp\/v2\/posts\/1119\/revisions\/3933"}],"wp:featuredmedia":[{"embeddable":true,"href":"https:\/\/adele-sansone.com\/wordpress\/wp-json\/wp\/v2\/media\/1163"}],"wp:attachment":[{"href":"https:\/\/adele-sansone.com\/wordpress\/wp-json\/wp\/v2\/media?parent=1119"}],"wp:term":[{"taxonomy":"category","embeddable":true,"href":"https:\/\/adele-sansone.com\/wordpress\/wp-json\/wp\/v2\/categories?post=1119"},{"taxonomy":"post_tag","embeddable":true,"href":"https:\/\/adele-sansone.com\/wordpress\/wp-json\/wp\/v2\/types\/post?post=1119"},{"taxonomy":"post_format","embeddable":true,"href":"https:\/\/adele-sansone.com\/wordpress\/wp-json\/wp\/v2\/post_format?post=1119"}],"curies":[{"name":"wp","href":"https:\/\/api.w.org\/{rel}","templated":true}]}}