{"id":1284,"date":"2020-01-08T09:58:27","date_gmt":"2020-01-08T08:58:27","guid":{"rendered":"https:\/\/adele-sansone.com\/wordpress\/?p=1284"},"modified":"2020-07-27T19:45:48","modified_gmt":"2020-07-27T17:45:48","slug":"natur-des-jahres-jahreswesen-2020","status":"publish","type":"post","link":"https:\/\/adele-sansone.com\/wordpress\/2020\/01\/08\/natur-des-jahres-jahreswesen-2020\/","title":{"rendered":"Natur des Jahres &#8211; Jahreswesen 2020"},"content":{"rendered":"<p>Das Jahr 2020 hat uns erreicht und sch\u00f6n langsam trudeln alle gek\u00fcrten &#8222;<strong>Jahreswesen<\/strong>&#8220; ein. In diesem Beitrag stelle ich euch, liebe Leserinnen und Leser, die weiterf\u00fchrenden Links zu den verschiedenen Jahreswesen ein.<\/p>\n<p><em>Recherche kostet Zeit und Bildsuche in meinem Fotoarchiv ebenfalls, also geht es immer schrittweise weiter.<\/em><\/p>\n<p>Das erste Jahreswesen 2020 kenne ich recht gut, weil es bei uns (in den Tiroler Bergen) noch \u00f6fter anzutreffen ist.<\/p>\n<p>Darf ich vorstellen:<\/p>\n<ul>\n<li>\n<h5><a href=\"https:\/\/pagewizz.com\/breitblattriges-knabenkraut-orchidee-des-jahres-2020-38907\/\"><strong>Das Breitbl\u00e4ttrige Knabenkraut<\/strong><\/a><\/h5>\n<\/li>\n<\/ul>\n<figure id=\"attachment_1285\" aria-describedby=\"caption-attachment-1285\" style=\"width: 169px\" class=\"wp-caption aligncenter\"><img loading=\"lazy\" decoding=\"async\" class=\"size-medium wp-image-1285\" src=\"https:\/\/adele-sansone.com\/wordpress\/wp-content\/uploads\/2020\/01\/DSC00071-Dactylorhiza-majalis-169x300.jpg\" alt=\"\" width=\"169\" height=\"300\" srcset=\"https:\/\/adele-sansone.com\/wordpress\/wp-content\/uploads\/2020\/01\/DSC00071-Dactylorhiza-majalis-169x300.jpg 169w, https:\/\/adele-sansone.com\/wordpress\/wp-content\/uploads\/2020\/01\/DSC00071-Dactylorhiza-majalis-576x1024.jpg 576w, https:\/\/adele-sansone.com\/wordpress\/wp-content\/uploads\/2020\/01\/DSC00071-Dactylorhiza-majalis-768x1365.jpg 768w, https:\/\/adele-sansone.com\/wordpress\/wp-content\/uploads\/2020\/01\/DSC00071-Dactylorhiza-majalis-864x1536.jpg 864w, https:\/\/adele-sansone.com\/wordpress\/wp-content\/uploads\/2020\/01\/DSC00071-Dactylorhiza-majalis-1152x2048.jpg 1152w, https:\/\/adele-sansone.com\/wordpress\/wp-content\/uploads\/2020\/01\/DSC00071-Dactylorhiza-majalis-84x150.jpg 84w, https:\/\/adele-sansone.com\/wordpress\/wp-content\/uploads\/2020\/01\/DSC00071-Dactylorhiza-majalis-scaled.jpg 1440w\" sizes=\"auto, (max-width: 169px) 100vw, 169px\" \/><figcaption id=\"caption-attachment-1285\" class=\"wp-caption-text\">Breitbl\u00e4ttriges Knabenkraut<\/figcaption><\/figure>\n<p>Einmal keine Pflanze, kein Tier, sondern ein ganz besonderer Boden<\/p>\n<figure id=\"attachment_1250\" aria-describedby=\"caption-attachment-1250\" style=\"width: 300px\" class=\"wp-caption alignright\"><img loading=\"lazy\" decoding=\"async\" class=\"size-medium wp-image-1250\" src=\"https:\/\/adele-sansone.com\/wordpress\/wp-content\/uploads\/2019\/12\/Mittwoch-146-von-139-300x200.jpg\" alt=\"\" width=\"300\" height=\"200\" srcset=\"https:\/\/adele-sansone.com\/wordpress\/wp-content\/uploads\/2019\/12\/Mittwoch-146-von-139-300x200.jpg 300w, https:\/\/adele-sansone.com\/wordpress\/wp-content\/uploads\/2019\/12\/Mittwoch-146-von-139-1024x683.jpg 1024w, https:\/\/adele-sansone.com\/wordpress\/wp-content\/uploads\/2019\/12\/Mittwoch-146-von-139-768x512.jpg 768w, https:\/\/adele-sansone.com\/wordpress\/wp-content\/uploads\/2019\/12\/Mittwoch-146-von-139-1536x1024.jpg 1536w, https:\/\/adele-sansone.com\/wordpress\/wp-content\/uploads\/2019\/12\/Mittwoch-146-von-139-150x100.jpg 150w, https:\/\/adele-sansone.com\/wordpress\/wp-content\/uploads\/2019\/12\/Mittwoch-146-von-139.jpg 1920w\" sizes=\"auto, (max-width: 300px) 100vw, 300px\" \/><figcaption id=\"caption-attachment-1250\" class=\"wp-caption-text\">Wattboden mit Auster<\/figcaption><\/figure>\n<ul>\n<li>\n<h5><a href=\"https:\/\/adele-sansone.com\/wordpress\/2019\/12\/10\/boden-des-jahres-2020-wattboden\/#.XhWaG_wxlPY\"><strong>Der Wattboden&nbsp; &#8211; Boden des Jahres 2020<\/strong> <\/a><\/h5>\n<\/li>\n<\/ul>\n<p><\/p>\n<p><\/p>\n<p>Tierisch heiter geht es weiter<\/p>\n<ul>\n<li>\n<h5><a href=\"https:\/\/pagewizz.com\/weinbergschnecke-weichtier-des-jahres-38922\/\"><strong>Weinbergschnecke &#8211; Weichtier 2020\/21<\/strong><\/a><strong>&nbsp;<img loading=\"lazy\" decoding=\"async\" class=\"size-medium wp-image-1316 alignleft\" src=\"https:\/\/adele-sansone.com\/wordpress\/wp-content\/uploads\/2020\/01\/Wachau-165-Weinbergschnecke-300x178.jpg\" alt=\"\" width=\"300\" height=\"178\" srcset=\"https:\/\/adele-sansone.com\/wordpress\/wp-content\/uploads\/2020\/01\/Wachau-165-Weinbergschnecke-300x178.jpg 300w, https:\/\/adele-sansone.com\/wordpress\/wp-content\/uploads\/2020\/01\/Wachau-165-Weinbergschnecke-150x89.jpg 150w, https:\/\/adele-sansone.com\/wordpress\/wp-content\/uploads\/2020\/01\/Wachau-165-Weinbergschnecke.jpg 740w\" sizes=\"auto, (max-width: 300px) 100vw, 300px\" \/><br><\/strong><\/h5>\n<\/li>\n<\/ul>\n<p><\/p>\n<figure id=\"attachment_1335\" aria-describedby=\"caption-attachment-1335\" style=\"width: 169px\" class=\"wp-caption alignright\"><img loading=\"lazy\" decoding=\"async\" class=\"size-medium wp-image-1335\" src=\"https:\/\/adele-sansone.com\/wordpress\/wp-content\/uploads\/2020\/01\/DSC00418-169x300.jpg\" alt=\"\" width=\"169\" height=\"300\" srcset=\"https:\/\/adele-sansone.com\/wordpress\/wp-content\/uploads\/2020\/01\/DSC00418-169x300.jpg 169w, https:\/\/adele-sansone.com\/wordpress\/wp-content\/uploads\/2020\/01\/DSC00418-576x1024.jpg 576w, https:\/\/adele-sansone.com\/wordpress\/wp-content\/uploads\/2020\/01\/DSC00418-768x1365.jpg 768w, https:\/\/adele-sansone.com\/wordpress\/wp-content\/uploads\/2020\/01\/DSC00418-864x1536.jpg 864w, https:\/\/adele-sansone.com\/wordpress\/wp-content\/uploads\/2020\/01\/DSC00418-1152x2048.jpg 1152w, https:\/\/adele-sansone.com\/wordpress\/wp-content\/uploads\/2020\/01\/DSC00418-84x150.jpg 84w, https:\/\/adele-sansone.com\/wordpress\/wp-content\/uploads\/2020\/01\/DSC00418-scaled.jpg 1440w\" sizes=\"auto, (max-width: 169px) 100vw, 169px\" \/><figcaption id=\"caption-attachment-1335\" class=\"wp-caption-text\">Gurkenbl\u00fcte<\/figcaption><\/figure>\n<p>Als Gem\u00fcse der Regent \u00fcber 2 Jahre, also 2019\/2020 ist die<\/p>\n<ul>\n<li>\n<h5><a href=\"https:\/\/pagewizz.com\/die-gurke-gemuse-des-jahres-201920-38436\/\"><strong>Gurke, Gem\u00fcse 2019\/2020 <\/strong><\/a><\/h5>\n<\/li>\n<\/ul>\n<p><\/p>\n<p><\/p>\n<p>Eine Heilpflanze f\u00fcr das Jahr 2020 gibt es nat\u00fcrlich auch. Schade, dass es nicht gegen das #Corona-Virus wirksam ist. Seufz. Das w\u00e4re ja auch zu sch\u00f6n gewesen.<\/p>\n<ul>\n<li>\n<h5><a href=\"https:\/\/pagewizz.com\/wegwarte-heilpflanze-des-jahres-39006\/\"><strong>Wegwarte &#8211; Heilpflanze 2020<\/strong><\/a><\/h5>\n<figure id=\"attachment_1512\" aria-describedby=\"caption-attachment-1512\" style=\"width: 169px\" class=\"wp-caption aligncenter\"><img loading=\"lazy\" decoding=\"async\" class=\"size-medium wp-image-1512\" src=\"https:\/\/adele-sansone.com\/wordpress\/wp-content\/uploads\/2020\/01\/Cichorium-intybus-1302-169x300.jpg\" alt=\"\" width=\"169\" height=\"300\" srcset=\"https:\/\/adele-sansone.com\/wordpress\/wp-content\/uploads\/2020\/01\/Cichorium-intybus-1302-169x300.jpg 169w, https:\/\/adele-sansone.com\/wordpress\/wp-content\/uploads\/2020\/01\/Cichorium-intybus-1302-576x1024.jpg 576w, https:\/\/adele-sansone.com\/wordpress\/wp-content\/uploads\/2020\/01\/Cichorium-intybus-1302-768x1365.jpg 768w, https:\/\/adele-sansone.com\/wordpress\/wp-content\/uploads\/2020\/01\/Cichorium-intybus-1302-864x1536.jpg 864w, https:\/\/adele-sansone.com\/wordpress\/wp-content\/uploads\/2020\/01\/Cichorium-intybus-1302-84x150.jpg 84w, https:\/\/adele-sansone.com\/wordpress\/wp-content\/uploads\/2020\/01\/Cichorium-intybus-1302.jpg 1080w\" sizes=\"auto, (max-width: 169px) 100vw, 169px\" \/><figcaption id=\"caption-attachment-1512\" class=\"wp-caption-text\"><a href=\"https:\/\/pagewizz.com\/wegwarte-heilpflanze-des-jahres-39006\/\">Wegwarte<\/a><\/figcaption><\/figure><\/li>\n<li>und wieder etwas Tierisches &#8211; den Schmetterling des Jahres<\/li>\n<\/ul>\n<p><strong><a href=\"https:\/\/adele-sansone.com\/wordpress\/2020\/07\/03\/gruener-zipfelfalter\/\">Gr\u00fcner Zipfelfalter\/Brombeerzipfelfalter<\/a><\/strong><\/p>\n\n\n<div class=\"wp-block-image\"><figure class=\"alignright size-large is-resized\"><img loading=\"lazy\" decoding=\"async\" src=\"https:\/\/adele-sansone.com\/wordpress\/wp-content\/uploads\/2020\/07\/Marco-Pusch-94887765_673599299880692_4656134441700163584_n.jpg\" alt=\"\" class=\"wp-image-1689\" width=\"183\" height=\"121\" srcset=\"https:\/\/adele-sansone.com\/wordpress\/wp-content\/uploads\/2020\/07\/Marco-Pusch-94887765_673599299880692_4656134441700163584_n.jpg 750w, https:\/\/adele-sansone.com\/wordpress\/wp-content\/uploads\/2020\/07\/Marco-Pusch-94887765_673599299880692_4656134441700163584_n-300x200.jpg 300w, https:\/\/adele-sansone.com\/wordpress\/wp-content\/uploads\/2020\/07\/Marco-Pusch-94887765_673599299880692_4656134441700163584_n-150x100.jpg 150w\" sizes=\"auto, (max-width: 183px) 100vw, 183px\" \/><figcaption>Brombeerzipfelfalter<\/figcaption><\/figure><\/div>\n\n\n\n<p>Zur Erinnerung: <a href=\"https:\/\/adele-sansone.com\/wordpress\/2019\/07\/15\/natur-des-jahres-2019\/#.XhWZkvwxlPY\">Natur des Jahres 2019<\/a><\/p>\n","protected":false},"excerpt":{"rendered":"<p>Das Jahr 2020 hat uns erreicht und sch\u00f6n langsam trudeln alle gek\u00fcrten &#8222;Jahreswesen&#8220; ein. In diesem Beitrag stelle ich euch, liebe Leserinnen und Leser, die weiterf\u00fchrenden Links zu den verschiedenen Jahreswesen ein. Recherche kostet Zeit und Bildsuche in meinem Fotoarchiv ebenfalls, also geht es immer schrittweise weiter. Das erste Jahreswesen &hellip;<\/p>\n","protected":false},"author":2,"featured_media":1285,"comment_status":"closed","ping_status":"open","sticky":false,"template":"","format":"standard","meta":{"footnotes":""},"categories":[1],"types\/post":[40,158,15,161,17],"post_format":[],"class_list":{"0":"post-1284","1":"post","2":"type-post","3":"status-publish","4":"format-standard","5":"has-post-thumbnail","6":"hentry","7":"category-allgemein","8":"tag-natur-des-jahres","9":"tag-pflanzen","11":"tag-tiere"},"_links":{"self":[{"href":"https:\/\/adele-sansone.com\/wordpress\/wp-json\/wp\/v2\/posts\/1284","targetHints":{"allow":["GET"]}}],"collection":[{"href":"https:\/\/adele-sansone.com\/wordpress\/wp-json\/wp\/v2\/posts"}],"about":[{"href":"https:\/\/adele-sansone.com\/wordpress\/wp-json\/wp\/v2\/types\/post"}],"author":[{"embeddable":true,"href":"https:\/\/adele-sansone.com\/wordpress\/wp-json\/wp\/v2\/users\/2"}],"replies":[{"embeddable":true,"href":"https:\/\/adele-sansone.com\/wordpress\/wp-json\/wp\/v2\/comments?post=1284"}],"version-history":[{"count":15,"href":"https:\/\/adele-sansone.com\/wordpress\/wp-json\/wp\/v2\/posts\/1284\/revisions"}],"predecessor-version":[{"id":1697,"href":"https:\/\/adele-sansone.com\/wordpress\/wp-json\/wp\/v2\/posts\/1284\/revisions\/1697"}],"wp:featuredmedia":[{"embeddable":true,"href":"https:\/\/adele-sansone.com\/wordpress\/wp-json\/wp\/v2\/media\/1285"}],"wp:attachment":[{"href":"https:\/\/adele-sansone.com\/wordpress\/wp-json\/wp\/v2\/media?parent=1284"}],"wp:term":[{"taxonomy":"category","embeddable":true,"href":"https:\/\/adele-sansone.com\/wordpress\/wp-json\/wp\/v2\/categories?post=1284"},{"taxonomy":"post_tag","embeddable":true,"href":"https:\/\/adele-sansone.com\/wordpress\/wp-json\/wp\/v2\/types\/post?post=1284"},{"taxonomy":"post_format","embeddable":true,"href":"https:\/\/adele-sansone.com\/wordpress\/wp-json\/wp\/v2\/post_format?post=1284"}],"curies":[{"name":"wp","href":"https:\/\/api.w.org\/{rel}","templated":true}]}}