{"id":1565,"date":"2020-04-14T09:46:27","date_gmt":"2020-04-14T07:46:27","guid":{"rendered":"https:\/\/adele-sansone.com\/wordpress\/?p=1565"},"modified":"2026-05-01T16:30:01","modified_gmt":"2026-05-01T14:30:01","slug":"trauer-rosenkaefer-2","status":"publish","type":"post","link":"https:\/\/adele-sansone.com\/wordpress\/2020\/04\/14\/trauer-rosenkaefer-2\/","title":{"rendered":"Trauer-Rosenk\u00e4fer, die Zweite"},"content":{"rendered":"\n<p>Ein K\u00e4fer, der Trauer tr\u00e4gt, eigentlich ein h\u00fcbscher Gedanke. Ein solcher K\u00e4fer ist <em>Oxythyrea funesta, <\/em>der <strong>Trauer-Rosenk\u00e4fer<\/strong><em><strong>.<\/strong><\/em><\/p>\n\n\n<div class=\"wp-block-image is-style-default\">\n<figure class=\"aligncenter size-thumbnail\"><img loading=\"lazy\" decoding=\"async\" width=\"150\" height=\"150\" src=\"https:\/\/adele-sansone.com\/wordpress\/wp-content\/uploads\/2020\/04\/DSC00843-Trauer-Rosenk\u00e4fer-150x150.jpg\" alt=\"\" class=\"wp-image-1571\"\/><figcaption class=\"wp-element-caption\"><strong>Trauerrosenk\u00e4fer<\/strong><\/figcaption><\/figure>\n<\/div>\n\n\n<!--more-->\n\n\n\n<p><\/p>\n\n\n\n<p>Er geh\u00f6rt, wie sein bekannterer Verwandter, <a href=\"https:\/\/pagewizz.com\/der-rosenkafer-stellt-sich-vor-37102\/\">der Rosenk\u00e4fer\/Gold-Rosenk\u00e4fer,<\/a>&nbsp; zur Familie der Blatthornk\u00e4fer, Unterfamilie Rosenk\u00e4fer (Cetoniinae). Da er urspr\u00fcnglich aus Nordafrika und den Mittelmeergebieten stammt, ist er w\u00e4rmeliebend.<\/p>\n\n\n\n<p>Er ist ein guter Flieger und als Bl\u00fctenbesucher am leichtesten auf Korb- und Doldenbl\u00fcten, aber wie ich festgestellt habe, auch gern auf den sp\u00e4ten Tulpen und Schwertlilien zu entdecken.<\/p>\n\n\n\n<figure class=\"wp-block-image size-large is-resized is-style-default\"><img loading=\"lazy\" decoding=\"async\" src=\"https:\/\/adele-sansone.com\/wordpress\/wp-content\/uploads\/2020\/04\/DSC00843-Trauer-Rosenk\u00e4fer-1024x685.jpg\" alt=\"\" class=\"wp-image-1571\" width=\"768\" height=\"514\" srcset=\"https:\/\/adele-sansone.com\/wordpress\/wp-content\/uploads\/2020\/04\/DSC00843-Trauer-Rosenk\u00e4fer-1024x685.jpg 1024w, https:\/\/adele-sansone.com\/wordpress\/wp-content\/uploads\/2020\/04\/DSC00843-Trauer-Rosenk\u00e4fer-300x201.jpg 300w, https:\/\/adele-sansone.com\/wordpress\/wp-content\/uploads\/2020\/04\/DSC00843-Trauer-Rosenk\u00e4fer-768x514.jpg 768w, https:\/\/adele-sansone.com\/wordpress\/wp-content\/uploads\/2020\/04\/DSC00843-Trauer-Rosenk\u00e4fer-1536x1028.jpg 1536w, https:\/\/adele-sansone.com\/wordpress\/wp-content\/uploads\/2020\/04\/DSC00843-Trauer-Rosenk\u00e4fer-2048x1370.jpg 2048w, https:\/\/adele-sansone.com\/wordpress\/wp-content\/uploads\/2020\/04\/DSC00843-Trauer-Rosenk\u00e4fer-150x100.jpg 150w\" sizes=\"auto, (max-width: 768px) 100vw, 768px\" \/><\/figure>\n\n\n\n<p><\/p>\n\n\n\n<h5 class=\"wp-block-heading\">Kleines Portr\u00e4t<\/h5>\n\n\n\n<ul class=\"wp-block-list\">\n<li>Blatthornk\u00e4fer:&nbsp; deutet auf die je nach Art 3 bis 7 seitlich blattartig verbreiterten letzten Glieder der F\u00fchler hin.<\/li>\n\n\n\n<li>Er ist gl\u00e4nzend schwarz, hat viele kleine wei\u00dfe Flecken auf den Deckfl\u00fcgeln, der Unterseite des K\u00f6rpers und dem Halsschild.<\/li>\n\n\n\n<li>Auch eine struppige feine wei\u00dfe Behaarung kennzeichnet den jungen K\u00e4fer. Die verliert sich im Lauf seines Lebenszyklus als K\u00e4fer (Imago).<\/li>\n\n\n\n<li>Die Gr\u00f6\u00dfe bewegt sich zwischen 8 bis 12 mm.<\/li>\n\n\n\n<li>Flugzeit ist meist von Mai\/Juni bis in den September hinein. Sie ern\u00e4hren sich in dieser Zeit von Pollen. Das Weibchen legt die befruchteten Eier einzeln in den Boden, die Larven (engerlingsartig) werden bis zu 25 mm gro\u00df. Sie ern\u00e4hren sich von Pflanzenwurzeln, sind aber keineswegs als Sch\u00e4dlinge einzustufen. Sobald sie ihre Entwicklungszeit vollendet haben, schl\u00fcpfen sie meist noch vor dem Herbst als adulte K\u00e4fer und \u00fcberwintern meist noch im Boden.<\/li>\n\n\n\n<li>Anscheinend sind sie sehr gesellig, denn ich habe sie meist paarweise oder zu mehreren, am fr\u00fchen Morgen verschlafen in Bl\u00fcten angetroffen. Ein gutes Foto, besonders beim <strong>Gruppenkuscheln<\/strong>,&nbsp; sind sie immer wert.<\/li>\n\n\n\n<li><\/li>\n<\/ul>\n\n\n\n<div class=\"mceTemp\">&nbsp;<\/div>\n\n\n\n<ul class=\"wp-block-list\">\n<li>&nbsp;<\/li>\n<\/ul>\n\n\n\n<figure class=\"wp-block-image size-large is-resized is-style-default\"><img loading=\"lazy\" decoding=\"async\" src=\"https:\/\/adele-sansone.com\/wordpress\/wp-content\/uploads\/2019\/11\/DSC00766-Trauerrosenk\u00e4fer-1024x576.jpg\" alt=\"\" class=\"wp-image-1137\" width=\"512\" height=\"288\" srcset=\"https:\/\/adele-sansone.com\/wordpress\/wp-content\/uploads\/2019\/11\/DSC00766-Trauerrosenk\u00e4fer-1024x576.jpg 1024w, https:\/\/adele-sansone.com\/wordpress\/wp-content\/uploads\/2019\/11\/DSC00766-Trauerrosenk\u00e4fer-300x169.jpg 300w, https:\/\/adele-sansone.com\/wordpress\/wp-content\/uploads\/2019\/11\/DSC00766-Trauerrosenk\u00e4fer-768x432.jpg 768w, https:\/\/adele-sansone.com\/wordpress\/wp-content\/uploads\/2019\/11\/DSC00766-Trauerrosenk\u00e4fer-150x84.jpg 150w\" sizes=\"auto, (max-width: 512px) 100vw, 512px\" \/><\/figure>\n\n\n\n<figure class=\"wp-block-image is-resized is-style-default\"><img loading=\"lazy\" decoding=\"async\" src=\"https:\/\/adele-sansone.com\/wordpress\/wp-content\/uploads\/2020\/04\/DSC00822-Trauer-Rosenk\u00e4fer-300x280.jpg\" alt=\"\" class=\"wp-image-1568\" width=\"225\" height=\"210\" srcset=\"https:\/\/adele-sansone.com\/wordpress\/wp-content\/uploads\/2020\/04\/DSC00822-Trauer-Rosenk\u00e4fer-300x280.jpg 300w, https:\/\/adele-sansone.com\/wordpress\/wp-content\/uploads\/2020\/04\/DSC00822-Trauer-Rosenk\u00e4fer-1024x955.jpg 1024w, https:\/\/adele-sansone.com\/wordpress\/wp-content\/uploads\/2020\/04\/DSC00822-Trauer-Rosenk\u00e4fer-768x716.jpg 768w, https:\/\/adele-sansone.com\/wordpress\/wp-content\/uploads\/2020\/04\/DSC00822-Trauer-Rosenk\u00e4fer-1536x1432.jpg 1536w, https:\/\/adele-sansone.com\/wordpress\/wp-content\/uploads\/2020\/04\/DSC00822-Trauer-Rosenk\u00e4fer-150x140.jpg 150w, https:\/\/adele-sansone.com\/wordpress\/wp-content\/uploads\/2020\/04\/DSC00822-Trauer-Rosenk\u00e4fer.jpg 1929w\" sizes=\"auto, (max-width: 225px) 100vw, 225px\" \/><\/figure>\n\n\n\n<p class=\"has-text-align-center\"><strong>Oxythyrea funesta &#8211; Trauer-Rosenk\u00e4fer<\/strong><\/p>\n\n\n\n<p>zum Weiterlesen<\/p>\n\n\n\n<ul class=\"wp-block-list\">\n<li><a href=\"https:\/\/pagewizz.com\/der-rosenkafer-stellt-sich-vor-37102\/\">Portr\u00e4t vom Rosenk\u00e4fer<\/a><\/li>\n\n\n\n<li><a href=\"https:\/\/pagewizz.com\/ein-gartenparadies-fur-bienen-und-hummeln-37669\/\">Gartenparadies f\u00fcr Bienen und Hummeln<\/a><\/li>\n\n\n\n<li><a href=\"https:\/\/pagewizz.com\/so-pflanzen-sie-einen-schmetterlingsgarten-32872\/\">So pflanzen Sie einen Schmetterlingsgarten<\/a><\/li>\n<\/ul>\n","protected":false},"excerpt":{"rendered":"<p>Ein K\u00e4fer, der Trauer tr\u00e4gt, eigentlich ein h\u00fcbscher Gedanke. Ein solcher K\u00e4fer ist Oxythyrea funesta, der Trauer-Rosenk\u00e4fer.<\/p>\n","protected":false},"author":2,"featured_media":1566,"comment_status":"closed","ping_status":"open","sticky":true,"template":"","format":"standard","meta":{"footnotes":""},"categories":[1],"types\/post":[146,49,17],"post_format":[],"class_list":["post-1565","post","type-post","status-publish","format-standard","has-post-thumbnail","hentry","category-allgemein","tag-kaefer","tag-naturgarten","tag-tiere"],"_links":{"self":[{"href":"https:\/\/adele-sansone.com\/wordpress\/wp-json\/wp\/v2\/posts\/1565","targetHints":{"allow":["GET"]}}],"collection":[{"href":"https:\/\/adele-sansone.com\/wordpress\/wp-json\/wp\/v2\/posts"}],"about":[{"href":"https:\/\/adele-sansone.com\/wordpress\/wp-json\/wp\/v2\/types\/post"}],"author":[{"embeddable":true,"href":"https:\/\/adele-sansone.com\/wordpress\/wp-json\/wp\/v2\/users\/2"}],"replies":[{"embeddable":true,"href":"https:\/\/adele-sansone.com\/wordpress\/wp-json\/wp\/v2\/comments?post=1565"}],"version-history":[{"count":12,"href":"https:\/\/adele-sansone.com\/wordpress\/wp-json\/wp\/v2\/posts\/1565\/revisions"}],"predecessor-version":[{"id":3928,"href":"https:\/\/adele-sansone.com\/wordpress\/wp-json\/wp\/v2\/posts\/1565\/revisions\/3928"}],"wp:featuredmedia":[{"embeddable":true,"href":"https:\/\/adele-sansone.com\/wordpress\/wp-json\/wp\/v2\/media\/1566"}],"wp:attachment":[{"href":"https:\/\/adele-sansone.com\/wordpress\/wp-json\/wp\/v2\/media?parent=1565"}],"wp:term":[{"taxonomy":"category","embeddable":true,"href":"https:\/\/adele-sansone.com\/wordpress\/wp-json\/wp\/v2\/categories?post=1565"},{"taxonomy":"post_tag","embeddable":true,"href":"https:\/\/adele-sansone.com\/wordpress\/wp-json\/wp\/v2\/types\/post?post=1565"},{"taxonomy":"post_format","embeddable":true,"href":"https:\/\/adele-sansone.com\/wordpress\/wp-json\/wp\/v2\/post_format?post=1565"}],"curies":[{"name":"wp","href":"https:\/\/api.w.org\/{rel}","templated":true}]}}