{"id":1688,"date":"2020-07-03T14:48:18","date_gmt":"2020-07-03T12:48:18","guid":{"rendered":"https:\/\/adele-sansone.com\/wordpress\/?p=1688"},"modified":"2026-05-01T16:33:38","modified_gmt":"2026-05-01T14:33:38","slug":"gruener-zipfelfalter","status":"publish","type":"post","link":"https:\/\/adele-sansone.com\/wordpress\/2020\/07\/03\/gruener-zipfelfalter\/","title":{"rendered":"Gr\u00fcner Zipfelfalter"},"content":{"rendered":"\n<p>Ich m\u00f6chte euch den Schmetterling des Jahres 2020 vorstellen. <\/p>\n\n\n\n<p>Der <strong>Gr\u00fcne Zipfelfalter<\/strong> (<em>Callophrys rubi<\/em>), oder auch <strong>Brombeer-Zipfelfalter<\/strong>.<\/p>\n\n\n\n<div class=\"wp-block-image\"><figure class=\"aligncenter size-large is-resized\"><a href=\"https:\/\/adele-sansone.com\/wordpress\/2020\/07\/03\/gruener-zipfelfalter\/\"><img loading=\"lazy\" decoding=\"async\" src=\"https:\/\/adele-sansone.com\/wordpress\/wp-content\/uploads\/2020\/07\/Marco-Pusch-94887765_673599299880692_4656134441700163584_n.jpg\" alt=\"\" class=\"wp-image-1689\" width=\"257\" height=\"170\" srcset=\"https:\/\/adele-sansone.com\/wordpress\/wp-content\/uploads\/2020\/07\/Marco-Pusch-94887765_673599299880692_4656134441700163584_n.jpg 750w, https:\/\/adele-sansone.com\/wordpress\/wp-content\/uploads\/2020\/07\/Marco-Pusch-94887765_673599299880692_4656134441700163584_n-300x200.jpg 300w, https:\/\/adele-sansone.com\/wordpress\/wp-content\/uploads\/2020\/07\/Marco-Pusch-94887765_673599299880692_4656134441700163584_n-150x100.jpg 150w\" sizes=\"auto, (max-width: 257px) 100vw, 257px\" \/><\/a><figcaption><strong>Gr\u00fcner Zipfelfalter\/Foto Marco Pusch<\/strong><\/figcaption><\/figure><\/div>\n\n\n\n<p> genannt geh\u00f6rt zu den Bl\u00e4ulingen, obwohl die Fl\u00fcgelunterseite gr\u00fcn ist und eher unscheinbar.  Er ist ein Fr\u00fchlingsfalter. Die Raupen lieben Schmetterlingsbl\u00fctler, aber auch Kreuzdorn, Sonnenr\u00f6schen oder Heidekraut. Die Verpuppung erfolgt am Boden, wo sie auch \u00fcberwintert. <\/p>\n\n\n\n<p>Der Zipfelfalter lebt auf strukturreichen, offenen und halboffenen Standorten wie lichten W\u00e4ldern, Geb\u00fcschen, Wiesen und Heiden. Die Fl\u00fcgelspannweite der Falter betr\u00e4gt ca. 25 Millimeter. <\/p>\n\n\n\n<p>Die namensgebenden Zipfel an den Hinterfl\u00fcgeln sollen Fressfeinde t\u00e4uschen. Meist sitzen die Falter kopf\u00fcber in Str\u00e4uchern (hier gerne in Brombeergeb\u00fcsch) und strecken die Zipfel nach oben. Schwer zu entdecken. Hat sie ein Vogel ersp\u00e4ht und packt nach den Zipfeln, im Glauben , das seien die F\u00fchler, so hat er im besten Fall f\u00fcr den Falter nur ein St\u00fcck seines Hinterfl\u00fcgels erwischt und der Falter kann sich, etwas ramponiert zwar, retten.<\/p>\n\n\n\n<div class=\"wp-block-image\"><figure class=\"aligncenter size-large is-resized\"><img loading=\"lazy\" decoding=\"async\" src=\"https:\/\/adele-sansone.com\/wordpress\/wp-content\/uploads\/2020\/07\/Marco-Pusch-95223484_3242172215815053_5217706608267624448_n.jpg\" alt=\"\" class=\"wp-image-1690\" width=\"403\" height=\"268\" srcset=\"https:\/\/adele-sansone.com\/wordpress\/wp-content\/uploads\/2020\/07\/Marco-Pusch-95223484_3242172215815053_5217706608267624448_n.jpg 750w, https:\/\/adele-sansone.com\/wordpress\/wp-content\/uploads\/2020\/07\/Marco-Pusch-95223484_3242172215815053_5217706608267624448_n-300x200.jpg 300w, https:\/\/adele-sansone.com\/wordpress\/wp-content\/uploads\/2020\/07\/Marco-Pusch-95223484_3242172215815053_5217706608267624448_n-150x100.jpg 150w\" sizes=\"auto, (max-width: 403px) 100vw, 403px\" \/><figcaption>Brombeer-Zipfelfalter (Marco Pusch)<\/figcaption><\/figure><\/div>\n\n\n\n<p>Buchtipps dazu:<br><\/p>\n\n\n\n<p><a href=\"https:\/\/pagewizz.com\/wie-schmetterlinge-leben-buchbesprechung-38863\/\">Wie Schmetterlinge leben<\/a><a href=\"https:\/\/pagewizz.com\/schmetterlinge-so-gelingen-faszinierende-fotos-39042\/\"><br>Schmetterlinge fotografieren<\/a><\/p>\n","protected":false},"excerpt":{"rendered":"<p>Ich m\u00f6chte euch den Schmetterling des Jahres 2020 vorstellen. Der Gr\u00fcne Zipfelfalter (Callophrys rubi), oder auch Brombeer-Zipfelfalter. genannt geh\u00f6rt zu den Bl\u00e4ulingen, obwohl die Fl\u00fcgelunterseite gr\u00fcn ist und eher unscheinbar. Er ist ein Fr\u00fchlingsfalter. Die Raupen lieben Schmetterlingsbl\u00fctler, aber auch Kreuzdorn, Sonnenr\u00f6schen oder Heidekraut. Die Verpuppung erfolgt am Boden, wo &hellip;<\/p>\n","protected":false},"author":2,"featured_media":1689,"comment_status":"closed","ping_status":"open","sticky":true,"template":"","format":"standard","meta":{"footnotes":""},"categories":[1],"types\/post":[40,44,17],"post_format":[],"class_list":["post-1688","post","type-post","status-publish","format-standard","has-post-thumbnail","hentry","category-allgemein","tag-natur-des-jahres","tag-schmetterlinge","tag-tiere"],"_links":{"self":[{"href":"https:\/\/adele-sansone.com\/wordpress\/wp-json\/wp\/v2\/posts\/1688","targetHints":{"allow":["GET"]}}],"collection":[{"href":"https:\/\/adele-sansone.com\/wordpress\/wp-json\/wp\/v2\/posts"}],"about":[{"href":"https:\/\/adele-sansone.com\/wordpress\/wp-json\/wp\/v2\/types\/post"}],"author":[{"embeddable":true,"href":"https:\/\/adele-sansone.com\/wordpress\/wp-json\/wp\/v2\/users\/2"}],"replies":[{"embeddable":true,"href":"https:\/\/adele-sansone.com\/wordpress\/wp-json\/wp\/v2\/comments?post=1688"}],"version-history":[{"count":5,"href":"https:\/\/adele-sansone.com\/wordpress\/wp-json\/wp\/v2\/posts\/1688\/revisions"}],"predecessor-version":[{"id":1763,"href":"https:\/\/adele-sansone.com\/wordpress\/wp-json\/wp\/v2\/posts\/1688\/revisions\/1763"}],"wp:featuredmedia":[{"embeddable":true,"href":"https:\/\/adele-sansone.com\/wordpress\/wp-json\/wp\/v2\/media\/1689"}],"wp:attachment":[{"href":"https:\/\/adele-sansone.com\/wordpress\/wp-json\/wp\/v2\/media?parent=1688"}],"wp:term":[{"taxonomy":"category","embeddable":true,"href":"https:\/\/adele-sansone.com\/wordpress\/wp-json\/wp\/v2\/categories?post=1688"},{"taxonomy":"post_tag","embeddable":true,"href":"https:\/\/adele-sansone.com\/wordpress\/wp-json\/wp\/v2\/types\/post?post=1688"},{"taxonomy":"post_format","embeddable":true,"href":"https:\/\/adele-sansone.com\/wordpress\/wp-json\/wp\/v2\/post_format?post=1688"}],"curies":[{"name":"wp","href":"https:\/\/api.w.org\/{rel}","templated":true}]}}