{"id":1815,"date":"2020-07-24T15:26:59","date_gmt":"2020-07-24T13:26:59","guid":{"rendered":"https:\/\/adele-sansone.com\/wordpress\/?p=1815"},"modified":"2020-07-27T19:43:02","modified_gmt":"2020-07-27T17:43:02","slug":"artenschutzprojekte","status":"publish","type":"post","link":"https:\/\/adele-sansone.com\/wordpress\/2020\/07\/24\/artenschutzprojekte\/","title":{"rendered":"Artenschutzprojekte"},"content":{"rendered":"\n<p>Als Artenschutz wird der Schutz, die Pflege und Erhaltung wilder Tier- und Pflanzenarten in ihrer nat\u00fcrlichen und historisch gewachsenen Vielfalt (Artenvielfalt) bezeichnet. Beim Artenschutz geht es um die Erhaltung einer nat\u00fcrlichen Population und seines Lebensraumes (Biotop). <\/p>\n\n\n\n<div class=\"wp-block-image is-style-default\"><figure class=\"aligncenter size-thumbnail\"><img loading=\"lazy\" decoding=\"async\" width=\"150\" height=\"150\" src=\"https:\/\/adele-sansone.com\/wordpress\/wp-content\/uploads\/2020\/07\/DSC08393-150x150.jpg\" alt=\"\" class=\"wp-image-1887\"\/><figcaption><strong>Artenschutz<\/strong><\/figcaption><\/figure><\/div>\n\n\n\n<p>Auf diese Weise wird die zu sch\u00fctzende Art zur Schirmart, &#8222;<em>Umbrella species<\/em>&#8222;, denn durch sie wird eine Vielfalt an Lebewesen und Pflanzen im Lebensraum ebenfalls gesch\u00fctzt und vor Zerst\u00f6rung bewahrt. \u00dcbergreifendes Ziel ist der Schutz der biologischen Vielfalt (Biodiversit\u00e4t). So versucht man dem Artensterben entgegen zu arbeiten. Oder es zumindest zu verlangsamen.<\/p>\n\n\n\n<p><\/p>\n\n\n\n<h2 class=\"wp-block-heading\">Artenschutzprojekte in \u00d6sterreich <\/h2>\n\n\n\n<p>Dies ist ein Teil der in \u00d6sterreich laufenden Artenschutzprojekte, die den Erhalt der gef\u00e4hrdeten Wildtiere zum Inhalt haben.<\/p>\n\n\n\n<ul class=\"wp-block-list\"><li><strong>Luchs<\/strong>: Das Wiederansiedlungsprojekt <a href=\"https:\/\/www.kalkalpen.at\/de\/Natur_Forschung\/Luchse_in_den_OOe_Kalkalpen\">LUKA <\/a>(Luchs Ober\u00f6sterreichische Kalkalpen) im <strong>Nationalpark Kalkalpen<\/strong> soll die Br\u00fccke zum bayrischen\/tschechischen Raum schlie\u00dfen, in denen sich bereits erfolgreich ausgewilderte Luchse angesiedelt haben. Die Vorzeichen stehen jedenfalls nicht schlecht. <a href=\"https:\/\/pagewizz.com\/der-luchs-heimkehrer-in-heimische-walder-36020\/\">Mini-Portr\u00e4t Luchs<\/a>.<\/li><\/ul>\n\n\n\n<div class=\"wp-block-image is-style-default\"><figure class=\"aligncenter size-medium\"><img loading=\"lazy\" decoding=\"async\" width=\"300\" height=\"169\" src=\"https:\/\/adele-sansone.com\/wordpress\/wp-content\/uploads\/2020\/07\/DSC08393-300x169.jpg\" alt=\"\" class=\"wp-image-1887\" srcset=\"https:\/\/adele-sansone.com\/wordpress\/wp-content\/uploads\/2020\/07\/DSC08393-300x169.jpg 300w, https:\/\/adele-sansone.com\/wordpress\/wp-content\/uploads\/2020\/07\/DSC08393-1024x577.jpg 1024w, https:\/\/adele-sansone.com\/wordpress\/wp-content\/uploads\/2020\/07\/DSC08393-768x433.jpg 768w, https:\/\/adele-sansone.com\/wordpress\/wp-content\/uploads\/2020\/07\/DSC08393-1536x866.jpg 1536w, https:\/\/adele-sansone.com\/wordpress\/wp-content\/uploads\/2020\/07\/DSC08393-2048x1154.jpg 2048w, https:\/\/adele-sansone.com\/wordpress\/wp-content\/uploads\/2020\/07\/DSC08393-532x300.jpg 532w\" sizes=\"auto, (max-width: 300px) 100vw, 300px\" \/><figcaption><strong>Luchskatze mit Jungem im Alpenzoo.<\/strong><\/figcaption><\/figure><\/div>\n\n\n\n<p><strong>Fischotter:<\/strong> Der Fischotter wurde erfolgreich in einigen Gebieten, wie den March-Thaya Auen, wieder angesiedelt. Lesetipp: <a href=\"https:\/\/pagewizz.com\/wer-kennt-den-fischotter-der-wassermarder-im-rampenlicht-34897\/\">Buch zur Thematik der Wiederansiedelung des Fischotters.<\/a><\/p>\n\n\n\n<div class=\"wp-block-image is-style-default\"><figure class=\"aligncenter size-large is-resized\"><img loading=\"lazy\" decoding=\"async\" src=\"https:\/\/adele-sansone.com\/wordpress\/wp-content\/uploads\/2020\/07\/16-35-28-704_622-Fischotter.jpg\" alt=\"\" class=\"wp-image-1888\" width=\"219\" height=\"311\" srcset=\"https:\/\/adele-sansone.com\/wordpress\/wp-content\/uploads\/2020\/07\/16-35-28-704_622-Fischotter.jpg 437w, https:\/\/adele-sansone.com\/wordpress\/wp-content\/uploads\/2020\/07\/16-35-28-704_622-Fischotter-211x300.jpg 211w\" sizes=\"auto, (max-width: 219px) 100vw, 219px\" \/><\/figure><\/div>\n\n\n\n<p><strong>Wildkatze<\/strong>: Vereinzelt ist auch diese scheue Waldbewohnerin von selber wieder eingewandert. Die Plattform &#8222;<strong><a href=\"https:\/\/www.wildkatze-in-oesterreich.at\/de\/pages\/wildkatze-in-oesterreich-20.aspx\">Wildkatze<\/a><\/strong>&#8222;, eine Gemeinschaft aus NABU, Alpenzoo und Jagdverband unter der Leitung vom Nationalpark Thayatal bem\u00fcht sich um die vermehrte Wiederansiedlung.<\/p>\n\n\n\n<p><strong>Alpensteinbock<\/strong>: Mit Nachzuchten aus verschiedenen Zoos, wie dem <a href=\"https:\/\/pagewizz.com\/was-ist-so-besonders-am-alpenzoo-innsbruck-32585\/\">Alpenzoo Innsbruck<\/a> ist inzwischen der gesamte Alpenraum wieder besiedelt worden. Derzeit gibt es rund 40.000 Tiere im gesamten Alpenraum. Der Steinbock scheint gerettet.<\/p>\n\n\n\n<div class=\"wp-block-image is-style-default\"><figure class=\"aligncenter size-medium\"><img loading=\"lazy\" decoding=\"async\" width=\"300\" height=\"169\" src=\"https:\/\/adele-sansone.com\/wordpress\/wp-content\/uploads\/2020\/07\/DSC01262-300x169.jpg\" alt=\"\" class=\"wp-image-1889\" srcset=\"https:\/\/adele-sansone.com\/wordpress\/wp-content\/uploads\/2020\/07\/DSC01262-300x169.jpg 300w, https:\/\/adele-sansone.com\/wordpress\/wp-content\/uploads\/2020\/07\/DSC01262-1024x576.jpg 1024w, https:\/\/adele-sansone.com\/wordpress\/wp-content\/uploads\/2020\/07\/DSC01262-768x432.jpg 768w, https:\/\/adele-sansone.com\/wordpress\/wp-content\/uploads\/2020\/07\/DSC01262-1536x864.jpg 1536w, https:\/\/adele-sansone.com\/wordpress\/wp-content\/uploads\/2020\/07\/DSC01262-533x300.jpg 533w, https:\/\/adele-sansone.com\/wordpress\/wp-content\/uploads\/2020\/07\/DSC01262.jpg 1920w\" sizes=\"auto, (max-width: 300px) 100vw, 300px\" \/><figcaption><strong>Steinbock<\/strong><\/figcaption><\/figure><\/div>\n\n\n\n<p><strong>Bartgeier<\/strong>: Vom Nationalpark Hohe Tauern aus wurden seit 1997 Bartgeier zur Aussiedelung gez\u00fcchtet und beim Wiederansiedeln begleitet. Seit 1997 br\u00fcten wieder Bartgeier im gesamten Alpenraum, seit 2001 auch in \u00d6sterreich. Die erste erfolgreiche Brut in \u00d6sterreich erfolgte 2010 im Rauriser Krumltal. Das Jahr 2014 etwa war f\u00fcr den Bartgeier \u00e4u\u00dferst erfolgreich. Aus 24 Gelegen wurden 19 K\u00fcken fl\u00fcgge, ein neuer Rekord des Bruterfolges der freilebenden Bartgeier im Alpenraum. Ein <a href=\"https:\/\/hohetauern.at\/de\/forschung\/greifvogelmonitoring\/bartgeier-online\">Bartgeier-Monitoring<\/a> gibt es im Nationalpark Hohe T<a href=\"https:\/\/hohetauern.at\/de\/forschung\/greifvogelmonitoring\/bartgeier-online\">auern<\/a>.<\/p>\n\n\n\n<div class=\"wp-block-image is-style-default\"><figure class=\"aligncenter size-medium\"><img loading=\"lazy\" decoding=\"async\" width=\"300\" height=\"225\" src=\"https:\/\/adele-sansone.com\/wordpress\/wp-content\/uploads\/2020\/07\/Bartgeier-300x225.jpg\" alt=\"\" class=\"wp-image-1896\" srcset=\"https:\/\/adele-sansone.com\/wordpress\/wp-content\/uploads\/2020\/07\/Bartgeier-300x225.jpg 300w, https:\/\/adele-sansone.com\/wordpress\/wp-content\/uploads\/2020\/07\/Bartgeier-1024x768.jpg 1024w, https:\/\/adele-sansone.com\/wordpress\/wp-content\/uploads\/2020\/07\/Bartgeier-768x576.jpg 768w, https:\/\/adele-sansone.com\/wordpress\/wp-content\/uploads\/2020\/07\/Bartgeier-1536x1152.jpg 1536w, https:\/\/adele-sansone.com\/wordpress\/wp-content\/uploads\/2020\/07\/Bartgeier-2048x1536.jpg 2048w, https:\/\/adele-sansone.com\/wordpress\/wp-content\/uploads\/2020\/07\/Bartgeier-400x300.jpg 400w\" sizes=\"auto, (max-width: 300px) 100vw, 300px\" \/><figcaption><strong>Bartgeier im Alpenzoo<\/strong><\/figcaption><\/figure><\/div>\n\n\n\n<p><strong>Waldrapp<\/strong>: Das Waldrappprojekt ist noch f\u00fcr Jahre am Laufen. Erfolge und Misserfolge halten sich die Waage; erfolgreich sind mehrere Jungv\u00f6gel und Altv\u00f6gel selbstst\u00e4ndig vom Wintergebiet in der Toskana ohne menschliche Flugbegleitung wieder zur\u00fcck nach Burghausen in Bayern zur\u00fcckgekehrt und im Herbst neuerdings in ihr Winterquartier in Orbetllo geflogen. Leider fallen immer wieder V\u00f6gel den Wilderern zum Opfer oder geraten durch widrige Wetterverh\u00e4ltnisse in Not. Die ersten Schritte in die Unabh\u00e4ngigkeit aber sind getan. <a href=\"https:\/\/pagewizz.com\/waldrapp-und-burghausen-ein-artenschutzprojekt-der-besonderen-klasse\/\">Mini-Portr\u00e4t Waldrapp und Burghausen<\/a><\/p>\n\n\n\n<div class=\"wp-block-image is-style-default\"><figure class=\"aligncenter size-medium\"><img loading=\"lazy\" decoding=\"async\" width=\"300\" height=\"189\" src=\"https:\/\/adele-sansone.com\/wordpress\/wp-content\/uploads\/2020\/07\/DSC03216-300x189.jpg\" alt=\"\" class=\"wp-image-1891\" srcset=\"https:\/\/adele-sansone.com\/wordpress\/wp-content\/uploads\/2020\/07\/DSC03216-300x189.jpg 300w, https:\/\/adele-sansone.com\/wordpress\/wp-content\/uploads\/2020\/07\/DSC03216-1024x645.jpg 1024w, https:\/\/adele-sansone.com\/wordpress\/wp-content\/uploads\/2020\/07\/DSC03216-768x484.jpg 768w, https:\/\/adele-sansone.com\/wordpress\/wp-content\/uploads\/2020\/07\/DSC03216-477x300.jpg 477w, https:\/\/adele-sansone.com\/wordpress\/wp-content\/uploads\/2020\/07\/DSC03216.jpg 1536w\" sizes=\"auto, (max-width: 300px) 100vw, 300px\" \/><figcaption><strong>Waldrapp<\/strong><\/figcaption><\/figure><\/div>\n\n\n\n<p><strong>Habichtskauz<\/strong>: Ein kleiner, aber wichtiger Meilenstein ist auch hier errungen: Das erste in Freiland geschl\u00fcpfte Habichtskauzk\u00fcken ist im F\u00fchjahr 2011 geschl\u00fcpft. Seit Beginn der Wiederansiedlung im Jahr 2009 wurden im Wienerwald 101 V\u00f6gel freigelassen.  Mittlerweile blickt man erfreut auf 40 im Wienerwald geschl\u00fcpfte Jungk\u00e4uze zur\u00fcck. Seither nimmt die Population stetig zu. Auch hier gibt es ein <a href=\"https:\/\/www.bpww.at\/de\/aktivitaeten\/habichtskauz\">gezieltes Projekt<\/a>.<\/p>\n\n\n\n<p><strong>Ziesel: <\/strong>F\u00fcr diesen kleinen Steppenbewohner gibt es spezielle Unterst\u00fctzungsprojekte. Eines in der Perchtoldsdorfer Heide, eines am Neusiedlersee.  <a href=\"https:\/\/pagewizz.com\/wer-kennt-die-ziesel-34683\/\">Mehr zum Ziesel<\/a><\/p>\n\n\n\n<p>Kein Tier ist so klein, dass es nicht sch\u00fctzenswert w\u00e4re, siehe auch der <a href=\"https:\/\/naturschutzbund.at\/vielfaltleben-schutzprojekte\/articles\/schutzprojekt-feldhamster.html\">Erhalt des Feldhamsters.<\/a> Und nicht zu vergessen, mit jedem Gebiet, das wegen einer Art gesch\u00fctzt wird, sch\u00fctzt man gleichzeitig zig andere dort vorkommende Arten &#8222;<em>Umbrella-Species<\/em>&#8220; ; ob S\u00e4ugetier, Insekt, Weichtier, Pflanze oder Pilz &#8211; einfach den ganzen Lebensraum.<\/p>\n\n\n\n<h2 class=\"wp-block-heading\">Umstrittene Artenschutzprojekte in \u00d6sterreich<\/h2>\n\n\n\n<ul class=\"wp-block-list\"><li><strong>Braunb\u00e4r<\/strong>: 1989 war erstmals ein Braunb\u00e4r aus Slowenien wieder eingewandert. Im Gro\u00dfraumgebiet des \u00d6tschers wurden zwischen 1991 und 2006 31 Junge geboren und aufgezogen. Die ersten, <strong>wie Mariedl<\/strong>, wurden noch begeister willkommen gehei\u00dfen. Doch in Laufe der Jahre schwand die Akzeptanz dieser an sich scheuen Waldbewohner. Fakt ist: s\u00e4mtliche Nachkommen dieser B\u00e4ren sind von der Bildfl\u00e4che verschwunden. Still, heimlich und leise, nicht so \u00f6ffentlichkeitstr\u00e4chtig, wie Bruno, der sogenannte Problemb\u00e4r. War es Abwanderung, hohe Sterblichkeit oder etwa doch Wilderei und Troph\u00e4enwahn? Es l\u00e4sst sich leider nicht aufkl\u00e4ren. Ein <a href=\"https:\/\/pagewizz.com\/was-wissen-sie-uber-braunbaren-34689\/\">Braunb\u00e4r-Portr\u00e4t zum Nachlesen<\/a> &#8230; Mehr zu den <strong>Braunb\u00e4ren<\/strong> <a href=\"https:\/\/www.euronatur.org\/unsere-themen\/artenschutz\/braunbaer\/steckbrief-baer\/\">europaweit k\u00f6nnen Sie hier<\/a> verfolgen.<\/li><\/ul>\n\n\n\n<div class=\"wp-block-image is-style-default\"><figure class=\"aligncenter size-medium is-resized\"><img loading=\"lazy\" decoding=\"async\" src=\"https:\/\/adele-sansone.com\/wordpress\/wp-content\/uploads\/2020\/07\/B\u00e4r-Fritz-300x225.jpg\" alt=\"\" class=\"wp-image-1893\" width=\"300\" height=\"225\" srcset=\"https:\/\/adele-sansone.com\/wordpress\/wp-content\/uploads\/2020\/07\/B\u00e4r-Fritz-300x225.jpg 300w, https:\/\/adele-sansone.com\/wordpress\/wp-content\/uploads\/2020\/07\/B\u00e4r-Fritz-1024x768.jpg 1024w, https:\/\/adele-sansone.com\/wordpress\/wp-content\/uploads\/2020\/07\/B\u00e4r-Fritz-768x576.jpg 768w, https:\/\/adele-sansone.com\/wordpress\/wp-content\/uploads\/2020\/07\/B\u00e4r-Fritz-1536x1152.jpg 1536w, https:\/\/adele-sansone.com\/wordpress\/wp-content\/uploads\/2020\/07\/B\u00e4r-Fritz-2048x1536.jpg 2048w, https:\/\/adele-sansone.com\/wordpress\/wp-content\/uploads\/2020\/07\/B\u00e4r-Fritz-400x300.jpg 400w\" sizes=\"auto, (max-width: 300px) 100vw, 300px\" \/><figcaption><strong>Braunb\u00e4r im Alpenzoo<\/strong><\/figcaption><\/figure><\/div>\n\n\n\n<p><strong>Wolf<\/strong>: Ob seine durch Menschen ungef\u00f6rderte Wiedereinwanderung erfolgreicher von sich gehen wird, als die des Braunb\u00e4ren h\u00e4ngt von vielen Faktoren ab. Dieses Projekt ist derzeit noch sehr ungewiss. Nicht umsonst herrscht durch Wolfsrisse in den alpinen Regionen mehr als nur Unsicherheit, sowohl bei den Schafbauern, welche die alpine Almwirtschaft und sommerliche Freiheit und das Leben ihrer Tiere massiv gest\u00f6rt sehen, sondern auch unter den Touristikern, weil sich die W\u00f6lfe doch sehr nahe an bewohnte und bewanderte Gebiete heranwagen.<\/p>\n\n\n\n<p>Aktuelle Fakten und Wissenswertes zum Wolf gibt es beim WWF, naturschutzbund, euronatur.org; &#8230;. und lokale Vorkommnisse, wie erneute Wolfsrisse, in den verschiedenen Medien.<\/p>\n\n\n\n<p><\/p>\n","protected":false},"excerpt":{"rendered":"<p>Als Artenschutz wird der Schutz, die Pflege und Erhaltung wilder Tier- und Pflanzenarten in ihrer nat\u00fcrlichen und historisch gewachsenen Vielfalt (Artenvielfalt) bezeichnet. Beim Artenschutz geht es um die Erhaltung einer nat\u00fcrlichen Population und seines Lebensraumes (Biotop). Auf diese Weise wird die zu sch\u00fctzende Art zur Schirmart, &#8222;Umbrella species&#8222;, denn durch &hellip;<\/p>\n","protected":false},"author":2,"featured_media":1887,"comment_status":"closed","ping_status":"open","sticky":false,"template":"","format":"standard","meta":{"footnotes":""},"categories":[1],"types\/post":[150,151,153,161,152],"post_format":[],"class_list":["post-1815","post","type-post","status-publish","format-standard","has-post-thumbnail","hentry","category-allgemein","tag-artenschutz","tag-baer","tag-luchs","tag-tiere","tag-wolf"],"_links":{"self":[{"href":"https:\/\/adele-sansone.com\/wordpress\/wp-json\/wp\/v2\/posts\/1815","targetHints":{"allow":["GET"]}}],"collection":[{"href":"https:\/\/adele-sansone.com\/wordpress\/wp-json\/wp\/v2\/posts"}],"about":[{"href":"https:\/\/adele-sansone.com\/wordpress\/wp-json\/wp\/v2\/types\/post"}],"author":[{"embeddable":true,"href":"https:\/\/adele-sansone.com\/wordpress\/wp-json\/wp\/v2\/users\/2"}],"replies":[{"embeddable":true,"href":"https:\/\/adele-sansone.com\/wordpress\/wp-json\/wp\/v2\/comments?post=1815"}],"version-history":[{"count":8,"href":"https:\/\/adele-sansone.com\/wordpress\/wp-json\/wp\/v2\/posts\/1815\/revisions"}],"predecessor-version":[{"id":1899,"href":"https:\/\/adele-sansone.com\/wordpress\/wp-json\/wp\/v2\/posts\/1815\/revisions\/1899"}],"wp:featuredmedia":[{"embeddable":true,"href":"https:\/\/adele-sansone.com\/wordpress\/wp-json\/wp\/v2\/media\/1887"}],"wp:attachment":[{"href":"https:\/\/adele-sansone.com\/wordpress\/wp-json\/wp\/v2\/media?parent=1815"}],"wp:term":[{"taxonomy":"category","embeddable":true,"href":"https:\/\/adele-sansone.com\/wordpress\/wp-json\/wp\/v2\/categories?post=1815"},{"taxonomy":"post_tag","embeddable":true,"href":"https:\/\/adele-sansone.com\/wordpress\/wp-json\/wp\/v2\/types\/post?post=1815"},{"taxonomy":"post_format","embeddable":true,"href":"https:\/\/adele-sansone.com\/wordpress\/wp-json\/wp\/v2\/post_format?post=1815"}],"curies":[{"name":"wp","href":"https:\/\/api.w.org\/{rel}","templated":true}]}}