{"id":2358,"date":"2020-10-24T17:21:29","date_gmt":"2020-10-24T15:21:29","guid":{"rendered":"https:\/\/adele-sansone.com\/wordpress\/?p=2358"},"modified":"2021-12-03T16:31:34","modified_gmt":"2021-12-03T15:31:34","slug":"natur-des-jahres-jahreswesen-2021","status":"publish","type":"post","link":"https:\/\/adele-sansone.com\/wordpress\/2020\/10\/24\/natur-des-jahres-jahreswesen-2021\/","title":{"rendered":"Natur des Jahres &#8211; Jahreswesen 2021"},"content":{"rendered":"\n<p>So, das Jahr 2020 ist abgelaufen. Dank Corona sind wir gar nicht ungl\u00fccklich dar\u00fcber. Und so k\u00fcren wir optimistisch und frohgemut die  neuen \u201e<strong>Jahreswesen<\/strong>\u201c f\u00fcr 2021. In diesem Beitrag stelle ich euch, liebe Leserinnen und Leser, die weiterf\u00fchrenden Links zu den verschiedenen Jahreswesen ein. <\/p>\n\n\n\n<div class=\"wp-block-image is-style-default\"><figure class=\"aligncenter size-large is-resized\"><img loading=\"lazy\" decoding=\"async\" src=\"https:\/\/adele-sansone.com\/wordpress\/wp-content\/uploads\/2020\/10\/Silybum-marianum-1504-1024x576.jpg\" alt=\"\" class=\"wp-image-2753\" width=\"512\" height=\"288\" srcset=\"https:\/\/adele-sansone.com\/wordpress\/wp-content\/uploads\/2020\/10\/Silybum-marianum-1504-1024x576.jpg 1024w, https:\/\/adele-sansone.com\/wordpress\/wp-content\/uploads\/2020\/10\/Silybum-marianum-1504-300x169.jpg 300w, https:\/\/adele-sansone.com\/wordpress\/wp-content\/uploads\/2020\/10\/Silybum-marianum-1504-768x432.jpg 768w, https:\/\/adele-sansone.com\/wordpress\/wp-content\/uploads\/2020\/10\/Silybum-marianum-1504-1536x864.jpg 1536w, https:\/\/adele-sansone.com\/wordpress\/wp-content\/uploads\/2020\/10\/Silybum-marianum-1504-640x360.jpg 640w, https:\/\/adele-sansone.com\/wordpress\/wp-content\/uploads\/2020\/10\/Silybum-marianum-1504-533x300.jpg 533w, https:\/\/adele-sansone.com\/wordpress\/wp-content\/uploads\/2020\/10\/Silybum-marianum-1504.jpg 1920w\" sizes=\"auto, (max-width: 512px) 100vw, 512px\" \/><figcaption>Mariendistel, Arzneipflanze 2021<\/figcaption><\/figure><\/div>\n\n\n\n<!--more-->\n\n\n\n<p>Also das erste Portr\u00e4t <a href=\"https:\/\/pagewizz.com\/schafgarbe-staude-des-jahres-2021-39210\/\" data-type=\"URL\" data-id=\"https:\/\/pagewizz.com\/schafgarbe-staude-des-jahres-2021-39210\/\"><strong>Staude<\/strong> des Jahres 2021 <strong>Schafgarbe<\/strong><\/a> steht lesebereit &#8230; ein bisschen Mu\u00dfe solltet ihr schon einplanen, denn es gibt so Einiges zu erz\u00e4hlen &#8230; Als Zwischenerholung ein paar M\u00e4h-B\u00e4h-Schafgarbige Vertreter. Das <strong>erste Jahreswesen 2021<\/strong> ist die <strong>Schafgarbe <\/strong>als Gattung mit all ihren Arten und Unterarten. Sch\u00f6nheiten (gez\u00fcchtet) f\u00fcr den optisch-orientierten Gartenliebhaber sind dabei, aber die Natursch\u00f6nheit und heilkr\u00e4ftige &#8222;hundsnormale&#8220; <strong>Wiesen-Schafgarbe<\/strong>, <em>Achillea millefolium, <\/em>ist sicher f\u00fcr alle Naturgartenliebhaber die wichtigste. <\/p>\n\n\n\n<figure class=\"wp-block-gallery columns-3 is-cropped wp-block-gallery-1 is-layout-flex wp-block-gallery-is-layout-flex\"><ul class=\"blocks-gallery-grid\"><li class=\"blocks-gallery-item\"><figure><img loading=\"lazy\" decoding=\"async\" width=\"1015\" height=\"1024\" src=\"https:\/\/adele-sansone.com\/wordpress\/wp-content\/uploads\/2020\/10\/Achillea-millefolium-022-1015x1024.jpg\" alt=\"\" data-id=\"2360\" data-link=\"https:\/\/adele-sansone.com\/wordpress\/?attachment_id=2360\" class=\"wp-image-2360\" srcset=\"https:\/\/adele-sansone.com\/wordpress\/wp-content\/uploads\/2020\/10\/Achillea-millefolium-022-1015x1024.jpg 1015w, https:\/\/adele-sansone.com\/wordpress\/wp-content\/uploads\/2020\/10\/Achillea-millefolium-022-297x300.jpg 297w, https:\/\/adele-sansone.com\/wordpress\/wp-content\/uploads\/2020\/10\/Achillea-millefolium-022-150x150.jpg 150w, https:\/\/adele-sansone.com\/wordpress\/wp-content\/uploads\/2020\/10\/Achillea-millefolium-022-768x775.jpg 768w, https:\/\/adele-sansone.com\/wordpress\/wp-content\/uploads\/2020\/10\/Achillea-millefolium-022-640x646.jpg 640w, https:\/\/adele-sansone.com\/wordpress\/wp-content\/uploads\/2020\/10\/Achillea-millefolium-022.jpg 1032w\" sizes=\"auto, (max-width: 1015px) 100vw, 1015px\" \/><figcaption class=\"blocks-gallery-item__caption\">Wiesen-Schafgarbe<\/figcaption><\/figure><\/li><li class=\"blocks-gallery-item\"><figure><img loading=\"lazy\" decoding=\"async\" width=\"1024\" height=\"576\" src=\"https:\/\/adele-sansone.com\/wordpress\/wp-content\/uploads\/2020\/10\/Achillea-atrata-DSC00391--1024x576.jpg\" alt=\"\" data-id=\"2361\" data-link=\"https:\/\/adele-sansone.com\/wordpress\/?attachment_id=2361\" class=\"wp-image-2361\" srcset=\"https:\/\/adele-sansone.com\/wordpress\/wp-content\/uploads\/2020\/10\/Achillea-atrata-DSC00391--1024x576.jpg 1024w, https:\/\/adele-sansone.com\/wordpress\/wp-content\/uploads\/2020\/10\/Achillea-atrata-DSC00391--300x169.jpg 300w, https:\/\/adele-sansone.com\/wordpress\/wp-content\/uploads\/2020\/10\/Achillea-atrata-DSC00391--768x432.jpg 768w, https:\/\/adele-sansone.com\/wordpress\/wp-content\/uploads\/2020\/10\/Achillea-atrata-DSC00391--1536x864.jpg 1536w, https:\/\/adele-sansone.com\/wordpress\/wp-content\/uploads\/2020\/10\/Achillea-atrata-DSC00391--640x360.jpg 640w, https:\/\/adele-sansone.com\/wordpress\/wp-content\/uploads\/2020\/10\/Achillea-atrata-DSC00391--533x300.jpg 533w, https:\/\/adele-sansone.com\/wordpress\/wp-content\/uploads\/2020\/10\/Achillea-atrata-DSC00391-.jpg 1627w\" sizes=\"auto, (max-width: 1024px) 100vw, 1024px\" \/><figcaption class=\"blocks-gallery-item__caption\">Achillea atrata<\/figcaption><\/figure><\/li><li class=\"blocks-gallery-item\"><figure><img loading=\"lazy\" decoding=\"async\" width=\"416\" height=\"410\" src=\"https:\/\/adele-sansone.com\/wordpress\/wp-content\/uploads\/2020\/10\/Achillea-clavenae-01-22.jpg\" alt=\"\" data-id=\"2366\" data-link=\"https:\/\/adele-sansone.com\/wordpress\/?attachment_id=2366\" class=\"wp-image-2366\" srcset=\"https:\/\/adele-sansone.com\/wordpress\/wp-content\/uploads\/2020\/10\/Achillea-clavenae-01-22.jpg 416w, https:\/\/adele-sansone.com\/wordpress\/wp-content\/uploads\/2020\/10\/Achillea-clavenae-01-22-300x296.jpg 300w, https:\/\/adele-sansone.com\/wordpress\/wp-content\/uploads\/2020\/10\/Achillea-clavenae-01-22-304x300.jpg 304w\" sizes=\"auto, (max-width: 416px) 100vw, 416px\" \/><figcaption class=\"blocks-gallery-item__caption\">Wei\u00dfer Speik\/Achillea clavennae<\/figcaption><\/figure><\/li><\/ul><\/figure>\n\n\n\n<ul class=\"wp-block-list\"><li>So, das <strong>n\u00e4chste Jahreswesen<\/strong> <strong>2021<\/strong> ist  <strong><a href=\"https:\/\/pagewizz.com\/der-groe-wiesenknopf-blume-2021-39233\/\">Der gro\u00dfe Wiesenknopf<\/a> <\/strong><em>(Sanguisorba officinalis)<\/em>. Damit ihr seht mit welch liebreizendem Kn\u00f6pfchent\u00e4nzer ihr es zu tun habt, eine Aufnahme aus einem moornahen Gebiet in Nordtirol. Weitere Bilder <a href=\"https:\/\/adele-sansone.com\/wordpress\/2020\/11\/06\/grosser-wiesenknopf\/\">findet ihr auch hier.<\/a><\/li><\/ul>\n\n\n\n<div class=\"wp-block-image is-style-default\"><figure class=\"aligncenter size-medium\"><img loading=\"lazy\" decoding=\"async\" width=\"300\" height=\"169\" src=\"https:\/\/adele-sansone.com\/wordpress\/wp-content\/uploads\/2020\/10\/Sanguisorba-officinalis-01-300x169.jpg\" alt=\"\" class=\"wp-image-2388\" srcset=\"https:\/\/adele-sansone.com\/wordpress\/wp-content\/uploads\/2020\/10\/Sanguisorba-officinalis-01-300x169.jpg 300w, https:\/\/adele-sansone.com\/wordpress\/wp-content\/uploads\/2020\/10\/Sanguisorba-officinalis-01-768x432.jpg 768w, https:\/\/adele-sansone.com\/wordpress\/wp-content\/uploads\/2020\/10\/Sanguisorba-officinalis-01-640x360.jpg 640w, https:\/\/adele-sansone.com\/wordpress\/wp-content\/uploads\/2020\/10\/Sanguisorba-officinalis-01-533x300.jpg 533w, https:\/\/adele-sansone.com\/wordpress\/wp-content\/uploads\/2020\/10\/Sanguisorba-officinalis-01.jpg 978w\" sizes=\"auto, (max-width: 300px) 100vw, 300px\" \/><figcaption>Wiesenknopf in einem Moor<\/figcaption><\/figure><\/div>\n\n\n\n<div class=\"wp-block-image is-style-default\"><figure class=\"alignright size-thumbnail\"><img loading=\"lazy\" decoding=\"async\" width=\"150\" height=\"150\" src=\"https:\/\/adele-sansone.com\/wordpress\/wp-content\/uploads\/2020\/11\/1200px-Arctia_caja_02-150x150.jpg\" alt=\"\" class=\"wp-image-2417\"\/><figcaption>wikicommons <a href=\"https:\/\/commons.wikimedia.org\/wiki\/User:Entomolo\">jp HAmon<\/a><\/figcaption><\/figure><\/div>\n\n\n\n<ul class=\"wp-block-list\"><li>Nun kommt mal etwas Flatterhaftes dran; das <strong>dritte Jahreswesen<\/strong> <strong>2021<\/strong>, das bereits gek\u00fcrt wurde ist der wundersch\u00f6ne, aber selten gesehene Nachtfalter <strong>Brauner B\u00e4r <\/strong><em>(Arctia caja)<\/em>, einer der vielen B\u00e4renspinner, bei denen sich besonders die behaarten Raupen den &#8222;b\u00e4rigen Namen&#8220; verdient haben. Sein Fortbestand ist besonders durch die Lichtverschmutzung stark gef\u00e4hrdet. Er ist meist erst gegen Mitternacht unterwegs und l\u00e4sst sich leider durch k\u00fcnstliche Lichtquellen verwirren. Vorzugsweise lebt er in Waldn\u00e4he, Flussauen, aber auch in Parks und G\u00e4rten kann man ihn finden. Seine Eier legt er gerne auf Brennnesseln ab. Seine Raupen sind richte &#8222;B\u00e4rlis&#8220;, dicht mit schwarzen oder rotbraunem Haar. Im Gegensatz zu vielen anderen behaarten Raupen sind diese Haare nicht gef\u00e4hrlich. Einer der Fressfeinde ist unser hei\u00dfgeliebter Fr\u00fchlingsbote, der <a href=\"https:\/\/pagewizz.com\/der-kuckuck-und-die-kuckucksblumen-35534\/\">Kuckuck<\/a>.<\/li><\/ul>\n\n\n\n<p>(Ein entfernter Verwandter ist der tagaktive <a href=\"https:\/\/adele-sansone.com\/wordpress\/2020\/09\/07\/russischer-baer\/\">Russische B\u00e4r<\/a>).<\/p>\n\n\n\n<div class=\"wp-block-image is-style-default\"><figure class=\"alignright size-large is-resized\"><img loading=\"lazy\" decoding=\"async\" src=\"https:\/\/pagewizz.com\/static\/uploads\/de\/module\/image\/2020\/12\/23\/10-49-41-641_622.jpg\" alt=\"\" width=\"156\" height=\"104\"\/><\/figure><\/div>\n\n\n\n<ul class=\"wp-block-list\"><li>Das n\u00e4chste <strong>Jahreswesen<\/strong> <strong>2021<\/strong> f\u00fcr <strong>\u00d6sterreich<\/strong> wurde gek\u00fcrt: <strong>Der Siebenschl\u00e4fer.  <\/strong>Was es Interessantes zu diesem liebenswerten Tier zu berichten gibt, k\u00f6nnt ihr hier: <strong><a href=\"https:\/\/pagewizz.com\/der-siebenschlafer-stellt-sich-vor-34711\/\" data-type=\"URL\" data-id=\"https:\/\/pagewizz.com\/der-siebenschlafer-stellt-sich-vor-34711\/\">Der Siebenschl\u00e4fer stellt sich vor<\/a><\/strong> &#8211; nachlesen. <\/li><\/ul>\n\n\n\n<p><\/p>\n\n\n\n<ul class=\"wp-block-list\"><li>Das <strong>Jahreswesen 2021, <\/strong>Wildtier des Jahres, wurde in Deutschland, der <strong>Fischotter. <\/strong>Auch hier gibt es reichlich zu erz\u00e4hlen: Guckt mal hier rein: <strong><a href=\"https:\/\/pagewizz.com\/wer-kennt-den-fischotter-der-wassermarder-im-rampenlicht-34897\/\">Der Fischotter &#8211; der Wassermarder im Rampenlicht<\/a><\/strong>. Ein passendes <a href=\"https:\/\/pagewizz.com\/der-fischotter-eine-sachbuch-rezension-38355\/\">Sachbuch<\/a>  kann ich auch noch gleich dazu empfehlen. <\/li><\/ul>\n\n\n\n<figure class=\"wp-block-image size-large is-resized is-style-default\"><img loading=\"lazy\" decoding=\"async\" src=\"https:\/\/pagewizz.com\/static\/uploads\/de\/module\/text\/2018\/11\/27\/18-51-39-356_288.jpg\" alt=\"\" width=\"216\" height=\"162\"\/><\/figure>\n\n\n\n<div class=\"wp-block-image is-style-default\"><figure class=\"alignright size-large is-resized\"><img loading=\"lazy\" decoding=\"async\" src=\"https:\/\/farm1.staticflickr.com\/732\/32386123544_a2eb81f8c7_z.jpg\" alt=\"\" width=\"320\" height=\"240\"\/><\/figure><\/div>\n\n\n\n<ul class=\"wp-block-list\"><li>Als <strong>Giftpflanze des Jahres 2021 <\/strong>wurde der <strong>Schlafmohn (<\/strong><em>Papaver somniferum)<\/em> gew\u00e4hlt. Au\u00dfer der Sch\u00f6nheit dieser Staude, wie bei allen anderen Mohnpflanzen bezaubert die Leichtigkeit der Bl\u00fcte, hat sie eben nicht nur Heilwirkung sondern eben auch ihre Schattenseiten. Mehr dazu findet ihr in diesem Artikel: <strong><a href=\"https:\/\/pagewizz.com\/schlafmohn-oder-die-dunkle-seite-des-mohns\/\">Schlafmohn, oder die dunkle Seite des Mohns<\/a><\/strong>. <\/li><\/ul>\n\n\n\n<div class=\"wp-block-image is-style-default\"><figure class=\"alignleft size-large is-resized\"><img loading=\"lazy\" decoding=\"async\" src=\"https:\/\/adele-sansone.com\/wordpress\/wp-content\/uploads\/2020\/10\/Silybum-marianum-02-576x1024.jpg\" alt=\"\" class=\"wp-image-2751\" width=\"144\" height=\"256\" srcset=\"https:\/\/adele-sansone.com\/wordpress\/wp-content\/uploads\/2020\/10\/Silybum-marianum-02-576x1024.jpg 576w, https:\/\/adele-sansone.com\/wordpress\/wp-content\/uploads\/2020\/10\/Silybum-marianum-02-169x300.jpg 169w, https:\/\/adele-sansone.com\/wordpress\/wp-content\/uploads\/2020\/10\/Silybum-marianum-02-768x1365.jpg 768w, https:\/\/adele-sansone.com\/wordpress\/wp-content\/uploads\/2020\/10\/Silybum-marianum-02-864x1536.jpg 864w, https:\/\/adele-sansone.com\/wordpress\/wp-content\/uploads\/2020\/10\/Silybum-marianum-02-640x1138.jpg 640w, https:\/\/adele-sansone.com\/wordpress\/wp-content\/uploads\/2020\/10\/Silybum-marianum-02.jpg 1080w\" sizes=\"auto, (max-width: 144px) 100vw, 144px\" \/><\/figure><\/div>\n\n\n\n<p>So, als Arzneipflanze 2021 hat sich \u00d6sterreich f\u00fcr die wunderh\u00fcbsche und wertvolle <strong><a href=\"https:\/\/pagewizz.com\/mariendistel-heilpflanze-und-gartenpflanze-35640\/\">Mariendistel,<\/a> <\/strong><em>Silybum marianum <\/em>entschieden. Gut so. Ich mag sie, ich habe sie in einigen passenden Eckchen und falls sie unvermutet in einem Beet auftaucht, darf sie bleiben. <a href=\"https:\/\/pagewizz.com\/mariendistel-heilpflanze-und-gartenpflanze-35640\/\">Mehr \u00fcber diese wundervolle Pflanze hier.<\/a><\/p>\n\n\n\n<p><\/p>\n\n\n\n<p><\/p>\n\n\n\n<ul class=\"wp-block-list\"><li><a href=\"https:\/\/adele-sansone.com\/wordpress\/2020\/01\/08\/natur-des-jahres-jahreswesen-2020\/\" data-type=\"URL\" data-id=\"https:\/\/adele-sansone.com\/wordpress\/2020\/01\/08\/natur-des-jahres-jahreswesen-2020\/\">Jahreswesen 2020\/Natur des Jahres 2020<\/a><\/li><li><\/li><\/ul>\n","protected":false},"excerpt":{"rendered":"<p>So, das Jahr 2020 ist abgelaufen. Dank Corona sind wir gar nicht ungl\u00fccklich dar\u00fcber. Und so k\u00fcren wir optimistisch und frohgemut die neuen \u201eJahreswesen\u201c f\u00fcr 2021. In diesem Beitrag stelle ich euch, liebe Leserinnen und Leser, die weiterf\u00fchrenden Links zu den verschiedenen Jahreswesen ein.<\/p>\n","protected":false},"author":2,"featured_media":2753,"comment_status":"closed","ping_status":"open","sticky":false,"template":"","format":"standard","meta":{"footnotes":""},"categories":[1],"types\/post":[32,16,15,17],"post_format":[],"class_list":["post-2358","post","type-post","status-publish","format-standard","has-post-thumbnail","hentry","category-allgemein","tag-alpen","tag-garten","tag-pflanzen","tag-tiere"],"_links":{"self":[{"href":"https:\/\/adele-sansone.com\/wordpress\/wp-json\/wp\/v2\/posts\/2358","targetHints":{"allow":["GET"]}}],"collection":[{"href":"https:\/\/adele-sansone.com\/wordpress\/wp-json\/wp\/v2\/posts"}],"about":[{"href":"https:\/\/adele-sansone.com\/wordpress\/wp-json\/wp\/v2\/types\/post"}],"author":[{"embeddable":true,"href":"https:\/\/adele-sansone.com\/wordpress\/wp-json\/wp\/v2\/users\/2"}],"replies":[{"embeddable":true,"href":"https:\/\/adele-sansone.com\/wordpress\/wp-json\/wp\/v2\/comments?post=2358"}],"version-history":[{"count":24,"href":"https:\/\/adele-sansone.com\/wordpress\/wp-json\/wp\/v2\/posts\/2358\/revisions"}],"predecessor-version":[{"id":2756,"href":"https:\/\/adele-sansone.com\/wordpress\/wp-json\/wp\/v2\/posts\/2358\/revisions\/2756"}],"wp:featuredmedia":[{"embeddable":true,"href":"https:\/\/adele-sansone.com\/wordpress\/wp-json\/wp\/v2\/media\/2753"}],"wp:attachment":[{"href":"https:\/\/adele-sansone.com\/wordpress\/wp-json\/wp\/v2\/media?parent=2358"}],"wp:term":[{"taxonomy":"category","embeddable":true,"href":"https:\/\/adele-sansone.com\/wordpress\/wp-json\/wp\/v2\/categories?post=2358"},{"taxonomy":"post_tag","embeddable":true,"href":"https:\/\/adele-sansone.com\/wordpress\/wp-json\/wp\/v2\/types\/post?post=2358"},{"taxonomy":"post_format","embeddable":true,"href":"https:\/\/adele-sansone.com\/wordpress\/wp-json\/wp\/v2\/post_format?post=2358"}],"curies":[{"name":"wp","href":"https:\/\/api.w.org\/{rel}","templated":true}]}}