{"id":2685,"date":"2021-01-17T10:34:50","date_gmt":"2021-01-17T09:34:50","guid":{"rendered":"https:\/\/adele-sansone.com\/wordpress\/?p=2685"},"modified":"2024-10-03T15:56:48","modified_gmt":"2024-10-03T13:56:48","slug":"buchfink","status":"publish","type":"post","link":"https:\/\/adele-sansone.com\/wordpress\/2021\/01\/17\/buchfink\/","title":{"rendered":"Buchfink"},"content":{"rendered":"\n<p>Das B\u00e4uchlein r\u00f6tlich, jedoch nicht so grell wie ein Gimpel, blitzende wei\u00dfe Streifen im Flug, ein gesch\u00e4ftiges Hin- und Hergehen auf der Suche nach K\u00f6rnern am Boden unter den Futterh\u00e4usern; so k\u00f6nnte man den Buchfinken (<em>Fringilla coelebs<\/em>) kurz beschreiben.<\/p>\n\n\n\n<div class=\"wp-block-image is-style-default\"><figure class=\"aligncenter size-large is-resized\"><img loading=\"lazy\" decoding=\"async\" src=\"https:\/\/adele-sansone.com\/wordpress\/wp-content\/uploads\/2021\/01\/DSC09749-1024x728.jpg\" alt=\"\" class=\"wp-image-2686\" width=\"512\" height=\"364\" srcset=\"https:\/\/adele-sansone.com\/wordpress\/wp-content\/uploads\/2021\/01\/DSC09749-1024x728.jpg 1024w, https:\/\/adele-sansone.com\/wordpress\/wp-content\/uploads\/2021\/01\/DSC09749-300x213.jpg 300w, https:\/\/adele-sansone.com\/wordpress\/wp-content\/uploads\/2021\/01\/DSC09749-768x546.jpg 768w, https:\/\/adele-sansone.com\/wordpress\/wp-content\/uploads\/2021\/01\/DSC09749-1536x1092.jpg 1536w, https:\/\/adele-sansone.com\/wordpress\/wp-content\/uploads\/2021\/01\/DSC09749-2048x1456.jpg 2048w, https:\/\/adele-sansone.com\/wordpress\/wp-content\/uploads\/2021\/01\/DSC09749-640x455.jpg 640w, https:\/\/adele-sansone.com\/wordpress\/wp-content\/uploads\/2021\/01\/DSC09749-422x300.jpg 422w\" sizes=\"auto, (max-width: 512px) 100vw, 512px\" \/><\/figure><\/div>\n\n\n\n<!--more-->\n\n\n\n<p>Der Buchfink geh\u00f6rt zu den Edelfinken, <em>Fringilla coelebs, <\/em>und die beiden zoologischen Bezeichnungen kommen von lat. <em>fringere=quietschen, und coelebs=ehelos.<\/em> Dieses &#8222;ehelos&#8220; bezieht sich darauf, dass man beobachten konnte, dass dieser Teilzieher sich im Winter in Schw\u00e4rme aus m\u00e4nnlichen Tieren aufteilte, welche meistens eher am Standort blieben und weibl. V\u00f6geln, welche weiter s\u00fcdw\u00e4rts ziehen. In Zeiten des Klimawandels findet man aber eher gemischte Trupps auch hier im Winter. In unserem Garten sind zwar mehr  M\u00e4nnchen, aber auch einige Weibchen sind bei der kleinen Schar, die regelm\u00e4\u00dfig auf Besuch kommt.<\/p>\n\n\n\n<p>Sehr typisch und eher leicht zu erkennen ist der Ruf der Buchfinken, ein besonderer &#8222;Regenruf&#8220; soll auch dabei sein und Dialekte k\u00f6nnen sie auch noch. Vogelkundler haben festgestellt, dass zugezogene fremde Buchfinkenm\u00e4nnchen sehr rasch sich diesen regionalen Dialekt aneignen, denn sonst finden sie keine Weibchen. Also Anpassung und Fremdsprachen lernen ist auch in der Vogelwelt gut, um schnell heimisch und ans\u00e4ssig zu werden. <\/p>\n\n\n\n<div class=\"wp-block-image is-style-default\"><figure class=\"alignleft size-large\"><img decoding=\"async\" src=\"https:\/\/pagewizz.com\/static\/uploads\/de\/module\/text\/2013\/02\/10\/13-43-40-74_288.jpg\" alt=\"\"\/><\/figure><\/div>\n\n\n\n<p>Wir haben \u00fcbrigens einen Bird-Mike, mit dem man die Rufe der verschiedenen V\u00f6gel nachmachen kann und die Buchfinken sind die ersten, welche auf einen Buchfinkenruf sofort antworten und auftauchen, um zu schauen, wo dieser fremde Rivale sich wohl versteckt hat.<\/p>\n\n\n\n<p><\/p>\n\n\n\n<p>Wem es Spa\u00df macht, Vogelstimmen erkennen zu lernen, der ist mit dem Bird-Mike, einem Vogelstimmen-Automaten (Bird Voice Pen), gut beraten. Aber dazu sollte man sich am besten in Gesellschaft eines Vogelkundlers ein paar Mal auf die Pirsch begeben.<\/p>\n\n\n\n<figure class=\"wp-block-gallery columns-3 is-cropped wp-block-gallery-1 is-layout-flex wp-block-gallery-is-layout-flex\"><ul class=\"blocks-gallery-grid\"><li class=\"blocks-gallery-item\"><figure><img loading=\"lazy\" decoding=\"async\" width=\"1024\" height=\"751\" src=\"https:\/\/adele-sansone.com\/wordpress\/wp-content\/uploads\/2021\/01\/buchf02-1024x751.jpg\" alt=\"\" data-id=\"2687\" data-full-url=\"https:\/\/adele-sansone.com\/wordpress\/wp-content\/uploads\/2021\/01\/buchf02-scaled.jpg\" data-link=\"https:\/\/adele-sansone.com\/wordpress\/?attachment_id=2687\" class=\"wp-image-2687\" srcset=\"https:\/\/adele-sansone.com\/wordpress\/wp-content\/uploads\/2021\/01\/buchf02-1024x751.jpg 1024w, https:\/\/adele-sansone.com\/wordpress\/wp-content\/uploads\/2021\/01\/buchf02-300x220.jpg 300w, https:\/\/adele-sansone.com\/wordpress\/wp-content\/uploads\/2021\/01\/buchf02-768x563.jpg 768w, https:\/\/adele-sansone.com\/wordpress\/wp-content\/uploads\/2021\/01\/buchf02-1536x1127.jpg 1536w, https:\/\/adele-sansone.com\/wordpress\/wp-content\/uploads\/2021\/01\/buchf02-2048x1503.jpg 2048w, https:\/\/adele-sansone.com\/wordpress\/wp-content\/uploads\/2021\/01\/buchf02-640x470.jpg 640w, https:\/\/adele-sansone.com\/wordpress\/wp-content\/uploads\/2021\/01\/buchf02-409x300.jpg 409w\" sizes=\"auto, (max-width: 1024px) 100vw, 1024px\" \/><\/figure><\/li><li class=\"blocks-gallery-item\"><figure><img loading=\"lazy\" decoding=\"async\" width=\"1024\" height=\"928\" src=\"https:\/\/adele-sansone.com\/wordpress\/wp-content\/uploads\/2021\/01\/buchf19-1024x928.jpg\" alt=\"\" data-id=\"2688\" data-full-url=\"https:\/\/adele-sansone.com\/wordpress\/wp-content\/uploads\/2021\/01\/buchf19.jpg\" data-link=\"https:\/\/adele-sansone.com\/wordpress\/?attachment_id=2688\" class=\"wp-image-2688\" srcset=\"https:\/\/adele-sansone.com\/wordpress\/wp-content\/uploads\/2021\/01\/buchf19-1024x928.jpg 1024w, https:\/\/adele-sansone.com\/wordpress\/wp-content\/uploads\/2021\/01\/buchf19-300x272.jpg 300w, https:\/\/adele-sansone.com\/wordpress\/wp-content\/uploads\/2021\/01\/buchf19-768x696.jpg 768w, https:\/\/adele-sansone.com\/wordpress\/wp-content\/uploads\/2021\/01\/buchf19-640x580.jpg 640w, https:\/\/adele-sansone.com\/wordpress\/wp-content\/uploads\/2021\/01\/buchf19-331x300.jpg 331w, https:\/\/adele-sansone.com\/wordpress\/wp-content\/uploads\/2021\/01\/buchf19.jpg 1182w\" sizes=\"auto, (max-width: 1024px) 100vw, 1024px\" \/><\/figure><\/li><li class=\"blocks-gallery-item\"><figure><img loading=\"lazy\" decoding=\"async\" width=\"1024\" height=\"728\" src=\"https:\/\/adele-sansone.com\/wordpress\/wp-content\/uploads\/2021\/01\/DSC09749-1-1024x728.jpg\" alt=\"\" data-id=\"2689\" data-full-url=\"https:\/\/adele-sansone.com\/wordpress\/wp-content\/uploads\/2021\/01\/DSC09749-1.jpg\" data-link=\"https:\/\/adele-sansone.com\/wordpress\/?attachment_id=2689\" class=\"wp-image-2689\" srcset=\"https:\/\/adele-sansone.com\/wordpress\/wp-content\/uploads\/2021\/01\/DSC09749-1-1024x728.jpg 1024w, https:\/\/adele-sansone.com\/wordpress\/wp-content\/uploads\/2021\/01\/DSC09749-1-300x213.jpg 300w, https:\/\/adele-sansone.com\/wordpress\/wp-content\/uploads\/2021\/01\/DSC09749-1-768x546.jpg 768w, https:\/\/adele-sansone.com\/wordpress\/wp-content\/uploads\/2021\/01\/DSC09749-1-1536x1092.jpg 1536w, https:\/\/adele-sansone.com\/wordpress\/wp-content\/uploads\/2021\/01\/DSC09749-1-2048x1456.jpg 2048w, https:\/\/adele-sansone.com\/wordpress\/wp-content\/uploads\/2021\/01\/DSC09749-1-640x455.jpg 640w, https:\/\/adele-sansone.com\/wordpress\/wp-content\/uploads\/2021\/01\/DSC09749-1-422x300.jpg 422w\" sizes=\"auto, (max-width: 1024px) 100vw, 1024px\" \/><\/figure><\/li><\/ul><\/figure>\n\n\n\n<p>Buchfinken ern\u00e4hren sich von S\u00e4mereien, dabei sind sie nicht w\u00e4hlerisch, sowohl eine gro\u00dfe Anzahl von Nadelb\u00e4umen aber auch  die Samen von Laubb\u00e4umen und Stauden geh\u00f6ren dazu. Kleine Insekten, Raupen, Larven und Spinnen brauchen sie f\u00fcr die Brut.  In der Brutzeit h\u00f6rt man sie nicht nur wunderbar rufen, sondern kann ihnen auch beim Beschaffen von Nistmaterial (Nestbauer sind die Weibchen) zusehen: Moos, Flechten, Gespinste werden gegen April zusammengesammelt und zum Nest verbaut. 4-6 Eier mit 2 Wochen Brutzeit folgen. Es gibt meist 2 Bruten im Jahr. Junge Buchfinken tschilpen \u00fcbrigens sehr \u00e4hnlich wie die Spatzen. <\/p>\n\n\n\n<p>Schlau sind Buchfinken auch noch, denn sie beobachten die eifrig sammelnden Sumpfmeisen und pl\u00fcndern dann deren Verstecke. <\/p>\n\n\n\n<figure class=\"wp-block-gallery columns-2 is-cropped wp-block-gallery-2 is-layout-flex wp-block-gallery-is-layout-flex\"><ul class=\"blocks-gallery-grid\"><li class=\"blocks-gallery-item\"><figure><img loading=\"lazy\" decoding=\"async\" width=\"1024\" height=\"695\" src=\"https:\/\/adele-sansone.com\/wordpress\/wp-content\/uploads\/2021\/01\/buchfamsel-1024x695.jpg\" alt=\"\" data-id=\"2690\" data-full-url=\"https:\/\/adele-sansone.com\/wordpress\/wp-content\/uploads\/2021\/01\/buchfamsel.jpg\" data-link=\"https:\/\/adele-sansone.com\/wordpress\/?attachment_id=2690\" class=\"wp-image-2690\" srcset=\"https:\/\/adele-sansone.com\/wordpress\/wp-content\/uploads\/2021\/01\/buchfamsel-1024x695.jpg 1024w, https:\/\/adele-sansone.com\/wordpress\/wp-content\/uploads\/2021\/01\/buchfamsel-300x204.jpg 300w, https:\/\/adele-sansone.com\/wordpress\/wp-content\/uploads\/2021\/01\/buchfamsel-768x521.jpg 768w, https:\/\/adele-sansone.com\/wordpress\/wp-content\/uploads\/2021\/01\/buchfamsel-1536x1043.jpg 1536w, https:\/\/adele-sansone.com\/wordpress\/wp-content\/uploads\/2021\/01\/buchfamsel-640x434.jpg 640w, https:\/\/adele-sansone.com\/wordpress\/wp-content\/uploads\/2021\/01\/buchfamsel-442x300.jpg 442w, https:\/\/adele-sansone.com\/wordpress\/wp-content\/uploads\/2021\/01\/buchfamsel.jpg 1591w\" sizes=\"auto, (max-width: 1024px) 100vw, 1024px\" \/><\/figure><\/li><li class=\"blocks-gallery-item\"><figure><img loading=\"lazy\" decoding=\"async\" width=\"1024\" height=\"683\" src=\"https:\/\/adele-sansone.com\/wordpress\/wp-content\/uploads\/2021\/01\/IMG_0638-1024x683.jpg\" alt=\"\" data-id=\"2691\" data-full-url=\"https:\/\/adele-sansone.com\/wordpress\/wp-content\/uploads\/2021\/01\/IMG_0638-scaled.jpg\" data-link=\"https:\/\/adele-sansone.com\/wordpress\/?attachment_id=2691\" class=\"wp-image-2691\" srcset=\"https:\/\/adele-sansone.com\/wordpress\/wp-content\/uploads\/2021\/01\/IMG_0638-1024x683.jpg 1024w, https:\/\/adele-sansone.com\/wordpress\/wp-content\/uploads\/2021\/01\/IMG_0638-300x200.jpg 300w, https:\/\/adele-sansone.com\/wordpress\/wp-content\/uploads\/2021\/01\/IMG_0638-768x512.jpg 768w, https:\/\/adele-sansone.com\/wordpress\/wp-content\/uploads\/2021\/01\/IMG_0638-1536x1024.jpg 1536w, https:\/\/adele-sansone.com\/wordpress\/wp-content\/uploads\/2021\/01\/IMG_0638-2048x1365.jpg 2048w, https:\/\/adele-sansone.com\/wordpress\/wp-content\/uploads\/2021\/01\/IMG_0638-640x427.jpg 640w, https:\/\/adele-sansone.com\/wordpress\/wp-content\/uploads\/2021\/01\/IMG_0638-450x300.jpg 450w\" sizes=\"auto, (max-width: 1024px) 100vw, 1024px\" \/><\/figure><\/li><\/ul><\/figure>\n\n\n\n<ul class=\"wp-block-list\"><li>Noch mehr zum Thema V\u00f6gel:<\/li><li><a href=\"https:\/\/pagewizz.com\/ein-bunter-vogel-der-stieglitz-34728\/\">Stieglitz<\/a><\/li><li><a href=\"https:\/\/pagewizz.com\/sperling-spatz-ein-weit-verbreiteter-vogel-36176\/\">Sperling\/Spatz<\/a><\/li><li><a href=\"https:\/\/pagewizz.com\/zirbe-und-tannenhaher-wenn-ein-baum-einen-vogel-hat-32191\/\">Tannenh\u00e4her<\/a><\/li><li><a href=\"https:\/\/adele-sansone.com\/wordpress\/2021\/01\/07\/rotkehlchen\/\">Rotkehlchen<\/a><\/li><li><a href=\"https:\/\/adele-sansone.com\/wordpress\/2020\/12\/21\/gefiederte-wintergaeste\/\">Gefiederte Winterg\u00e4ste<\/a><\/li><li><a href=\"https:\/\/pagewizz.com\/was-ist-so-besonders-an-den-spechten-34373\/\" data-type=\"URL\" data-id=\"https:\/\/pagewizz.com\/was-ist-so-besonders-an-den-spechten-34373\/\">Spechte<\/a><\/li><li><a href=\"https:\/\/pagewizz.com\/6-interessante-fakten-uber-den-grunspecht-27730\/\">Gr\u00fcnspecht<\/a><\/li><li><a href=\"https:\/\/pagewizz.com\/waldrapp-und-burghausen-ein-artenschutzprojekt-der-besonderen-klasse\/\">Waldrapp<\/a><br><\/li><\/ul>\n","protected":false},"excerpt":{"rendered":"<p>Das B\u00e4uchlein r\u00f6tlich, jedoch nicht so grell wie ein Gimpel, blitzende wei\u00dfe Streifen im Flug, ein gesch\u00e4ftiges Hin- und Hergehen auf der Suche nach K\u00f6rnern am Boden unter den Futterh\u00e4usern; so k\u00f6nnte man den Buchfinken (Fringilla coelebs) kurz beschreiben.<\/p>\n","protected":false},"author":2,"featured_media":2686,"comment_status":"closed","ping_status":"open","sticky":false,"template":"","format":"standard","meta":{"footnotes":""},"categories":[1],"types\/post":[229,17,27],"post_format":[],"class_list":["post-2685","post","type-post","status-publish","format-standard","has-post-thumbnail","hentry","category-allgemein","tag-naturnaher-garten","tag-tiere","tag-vogel"],"_links":{"self":[{"href":"https:\/\/adele-sansone.com\/wordpress\/wp-json\/wp\/v2\/posts\/2685","targetHints":{"allow":["GET"]}}],"collection":[{"href":"https:\/\/adele-sansone.com\/wordpress\/wp-json\/wp\/v2\/posts"}],"about":[{"href":"https:\/\/adele-sansone.com\/wordpress\/wp-json\/wp\/v2\/types\/post"}],"author":[{"embeddable":true,"href":"https:\/\/adele-sansone.com\/wordpress\/wp-json\/wp\/v2\/users\/2"}],"replies":[{"embeddable":true,"href":"https:\/\/adele-sansone.com\/wordpress\/wp-json\/wp\/v2\/comments?post=2685"}],"version-history":[{"count":1,"href":"https:\/\/adele-sansone.com\/wordpress\/wp-json\/wp\/v2\/posts\/2685\/revisions"}],"predecessor-version":[{"id":2692,"href":"https:\/\/adele-sansone.com\/wordpress\/wp-json\/wp\/v2\/posts\/2685\/revisions\/2692"}],"wp:featuredmedia":[{"embeddable":true,"href":"https:\/\/adele-sansone.com\/wordpress\/wp-json\/wp\/v2\/media\/2686"}],"wp:attachment":[{"href":"https:\/\/adele-sansone.com\/wordpress\/wp-json\/wp\/v2\/media?parent=2685"}],"wp:term":[{"taxonomy":"category","embeddable":true,"href":"https:\/\/adele-sansone.com\/wordpress\/wp-json\/wp\/v2\/categories?post=2685"},{"taxonomy":"post_tag","embeddable":true,"href":"https:\/\/adele-sansone.com\/wordpress\/wp-json\/wp\/v2\/types\/post?post=2685"},{"taxonomy":"post_format","embeddable":true,"href":"https:\/\/adele-sansone.com\/wordpress\/wp-json\/wp\/v2\/post_format?post=2685"}],"curies":[{"name":"wp","href":"https:\/\/api.w.org\/{rel}","templated":true}]}}