{"id":285,"date":"2019-06-18T15:57:29","date_gmt":"2019-06-18T13:57:29","guid":{"rendered":"https:\/\/adele-sansone.com\/wordpress\/?p=285"},"modified":"2026-05-01T16:30:15","modified_gmt":"2026-05-01T14:30:15","slug":"trauer-rosenkaefer","status":"publish","type":"post","link":"https:\/\/adele-sansone.com\/wordpress\/2019\/06\/18\/trauer-rosenkaefer\/","title":{"rendered":"Trauer-Rosenk\u00e4fer"},"content":{"rendered":"<div class=\"wp-block-image\">\n<figure class=\"aligncenter is-resized\"><img loading=\"lazy\" decoding=\"async\" src=\"https:\/\/adele-sansone.com\/wordpress\/wp-content\/uploads\/2019\/06\/DSC00770-1024x692.jpg\" alt=\"\" class=\"wp-image-286\" width=\"456\" height=\"307\" srcset=\"https:\/\/adele-sansone.com\/wordpress\/wp-content\/uploads\/2019\/06\/DSC00770-1024x692.jpg 1024w, https:\/\/adele-sansone.com\/wordpress\/wp-content\/uploads\/2019\/06\/DSC00770-300x203.jpg 300w, https:\/\/adele-sansone.com\/wordpress\/wp-content\/uploads\/2019\/06\/DSC00770-768x519.jpg 768w, https:\/\/adele-sansone.com\/wordpress\/wp-content\/uploads\/2019\/06\/DSC00770-150x101.jpg 150w\" sizes=\"auto, (max-width: 456px) 100vw, 456px\" \/><figcaption class=\"wp-element-caption\">Trauer-Rosenk\u00e4fer<\/figcaption><\/figure>\n<\/div>\n\n\n<p>Der <strong>Trauer-Rosenk\u00e4fer<\/strong> (<em>Oxythyrea funesta<\/em>) geh\u00f6rt zur Unterfamilie der Rosenk\u00e4fer.<\/p>\n\n\n\n<!--more-->\n\n\n\n<p><\/p>\n\n\n\n<p>Die K\u00e4fer werden 8 bis 12 Millimeter lang. Der K\u00f6rper ist schwarz gef\u00e4rbt, nicht so metallisch gl\u00e4nzend wie der Rosenk\u00e4fer. Auff\u00e4lliges Merkmal ist die struppige, wei\u00dfe Behaarung<strong> und kleine wei\u00dfe Flecken auf den Deckfl\u00fcgeln<\/strong>. Auf dem Halsschild kann man je 3 wei\u00dfe Punkte parallel in L\u00e4ngsreihen erkennen. Die Deckfl\u00fcgel besitzen f\u00fcnf erhabene L\u00e4ngsstreifen. Bei \u00e4lteren Exemplaren sind meist keine Haare mehr zu finden, da diese mit der Zeit abgerieben werden.<\/p>\n\n\n<div class=\"wp-block-image\">\n<figure class=\"aligncenter is-resized\"><img loading=\"lazy\" decoding=\"async\" src=\"https:\/\/adele-sansone.com\/wordpress\/wp-content\/uploads\/2019\/06\/DSC00822-Trauer-Rosenk\u00e4fer-1024x955.jpg\" alt=\"\" class=\"wp-image-294\" width=\"434\" height=\"404\" srcset=\"https:\/\/adele-sansone.com\/wordpress\/wp-content\/uploads\/2019\/06\/DSC00822-Trauer-Rosenk\u00e4fer-1024x955.jpg 1024w, https:\/\/adele-sansone.com\/wordpress\/wp-content\/uploads\/2019\/06\/DSC00822-Trauer-Rosenk\u00e4fer-300x280.jpg 300w, https:\/\/adele-sansone.com\/wordpress\/wp-content\/uploads\/2019\/06\/DSC00822-Trauer-Rosenk\u00e4fer-768x716.jpg 768w, https:\/\/adele-sansone.com\/wordpress\/wp-content\/uploads\/2019\/06\/DSC00822-Trauer-Rosenk\u00e4fer-150x140.jpg 150w, https:\/\/adele-sansone.com\/wordpress\/wp-content\/uploads\/2019\/06\/DSC00822-Trauer-Rosenk\u00e4fer.jpg 1929w\" sizes=\"auto, (max-width: 434px) 100vw, 434px\" \/><figcaption class=\"wp-element-caption\">Paarungszeit Trauer-Rosenk\u00e4fer<\/figcaption><\/figure>\n<\/div>\n\n\n<p>Der <strong>Trauer-Rosenk\u00e4fer<\/strong> ist bevorzugt an sonnigen Waldr\u00e4ndern, auf bl\u00fctenreichen Wiesen, Mager- und Trockenrasen sowie in Steppen und Heiden anzutreffen. Eigentlich ist er ein Kind des Mittelmeerraums. In unseren Breiten ist er eher selten anzutreffen. Von Mai bis Juli ist Flugzeit und Paarungszeit. <\/p>\n\n\n\n<p><\/p>\n\n\n\n<p><strong>Fast ein Viertel aller Tierarten sind K\u00e4fer.<\/strong><\/p>\n\n\n\n<p>Sein bekannterer Vertreter, <a href=\"https:\/\/pagewizz.com\/der-rosenkafer-stellt-sich-vor-37102\/\">der Rosenk\u00e4fer<\/a>, stellt sich hier vor:<\/p>\n\n\n<div class=\"wp-block-image\">\n<figure class=\"aligncenter is-resized\"><img loading=\"lazy\" decoding=\"async\" src=\"https:\/\/adele-sansone.com\/wordpress\/wp-content\/uploads\/2019\/06\/Rosenk\u00e4fer-03-1024x666.jpg\" alt=\"\" class=\"wp-image-297\" width=\"474\" height=\"308\" srcset=\"https:\/\/adele-sansone.com\/wordpress\/wp-content\/uploads\/2019\/06\/Rosenk\u00e4fer-03-1024x666.jpg 1024w, https:\/\/adele-sansone.com\/wordpress\/wp-content\/uploads\/2019\/06\/Rosenk\u00e4fer-03-300x195.jpg 300w, https:\/\/adele-sansone.com\/wordpress\/wp-content\/uploads\/2019\/06\/Rosenk\u00e4fer-03-768x500.jpg 768w, https:\/\/adele-sansone.com\/wordpress\/wp-content\/uploads\/2019\/06\/Rosenk\u00e4fer-03-150x98.jpg 150w, https:\/\/adele-sansone.com\/wordpress\/wp-content\/uploads\/2019\/06\/Rosenk\u00e4fer-03.jpg 1405w\" sizes=\"auto, (max-width: 474px) 100vw, 474px\" \/><figcaption class=\"wp-element-caption\">Rosenk\u00e4fer<\/figcaption><\/figure>\n<\/div>\n\n\n<p><strong>Allgemeines zu den K\u00e4fern<\/strong>:<br>Von Riesenexemplaren bis zu kaum erkennbarer Gr\u00f6\u00dfe gibt es sie. Stichworte: Gliederf\u00fc\u00dfer, kr\u00e4ftiger K\u00f6rper (Imago), versteifte Vorderfl\u00fcgel, welche die Hinterfl\u00fcgel bedecken und sch\u00fctzen.<\/p>\n\n\n\n<p>Entwicklung im Zeitraffer: Weibchen legt Eier auf geeignete Stellen. Larve schl\u00fcpft auf seiner Futterpflanze. Larve h\u00e4utet sich mehrmals. Puppe bildet sich (Ruhe und Entwicklung zum eng\u00fcltigen Imago) K\u00e4fer schl\u00fcpft, K\u00f6rperh\u00fclle ist noch weich. K\u00f6rperh\u00fclle erh\u00e4rtet sich und verf\u00e4rbt sich je nach Art.<\/p>\n\n\n\n<p>Wer mehr von den Rosenk\u00e4fern wissen m\u00f6chte, <a href=\"https:\/\/pagewizz.com\/der-rosenkafer-stellt-sich-vor-37102\/\">liest hier weiter.<\/a><\/p>\n\n\n\n<p>Noch mehr an K\u00e4fern &#8230;<br><a href=\"https:\/\/adele-sansone.com\/wordpress\/2020\/08\/16\/schmalbock-ahoi\/\">Schmalbockk\u00e4fer<\/a><\/p>\n\n\n\n<p><\/p>\n\n\n\n<p>&nbsp;<\/p>\n","protected":false},"excerpt":{"rendered":"<p>Der Trauer-Rosenk\u00e4fer (Oxythyrea funesta) geh\u00f6rt zur Unterfamilie der Rosenk\u00e4fer.<\/p>\n","protected":false},"author":2,"featured_media":1566,"comment_status":"closed","ping_status":"open","sticky":true,"template":"","format":"standard","meta":{"footnotes":""},"categories":[1],"types\/post":[21,146,17],"post_format":[],"class_list":["post-285","post","type-post","status-publish","format-standard","has-post-thumbnail","hentry","category-allgemein","tag-insekten","tag-kaefer","tag-tiere"],"_links":{"self":[{"href":"https:\/\/adele-sansone.com\/wordpress\/wp-json\/wp\/v2\/posts\/285","targetHints":{"allow":["GET"]}}],"collection":[{"href":"https:\/\/adele-sansone.com\/wordpress\/wp-json\/wp\/v2\/posts"}],"about":[{"href":"https:\/\/adele-sansone.com\/wordpress\/wp-json\/wp\/v2\/types\/post"}],"author":[{"embeddable":true,"href":"https:\/\/adele-sansone.com\/wordpress\/wp-json\/wp\/v2\/users\/2"}],"replies":[{"embeddable":true,"href":"https:\/\/adele-sansone.com\/wordpress\/wp-json\/wp\/v2\/comments?post=285"}],"version-history":[{"count":15,"href":"https:\/\/adele-sansone.com\/wordpress\/wp-json\/wp\/v2\/posts\/285\/revisions"}],"predecessor-version":[{"id":3935,"href":"https:\/\/adele-sansone.com\/wordpress\/wp-json\/wp\/v2\/posts\/285\/revisions\/3935"}],"wp:featuredmedia":[{"embeddable":true,"href":"https:\/\/adele-sansone.com\/wordpress\/wp-json\/wp\/v2\/media\/1566"}],"wp:attachment":[{"href":"https:\/\/adele-sansone.com\/wordpress\/wp-json\/wp\/v2\/media?parent=285"}],"wp:term":[{"taxonomy":"category","embeddable":true,"href":"https:\/\/adele-sansone.com\/wordpress\/wp-json\/wp\/v2\/categories?post=285"},{"taxonomy":"post_tag","embeddable":true,"href":"https:\/\/adele-sansone.com\/wordpress\/wp-json\/wp\/v2\/types\/post?post=285"},{"taxonomy":"post_format","embeddable":true,"href":"https:\/\/adele-sansone.com\/wordpress\/wp-json\/wp\/v2\/post_format?post=285"}],"curies":[{"name":"wp","href":"https:\/\/api.w.org\/{rel}","templated":true}]}}