{"id":3056,"date":"2021-07-13T17:26:59","date_gmt":"2021-07-13T15:26:59","guid":{"rendered":"https:\/\/adele-sansone.com\/wordpress\/?p=3056"},"modified":"2024-07-24T10:41:07","modified_gmt":"2024-07-24T08:41:07","slug":"mach-mal-gelb-im-garten","status":"publish","type":"post","link":"https:\/\/adele-sansone.com\/wordpress\/2021\/07\/13\/mach-mal-gelb-im-garten\/","title":{"rendered":"Mach mal GELB im Garten"},"content":{"rendered":"<div class=\"wp-block-image is-style-default\">\n<figure class=\"aligncenter size-large is-resized\"><img loading=\"lazy\" decoding=\"async\" width=\"1024\" height=\"576\" src=\"https:\/\/adele-sansone.com\/wordpress\/wp-content\/uploads\/2021\/07\/DSC00758-Gilbweiderich-1024x576.jpg\" alt=\"\" class=\"wp-image-3060\" style=\"width:512px;height:288px\" srcset=\"https:\/\/adele-sansone.com\/wordpress\/wp-content\/uploads\/2021\/07\/DSC00758-Gilbweiderich-1024x576.jpg 1024w, https:\/\/adele-sansone.com\/wordpress\/wp-content\/uploads\/2021\/07\/DSC00758-Gilbweiderich-300x169.jpg 300w, https:\/\/adele-sansone.com\/wordpress\/wp-content\/uploads\/2021\/07\/DSC00758-Gilbweiderich-768x432.jpg 768w, https:\/\/adele-sansone.com\/wordpress\/wp-content\/uploads\/2021\/07\/DSC00758-Gilbweiderich-1536x864.jpg 1536w, https:\/\/adele-sansone.com\/wordpress\/wp-content\/uploads\/2021\/07\/DSC00758-Gilbweiderich-2048x1152.jpg 2048w, https:\/\/adele-sansone.com\/wordpress\/wp-content\/uploads\/2021\/07\/DSC00758-Gilbweiderich-640x360.jpg 640w, https:\/\/adele-sansone.com\/wordpress\/wp-content\/uploads\/2021\/07\/DSC00758-Gilbweiderich-533x300.jpg 533w\" sizes=\"auto, (max-width: 1024px) 100vw, 1024px\" \/><\/figure>\n<\/div>\n\n\n<p>Ich wei\u00df ja nicht, wie es euch geht, aber so manches Jahr fordert einen gartenm\u00e4\u00dfig ganz sch\u00f6n heraus. Und dass es nach einem sehr langen kalten Fr\u00fchjahr dann zu regional \u00e4u\u00dferst unterschiedlichen Sommererscheinungen kommt (die einen haben nasse F\u00fc\u00dfe, die anderen st\u00f6hnen \u00fcber Trockenheit und Hitze), passt ja dazu. Deshalb freue ich mich eigentlich sehr \u00fcber all die vielen &#8222;Sonnen&#8220;, die schlussendlich im Garten bl\u00fchen.<\/p>\n\n\n\n<!--more-->\n\n\n\n<figure class=\"wp-block-gallery has-nested-images columns-default is-cropped wp-block-gallery-1 is-layout-flex wp-block-gallery-is-layout-flex\">\n<figure class=\"wp-block-image size-large is-style-default\"><img loading=\"lazy\" decoding=\"async\" width=\"577\" height=\"1024\" data-id=\"3058\" src=\"https:\/\/adele-sansone.com\/wordpress\/wp-content\/uploads\/2021\/07\/DSC02014-577x1024.jpg\" alt=\"\" class=\"wp-image-3058\" srcset=\"https:\/\/adele-sansone.com\/wordpress\/wp-content\/uploads\/2021\/07\/DSC02014-577x1024.jpg 577w, https:\/\/adele-sansone.com\/wordpress\/wp-content\/uploads\/2021\/07\/DSC02014-169x300.jpg 169w, https:\/\/adele-sansone.com\/wordpress\/wp-content\/uploads\/2021\/07\/DSC02014-768x1363.jpg 768w, https:\/\/adele-sansone.com\/wordpress\/wp-content\/uploads\/2021\/07\/DSC02014-866x1536.jpg 866w, https:\/\/adele-sansone.com\/wordpress\/wp-content\/uploads\/2021\/07\/DSC02014-1154x2048.jpg 1154w, https:\/\/adele-sansone.com\/wordpress\/wp-content\/uploads\/2021\/07\/DSC02014-640x1136.jpg 640w, https:\/\/adele-sansone.com\/wordpress\/wp-content\/uploads\/2021\/07\/DSC02014-scaled.jpg 1443w\" sizes=\"auto, (max-width: 577px) 100vw, 577px\" \/><figcaption class=\"wp-element-caption\">Gem\u00fcsebl\u00fcten<\/figcaption><\/figure>\n\n\n\n<figure class=\"wp-block-image size-large is-style-default\"><img loading=\"lazy\" decoding=\"async\" width=\"577\" height=\"1024\" data-id=\"3059\" src=\"https:\/\/adele-sansone.com\/wordpress\/wp-content\/uploads\/2021\/07\/DSC02020-577x1024.jpg\" alt=\"\" class=\"wp-image-3059\" srcset=\"https:\/\/adele-sansone.com\/wordpress\/wp-content\/uploads\/2021\/07\/DSC02020-577x1024.jpg 577w, https:\/\/adele-sansone.com\/wordpress\/wp-content\/uploads\/2021\/07\/DSC02020-169x300.jpg 169w, https:\/\/adele-sansone.com\/wordpress\/wp-content\/uploads\/2021\/07\/DSC02020-768x1363.jpg 768w, https:\/\/adele-sansone.com\/wordpress\/wp-content\/uploads\/2021\/07\/DSC02020-866x1536.jpg 866w, https:\/\/adele-sansone.com\/wordpress\/wp-content\/uploads\/2021\/07\/DSC02020-1154x2048.jpg 1154w, https:\/\/adele-sansone.com\/wordpress\/wp-content\/uploads\/2021\/07\/DSC02020-640x1136.jpg 640w, https:\/\/adele-sansone.com\/wordpress\/wp-content\/uploads\/2021\/07\/DSC02020-scaled.jpg 1443w\" sizes=\"auto, (max-width: 577px) 100vw, 577px\" \/><figcaption class=\"wp-element-caption\">Hahnenfu\u00df<\/figcaption><\/figure>\n\n\n\n<figure class=\"wp-block-image size-large is-style-default\"><img loading=\"lazy\" decoding=\"async\" width=\"1024\" height=\"576\" data-id=\"3060\" src=\"https:\/\/adele-sansone.com\/wordpress\/wp-content\/uploads\/2021\/07\/DSC00758-Gilbweiderich-1024x576.jpg\" alt=\"\" class=\"wp-image-3060\" srcset=\"https:\/\/adele-sansone.com\/wordpress\/wp-content\/uploads\/2021\/07\/DSC00758-Gilbweiderich-1024x576.jpg 1024w, https:\/\/adele-sansone.com\/wordpress\/wp-content\/uploads\/2021\/07\/DSC00758-Gilbweiderich-300x169.jpg 300w, https:\/\/adele-sansone.com\/wordpress\/wp-content\/uploads\/2021\/07\/DSC00758-Gilbweiderich-768x432.jpg 768w, https:\/\/adele-sansone.com\/wordpress\/wp-content\/uploads\/2021\/07\/DSC00758-Gilbweiderich-1536x864.jpg 1536w, https:\/\/adele-sansone.com\/wordpress\/wp-content\/uploads\/2021\/07\/DSC00758-Gilbweiderich-2048x1152.jpg 2048w, https:\/\/adele-sansone.com\/wordpress\/wp-content\/uploads\/2021\/07\/DSC00758-Gilbweiderich-640x360.jpg 640w, https:\/\/adele-sansone.com\/wordpress\/wp-content\/uploads\/2021\/07\/DSC00758-Gilbweiderich-533x300.jpg 533w\" sizes=\"auto, (max-width: 1024px) 100vw, 1024px\" \/><figcaption class=\"wp-element-caption\">Gilbweiderich<\/figcaption><\/figure>\n<\/figure>\n\n\n\n<p>Eigentlich ist in meinem Garten eher alles Blau\/Pink\/Wei\u00df; jedoch im Fr\u00fchling braucht man\/frau schon hoffnungsvolles Gelb: so zB die liebevoll ausgefranste Tulpe &#8222;<a href=\"https:\/\/adele-sansone.com\/wordpress\/2024\/04\/14\/tulpe-golden-leo\/\">Golden Leo<\/a>&#8220; oder die zahlreichen unterschiedlichen <a href=\"https:\/\/pagewizz.com\/narzisse-osterglocke-viele-interessante-fakten-dazu-29764\/\">Narzissenarten und Sorten<\/a>. Die gelb bl\u00fchenden Sommerblumen behaupten sich ohne mein Zutun, ohne extra gepflanzt zu werden, bis auf wenige Ausnahmen (Sonnenblumen sind da nicht gemeint, denn die werden regelm\u00e4\u00dfig vorher von den Schnecken als Delikatesse verzehrt).<\/p>\n\n\n\n<p>Aber viele Gem\u00fcsesorten, besonders die <a href=\"https:\/\/pagewizz.com\/brokkoli-und-seine-pflanzenfamilie-die-kreuzblutler-30877\/\" data-type=\"URL\" data-id=\"https:\/\/pagewizz.com\/brokkoli-und-seine-pflanzenfamilie-die-kreuzblutler-30877\/\">Kreuzbl\u00fctler<\/a>, bl\u00fchen in Gelb und daran erfreuen sich dann auch die Insekten, die voll einverstanden sind, dass sich bei mir so mancher Salat oder <a href=\"https:\/\/pagewizz.com\/warum-man-senf-im-garten-anbauen-sollte-38143\/\">Senf <\/a>austoben darf. <\/p>\n\n\n\n<figure class=\"wp-block-gallery has-nested-images columns-default is-cropped wp-block-gallery-2 is-layout-flex wp-block-gallery-is-layout-flex\">\n<figure class=\"wp-block-image size-large is-style-default\"><img loading=\"lazy\" decoding=\"async\" width=\"576\" height=\"1024\" data-id=\"3062\" src=\"https:\/\/adele-sansone.com\/wordpress\/wp-content\/uploads\/2021\/07\/DSC00797-576x1024.jpg\" alt=\"\" class=\"wp-image-3062\" srcset=\"https:\/\/adele-sansone.com\/wordpress\/wp-content\/uploads\/2021\/07\/DSC00797-576x1024.jpg 576w, https:\/\/adele-sansone.com\/wordpress\/wp-content\/uploads\/2021\/07\/DSC00797-169x300.jpg 169w, https:\/\/adele-sansone.com\/wordpress\/wp-content\/uploads\/2021\/07\/DSC00797-768x1365.jpg 768w, https:\/\/adele-sansone.com\/wordpress\/wp-content\/uploads\/2021\/07\/DSC00797-864x1536.jpg 864w, https:\/\/adele-sansone.com\/wordpress\/wp-content\/uploads\/2021\/07\/DSC00797-1152x2048.jpg 1152w, https:\/\/adele-sansone.com\/wordpress\/wp-content\/uploads\/2021\/07\/DSC00797-640x1138.jpg 640w, https:\/\/adele-sansone.com\/wordpress\/wp-content\/uploads\/2021\/07\/DSC00797-scaled.jpg 1440w\" sizes=\"auto, (max-width: 576px) 100vw, 576px\" \/><figcaption class=\"wp-element-caption\">Nachtkerzen, Oenothera biennis <\/figcaption><\/figure>\n\n\n\n<figure class=\"wp-block-image size-large is-style-default\"><img loading=\"lazy\" decoding=\"async\" width=\"577\" height=\"1024\" data-id=\"3063\" src=\"https:\/\/adele-sansone.com\/wordpress\/wp-content\/uploads\/2021\/07\/DSC02758-577x1024.jpg\" alt=\"\" class=\"wp-image-3063\" srcset=\"https:\/\/adele-sansone.com\/wordpress\/wp-content\/uploads\/2021\/07\/DSC02758-577x1024.jpg 577w, https:\/\/adele-sansone.com\/wordpress\/wp-content\/uploads\/2021\/07\/DSC02758-169x300.jpg 169w, https:\/\/adele-sansone.com\/wordpress\/wp-content\/uploads\/2021\/07\/DSC02758-768x1363.jpg 768w, https:\/\/adele-sansone.com\/wordpress\/wp-content\/uploads\/2021\/07\/DSC02758-866x1536.jpg 866w, https:\/\/adele-sansone.com\/wordpress\/wp-content\/uploads\/2021\/07\/DSC02758-1154x2048.jpg 1154w, https:\/\/adele-sansone.com\/wordpress\/wp-content\/uploads\/2021\/07\/DSC02758-640x1136.jpg 640w, https:\/\/adele-sansone.com\/wordpress\/wp-content\/uploads\/2021\/07\/DSC02758-scaled.jpg 1443w\" sizes=\"auto, (max-width: 577px) 100vw, 577px\" \/><figcaption class=\"wp-element-caption\">oder missouriensis<\/figcaption><\/figure>\n\n\n\n<figure class=\"wp-block-image size-large is-style-default\"><img loading=\"lazy\" decoding=\"async\" width=\"577\" height=\"1024\" data-id=\"3065\" src=\"https:\/\/adele-sansone.com\/wordpress\/wp-content\/uploads\/2021\/07\/DSC02720-Nachtkerzen-577x1024.jpg\" alt=\"\" class=\"wp-image-3065\" srcset=\"https:\/\/adele-sansone.com\/wordpress\/wp-content\/uploads\/2021\/07\/DSC02720-Nachtkerzen-577x1024.jpg 577w, https:\/\/adele-sansone.com\/wordpress\/wp-content\/uploads\/2021\/07\/DSC02720-Nachtkerzen-169x300.jpg 169w, https:\/\/adele-sansone.com\/wordpress\/wp-content\/uploads\/2021\/07\/DSC02720-Nachtkerzen-768x1363.jpg 768w, https:\/\/adele-sansone.com\/wordpress\/wp-content\/uploads\/2021\/07\/DSC02720-Nachtkerzen-866x1536.jpg 866w, https:\/\/adele-sansone.com\/wordpress\/wp-content\/uploads\/2021\/07\/DSC02720-Nachtkerzen-1154x2048.jpg 1154w, https:\/\/adele-sansone.com\/wordpress\/wp-content\/uploads\/2021\/07\/DSC02720-Nachtkerzen-640x1136.jpg 640w, https:\/\/adele-sansone.com\/wordpress\/wp-content\/uploads\/2021\/07\/DSC02720-Nachtkerzen-scaled.jpg 1443w\" sizes=\"auto, (max-width: 577px) 100vw, 577px\" \/><figcaption class=\"wp-element-caption\">bis glazioviana<\/figcaption><\/figure>\n\n\n\n<figure class=\"wp-block-image size-large is-style-default\"><img loading=\"lazy\" decoding=\"async\" width=\"576\" height=\"1024\" data-id=\"3061\" src=\"https:\/\/adele-sansone.com\/wordpress\/wp-content\/uploads\/2021\/07\/DSC00768-Frauenmantel-1-576x1024.jpg\" alt=\"\" class=\"wp-image-3061\" srcset=\"https:\/\/adele-sansone.com\/wordpress\/wp-content\/uploads\/2021\/07\/DSC00768-Frauenmantel-1-576x1024.jpg 576w, https:\/\/adele-sansone.com\/wordpress\/wp-content\/uploads\/2021\/07\/DSC00768-Frauenmantel-1-169x300.jpg 169w, https:\/\/adele-sansone.com\/wordpress\/wp-content\/uploads\/2021\/07\/DSC00768-Frauenmantel-1-768x1365.jpg 768w, https:\/\/adele-sansone.com\/wordpress\/wp-content\/uploads\/2021\/07\/DSC00768-Frauenmantel-1-864x1536.jpg 864w, https:\/\/adele-sansone.com\/wordpress\/wp-content\/uploads\/2021\/07\/DSC00768-Frauenmantel-1-1152x2048.jpg 1152w, https:\/\/adele-sansone.com\/wordpress\/wp-content\/uploads\/2021\/07\/DSC00768-Frauenmantel-1-640x1138.jpg 640w, https:\/\/adele-sansone.com\/wordpress\/wp-content\/uploads\/2021\/07\/DSC00768-Frauenmantel-1-scaled.jpg 1440w\" sizes=\"auto, (max-width: 576px) 100vw, 576px\" \/><figcaption class=\"wp-element-caption\">Gelborgie von Frauenmantel bis F\u00e4rberkamille<\/figcaption><\/figure>\n\n\n\n<figure class=\"wp-block-image size-large is-style-default\"><img loading=\"lazy\" decoding=\"async\" width=\"577\" height=\"1024\" data-id=\"3064\" src=\"https:\/\/adele-sansone.com\/wordpress\/wp-content\/uploads\/2021\/07\/DSC02739-577x1024.jpg\" alt=\"\" class=\"wp-image-3064\" srcset=\"https:\/\/adele-sansone.com\/wordpress\/wp-content\/uploads\/2021\/07\/DSC02739-577x1024.jpg 577w, https:\/\/adele-sansone.com\/wordpress\/wp-content\/uploads\/2021\/07\/DSC02739-169x300.jpg 169w, https:\/\/adele-sansone.com\/wordpress\/wp-content\/uploads\/2021\/07\/DSC02739-768x1363.jpg 768w, https:\/\/adele-sansone.com\/wordpress\/wp-content\/uploads\/2021\/07\/DSC02739-866x1536.jpg 866w, https:\/\/adele-sansone.com\/wordpress\/wp-content\/uploads\/2021\/07\/DSC02739-1154x2048.jpg 1154w, https:\/\/adele-sansone.com\/wordpress\/wp-content\/uploads\/2021\/07\/DSC02739-640x1136.jpg 640w, https:\/\/adele-sansone.com\/wordpress\/wp-content\/uploads\/2021\/07\/DSC02739-scaled.jpg 1443w\" sizes=\"auto, (max-width: 577px) 100vw, 577px\" \/><figcaption class=\"wp-element-caption\">sogar die &#8222;Empfangsrose&#8220; bl\u00fcht gelb<\/figcaption><\/figure>\n<\/figure>\n\n\n\n<p>Sobald die vielgeliebten und vor zig Jahren gepflanzten ausbreitungsfreudigen <a href=\"https:\/\/pagewizz.com\/die-nachtkerze-die-fluechtige-gelbe-schoenheit-im-garten\/\" data-type=\"URL\" data-id=\"https:\/\/pagewizz.com\/die-nachtkerze-die-fluechtige-gelbe-schoenheit-im-garten\/\">Nachtkerzen (Oenothera)<\/a> bl\u00fchen, ist Sommerzeit f\u00fcr mich. Da wird sp\u00e4tabends an den frisch erbl\u00fchenden Nachtkerzen geschnuppert und auf n\u00e4chtliche Besucher gespannt gewartet. <\/p>\n\n\n\n<p>Der Frauenmantel bildet mit den unterschiedlichen Anthemisarten (F\u00e4rberkamille, Trionfettis Hundskamille) und dem \u00fcppig bl\u00fchenden Johanniskraut <a href=\"https:\/\/pagewizz.com\/johanniskraut-heilpflanze-des-jahres-32340\/\" data-type=\"URL\" data-id=\"https:\/\/pagewizz.com\/johanniskraut-heilpflanze-des-jahres-32340\/\">(Portr\u00e4t Johanniskraut)<\/a> einen flauschigen Teppich. Da fallen die L\u00fccken, welche die einziehenden Tulpen nun hinterlassen, gar nicht mehr auf.<\/p>\n\n\n\n<figure class=\"wp-block-gallery has-nested-images columns-4 is-cropped wp-block-gallery-3 is-layout-flex wp-block-gallery-is-layout-flex\">\n<figure class=\"wp-block-image size-large is-style-default\"><img loading=\"lazy\" decoding=\"async\" width=\"1024\" height=\"576\" data-id=\"3067\" src=\"https:\/\/adele-sansone.com\/wordpress\/wp-content\/uploads\/2021\/07\/DSC00885-Anthemis-triumfetti-1024x576.jpg\" alt=\"\" class=\"wp-image-3067\" srcset=\"https:\/\/adele-sansone.com\/wordpress\/wp-content\/uploads\/2021\/07\/DSC00885-Anthemis-triumfetti-1024x576.jpg 1024w, https:\/\/adele-sansone.com\/wordpress\/wp-content\/uploads\/2021\/07\/DSC00885-Anthemis-triumfetti-300x169.jpg 300w, https:\/\/adele-sansone.com\/wordpress\/wp-content\/uploads\/2021\/07\/DSC00885-Anthemis-triumfetti-768x432.jpg 768w, https:\/\/adele-sansone.com\/wordpress\/wp-content\/uploads\/2021\/07\/DSC00885-Anthemis-triumfetti-1536x864.jpg 1536w, https:\/\/adele-sansone.com\/wordpress\/wp-content\/uploads\/2021\/07\/DSC00885-Anthemis-triumfetti-2048x1152.jpg 2048w, https:\/\/adele-sansone.com\/wordpress\/wp-content\/uploads\/2021\/07\/DSC00885-Anthemis-triumfetti-640x360.jpg 640w, https:\/\/adele-sansone.com\/wordpress\/wp-content\/uploads\/2021\/07\/DSC00885-Anthemis-triumfetti-533x300.jpg 533w\" sizes=\"auto, (max-width: 1024px) 100vw, 1024px\" \/><\/figure>\n\n\n\n<figure class=\"wp-block-image size-large is-style-default\"><img loading=\"lazy\" decoding=\"async\" width=\"1024\" height=\"577\" data-id=\"3066\" src=\"https:\/\/adele-sansone.com\/wordpress\/wp-content\/uploads\/2021\/07\/DSC02717-Goldmohn-1024x577.jpg\" alt=\"\" class=\"wp-image-3066\" srcset=\"https:\/\/adele-sansone.com\/wordpress\/wp-content\/uploads\/2021\/07\/DSC02717-Goldmohn-1024x577.jpg 1024w, https:\/\/adele-sansone.com\/wordpress\/wp-content\/uploads\/2021\/07\/DSC02717-Goldmohn-300x169.jpg 300w, https:\/\/adele-sansone.com\/wordpress\/wp-content\/uploads\/2021\/07\/DSC02717-Goldmohn-768x433.jpg 768w, https:\/\/adele-sansone.com\/wordpress\/wp-content\/uploads\/2021\/07\/DSC02717-Goldmohn-1536x866.jpg 1536w, https:\/\/adele-sansone.com\/wordpress\/wp-content\/uploads\/2021\/07\/DSC02717-Goldmohn-2048x1154.jpg 2048w, https:\/\/adele-sansone.com\/wordpress\/wp-content\/uploads\/2021\/07\/DSC02717-Goldmohn-640x361.jpg 640w, https:\/\/adele-sansone.com\/wordpress\/wp-content\/uploads\/2021\/07\/DSC02717-Goldmohn-532x300.jpg 532w\" sizes=\"auto, (max-width: 1024px) 100vw, 1024px\" \/><\/figure>\n\n\n\n<figure class=\"wp-block-image size-large is-style-default\"><img loading=\"lazy\" decoding=\"async\" width=\"1024\" height=\"576\" data-id=\"3068\" src=\"https:\/\/adele-sansone.com\/wordpress\/wp-content\/uploads\/2021\/07\/DSC00803-Maedchenauge-u-Schleierkraut-1024x576.jpg\" alt=\"\" class=\"wp-image-3068\" srcset=\"https:\/\/adele-sansone.com\/wordpress\/wp-content\/uploads\/2021\/07\/DSC00803-Maedchenauge-u-Schleierkraut-1024x576.jpg 1024w, https:\/\/adele-sansone.com\/wordpress\/wp-content\/uploads\/2021\/07\/DSC00803-Maedchenauge-u-Schleierkraut-300x169.jpg 300w, https:\/\/adele-sansone.com\/wordpress\/wp-content\/uploads\/2021\/07\/DSC00803-Maedchenauge-u-Schleierkraut-768x432.jpg 768w, https:\/\/adele-sansone.com\/wordpress\/wp-content\/uploads\/2021\/07\/DSC00803-Maedchenauge-u-Schleierkraut-1536x864.jpg 1536w, https:\/\/adele-sansone.com\/wordpress\/wp-content\/uploads\/2021\/07\/DSC00803-Maedchenauge-u-Schleierkraut-2048x1152.jpg 2048w, https:\/\/adele-sansone.com\/wordpress\/wp-content\/uploads\/2021\/07\/DSC00803-Maedchenauge-u-Schleierkraut-640x360.jpg 640w, https:\/\/adele-sansone.com\/wordpress\/wp-content\/uploads\/2021\/07\/DSC00803-Maedchenauge-u-Schleierkraut-533x300.jpg 533w\" sizes=\"auto, (max-width: 1024px) 100vw, 1024px\" \/><\/figure>\n\n\n\n<figure class=\"wp-block-image size-large is-style-default\"><img loading=\"lazy\" decoding=\"async\" width=\"576\" height=\"1024\" data-id=\"3074\" src=\"https:\/\/adele-sansone.com\/wordpress\/wp-content\/uploads\/2021\/07\/DSC00768-576x1024.jpg\" alt=\"\" class=\"wp-image-3074\" srcset=\"https:\/\/adele-sansone.com\/wordpress\/wp-content\/uploads\/2021\/07\/DSC00768-576x1024.jpg 576w, https:\/\/adele-sansone.com\/wordpress\/wp-content\/uploads\/2021\/07\/DSC00768-169x300.jpg 169w, https:\/\/adele-sansone.com\/wordpress\/wp-content\/uploads\/2021\/07\/DSC00768-768x1365.jpg 768w, https:\/\/adele-sansone.com\/wordpress\/wp-content\/uploads\/2021\/07\/DSC00768-864x1536.jpg 864w, https:\/\/adele-sansone.com\/wordpress\/wp-content\/uploads\/2021\/07\/DSC00768-1152x2048.jpg 1152w, https:\/\/adele-sansone.com\/wordpress\/wp-content\/uploads\/2021\/07\/DSC00768-640x1138.jpg 640w, https:\/\/adele-sansone.com\/wordpress\/wp-content\/uploads\/2021\/07\/DSC00768-scaled.jpg 1440w\" sizes=\"auto, (max-width: 576px) 100vw, 576px\" \/><\/figure>\n<\/figure>\n\n\n\n<p><a href=\"https:\/\/pagewizz.com\/der-kalifornische-goldmohn-35167\/\" data-type=\"URL\" data-id=\"https:\/\/pagewizz.com\/der-kalifornische-goldmohn-35167\/\">Goldmohn<\/a>, <a href=\"https:\/\/pagewizz.com\/lilien-und-taglilien-was-ist-der-unterschied-30797\/\" data-type=\"URL\" data-id=\"https:\/\/pagewizz.com\/lilien-und-taglilien-was-ist-der-unterschied-30797\/\">Ockerfarbene Taglilien<\/a> und die wei\u00df-gelb bl\u00fchenden Kamillen, M\u00e4dchenaugen und das duftige Schleierkraut erg\u00e4nzen den sonnigen Reigen. Am Schluss muss aber auch noch die wunderbar aufragende Dill-Krone unbedingt zu Ehren kommen. Denn majest\u00e4tisch \u00fcberragt sie meist Zeit alles, was da sonst so \u00fcppig bl\u00fchen darf. Auch dunkler Himmel und der viele Regen bei uns in Nordtirol st\u00f6rt sie anscheinend \u00fcberhaupt nicht. Da muss sich die M\u00f6hrenbl\u00fcte, ob <a href=\"https:\/\/adele-sansone.com\/wordpress\/2021\/01\/27\/wilde-moehre-insektenmagnet\/\" data-type=\"URL\" data-id=\"https:\/\/adele-sansone.com\/wordpress\/2021\/01\/27\/wilde-moehre-insektenmagnet\/\">Wilde M\u00f6hre<\/a> oder Saatm\u00f6hre im H\u00f6henwachstum noch geh\u00f6rig anstrengen. <\/p>\n\n\n\n<p>Wenn \u00fcber dem Ganzen dann auch mal wieder ein Regenbogen aufgeht, dann kann ich nur sagen: &#8222;kitschiger geht&#8217;s nimmer!&#8220; und freue mich ganz einfach.<\/p>\n\n\n\n<p><\/p>\n\n\n\n<ul class=\"wp-block-list\">\n<li><a href=\"https:\/\/pagewizz.com\/ein-sonnenscheingarten-mit-viel-gelb-39482\/\" data-type=\"URL\" data-id=\"https:\/\/pagewizz.com\/ein-sonnenscheingarten-mit-viel-gelb-39482\/\">Ein Sonnenscheingarten mit viel Gelb<\/a><\/li>\n\n\n\n<li><a href=\"https:\/\/pagewizz.com\/die-nachtkerze-die-fluechtige-gelbe-schoenheit-im-garten\/\">Portr\u00e4t Nachtkerzen<\/a><\/li>\n\n\n\n<li><a href=\"https:\/\/pagewizz.com\/brokkoli-und-seine-pflanzenfamilie-die-kreuzblutler-30877\/\">Kreuzbl\u00fctler<\/a><\/li>\n\n\n\n<li><a href=\"https:\/\/pagewizz.com\/warum-man-senf-im-garten-anbauen-sollte-38143\/\" data-type=\"URL\" data-id=\"https:\/\/pagewizz.com\/warum-man-senf-im-garten-anbauen-sollte-38143\/\">Portr\u00e4t Senf<\/a><\/li>\n\n\n\n<li><a href=\"https:\/\/pagewizz.com\/johanniskraut-heilpflanze-des-jahres-32340\/\">Portr\u00e4t Johanniskraut<\/a><\/li>\n<\/ul>\n","protected":false},"excerpt":{"rendered":"<p>Ich wei\u00df ja nicht, wie es euch geht, aber so manches Jahr fordert einen gartenm\u00e4\u00dfig ganz sch\u00f6n heraus. Und dass es nach einem sehr langen kalten Fr\u00fchjahr dann zu regional \u00e4u\u00dferst unterschiedlichen Sommererscheinungen kommt (die einen haben nasse F\u00fc\u00dfe, die anderen st\u00f6hnen \u00fcber Trockenheit und Hitze), passt ja dazu. Deshalb &hellip;<\/p>\n","protected":false},"author":2,"featured_media":3060,"comment_status":"closed","ping_status":"open","sticky":false,"template":"","format":"standard","meta":{"footnotes":""},"categories":[1],"types\/post":[235,236],"post_format":[],"class_list":["post-3056","post","type-post","status-publish","format-standard","has-post-thumbnail","hentry","category-allgemein","tag-gelb","tag-sommerblumen"],"_links":{"self":[{"href":"https:\/\/adele-sansone.com\/wordpress\/wp-json\/wp\/v2\/posts\/3056","targetHints":{"allow":["GET"]}}],"collection":[{"href":"https:\/\/adele-sansone.com\/wordpress\/wp-json\/wp\/v2\/posts"}],"about":[{"href":"https:\/\/adele-sansone.com\/wordpress\/wp-json\/wp\/v2\/types\/post"}],"author":[{"embeddable":true,"href":"https:\/\/adele-sansone.com\/wordpress\/wp-json\/wp\/v2\/users\/2"}],"replies":[{"embeddable":true,"href":"https:\/\/adele-sansone.com\/wordpress\/wp-json\/wp\/v2\/comments?post=3056"}],"version-history":[{"count":9,"href":"https:\/\/adele-sansone.com\/wordpress\/wp-json\/wp\/v2\/posts\/3056\/revisions"}],"predecessor-version":[{"id":4183,"href":"https:\/\/adele-sansone.com\/wordpress\/wp-json\/wp\/v2\/posts\/3056\/revisions\/4183"}],"wp:featuredmedia":[{"embeddable":true,"href":"https:\/\/adele-sansone.com\/wordpress\/wp-json\/wp\/v2\/media\/3060"}],"wp:attachment":[{"href":"https:\/\/adele-sansone.com\/wordpress\/wp-json\/wp\/v2\/media?parent=3056"}],"wp:term":[{"taxonomy":"category","embeddable":true,"href":"https:\/\/adele-sansone.com\/wordpress\/wp-json\/wp\/v2\/categories?post=3056"},{"taxonomy":"post_tag","embeddable":true,"href":"https:\/\/adele-sansone.com\/wordpress\/wp-json\/wp\/v2\/types\/post?post=3056"},{"taxonomy":"post_format","embeddable":true,"href":"https:\/\/adele-sansone.com\/wordpress\/wp-json\/wp\/v2\/post_format?post=3056"}],"curies":[{"name":"wp","href":"https:\/\/api.w.org\/{rel}","templated":true}]}}