{"id":3100,"date":"2021-08-17T16:50:51","date_gmt":"2021-08-17T14:50:51","guid":{"rendered":"https:\/\/adele-sansone.com\/wordpress\/?p=3100"},"modified":"2026-05-01T16:32:21","modified_gmt":"2026-05-01T14:32:21","slug":"kohlweissling","status":"publish","type":"post","link":"https:\/\/adele-sansone.com\/wordpress\/2021\/08\/17\/kohlweissling\/","title":{"rendered":"Kohlwei\u00dfling"},"content":{"rendered":"\n<p>Er ist sicher einer der bekanntesten Tagfalter, dieser wei\u00dfe umherflatternde Schmetterling. Als Sch\u00e4dling in Gem\u00fcsekulturen wurde er, noch nicht lange her, mit Pestizideinsatz drastisch verfolgt. Die Frage, die sich mir stellt, ist allerdings: &#8222;Ist er in heimischen G\u00e4rten wirklich so eine Plage?&#8220;<\/p>\n\n\n\n<div class=\"wp-block-image is-style-default\"><figure class=\"aligncenter size-large is-resized\"><img loading=\"lazy\" decoding=\"async\" src=\"https:\/\/adele-sansone.com\/wordpress\/wp-content\/uploads\/2021\/08\/butterfly-4398127_1920-1024x682.jpg\" alt=\"\" class=\"wp-image-3102\" width=\"512\" height=\"341\" srcset=\"https:\/\/adele-sansone.com\/wordpress\/wp-content\/uploads\/2021\/08\/butterfly-4398127_1920-1024x682.jpg 1024w, https:\/\/adele-sansone.com\/wordpress\/wp-content\/uploads\/2021\/08\/butterfly-4398127_1920-300x200.jpg 300w, https:\/\/adele-sansone.com\/wordpress\/wp-content\/uploads\/2021\/08\/butterfly-4398127_1920-768x512.jpg 768w, https:\/\/adele-sansone.com\/wordpress\/wp-content\/uploads\/2021\/08\/butterfly-4398127_1920-1536x1023.jpg 1536w, https:\/\/adele-sansone.com\/wordpress\/wp-content\/uploads\/2021\/08\/butterfly-4398127_1920-640x426.jpg 640w, https:\/\/adele-sansone.com\/wordpress\/wp-content\/uploads\/2021\/08\/butterfly-4398127_1920-450x300.jpg 450w, https:\/\/adele-sansone.com\/wordpress\/wp-content\/uploads\/2021\/08\/butterfly-4398127_1920.jpg 1920w\" sizes=\"auto, (max-width: 512px) 100vw, 512px\" \/><figcaption>Kohlwei\u00dfling  Bild von pixabay\/jggrz<\/figcaption><\/figure><\/div>\n\n\n\n<!--more-->\n\n\n\n<p>Der <strong>Gro\u00dfe Kohlwei\u00dfling<\/strong> (<em>Pieris brassicae) <\/em>geh\u00f6rt zur Familie der Wei\u00dflinge , der Pieridae, mit 19 Arten. Dieser Tagfalter ist \u00fcberwiegend wei\u00df gef\u00e4rbt, mit schwarzem Spitzenfleck am Vorderfl\u00fcgel und zwei gro\u00dfen schwarzen Punkten. Flugzeit von April bis Oktober in drei Generationen.<\/p>\n\n\n\n<p>Mutter Kohlwei\u00dfling wei\u00df, was sie zu tun hat. Sie legt ihre Eier vorwiegend an Kohlsorten ab. Die gelbgr\u00fcnen Raupen mit dem schwarzen Punktmuster fressen sich dann fr\u00f6hlich durch so manche Kohlpflanze durch bis nur mehr ein Pflanzengerippe \u00fcberbleibt. Zur Verpuppung suchen die Raupen dann trockene Pl\u00e4tze auf, etwa an Geb\u00e4udew\u00e4nden. <\/p>\n\n\n\n<p>Feinde hat der Kohlwei\u00dfling nicht nur in Form des Menschen sondern auch durch eine Wespe, welche die Raupen parasitiert ; die Erzwespe (<em>Apanteles glomeratus) <\/em>bef\u00e4llt die Raupen, die Schlupfwespe<em> (Pteromalus puparum) <\/em>wiederum die Puppen; die Kohlwei\u00dflinge haben es nicht leicht.<\/p>\n\n\n\n<figure class=\"wp-block-gallery columns-3 is-cropped wp-block-gallery-1 is-layout-flex wp-block-gallery-is-layout-flex\"><ul class=\"blocks-gallery-grid\"><li class=\"blocks-gallery-item\"><figure><img loading=\"lazy\" decoding=\"async\" width=\"1024\" height=\"576\" src=\"https:\/\/adele-sansone.com\/wordpress\/wp-content\/uploads\/2021\/08\/DSC01337-Kohlweissling-Raupen-1024x576.jpg\" alt=\"\" data-id=\"3111\" data-link=\"https:\/\/adele-sansone.com\/wordpress\/?attachment_id=3111\" class=\"wp-image-3111\" srcset=\"https:\/\/adele-sansone.com\/wordpress\/wp-content\/uploads\/2021\/08\/DSC01337-Kohlweissling-Raupen-1024x576.jpg 1024w, https:\/\/adele-sansone.com\/wordpress\/wp-content\/uploads\/2021\/08\/DSC01337-Kohlweissling-Raupen-300x169.jpg 300w, https:\/\/adele-sansone.com\/wordpress\/wp-content\/uploads\/2021\/08\/DSC01337-Kohlweissling-Raupen-768x432.jpg 768w, https:\/\/adele-sansone.com\/wordpress\/wp-content\/uploads\/2021\/08\/DSC01337-Kohlweissling-Raupen-1536x864.jpg 1536w, https:\/\/adele-sansone.com\/wordpress\/wp-content\/uploads\/2021\/08\/DSC01337-Kohlweissling-Raupen-2048x1152.jpg 2048w, https:\/\/adele-sansone.com\/wordpress\/wp-content\/uploads\/2021\/08\/DSC01337-Kohlweissling-Raupen-640x360.jpg 640w, https:\/\/adele-sansone.com\/wordpress\/wp-content\/uploads\/2021\/08\/DSC01337-Kohlweissling-Raupen-533x300.jpg 533w\" sizes=\"auto, (max-width: 1024px) 100vw, 1024px\" \/><\/figure><\/li><li class=\"blocks-gallery-item\"><figure><img loading=\"lazy\" decoding=\"async\" width=\"576\" height=\"1024\" src=\"https:\/\/adele-sansone.com\/wordpress\/wp-content\/uploads\/2021\/08\/DSC01321-Kohlweissling-Raupen-576x1024.jpg\" alt=\"\" data-id=\"3112\" data-link=\"https:\/\/adele-sansone.com\/wordpress\/?attachment_id=3112\" class=\"wp-image-3112\" srcset=\"https:\/\/adele-sansone.com\/wordpress\/wp-content\/uploads\/2021\/08\/DSC01321-Kohlweissling-Raupen-576x1024.jpg 576w, https:\/\/adele-sansone.com\/wordpress\/wp-content\/uploads\/2021\/08\/DSC01321-Kohlweissling-Raupen-169x300.jpg 169w, https:\/\/adele-sansone.com\/wordpress\/wp-content\/uploads\/2021\/08\/DSC01321-Kohlweissling-Raupen-768x1365.jpg 768w, https:\/\/adele-sansone.com\/wordpress\/wp-content\/uploads\/2021\/08\/DSC01321-Kohlweissling-Raupen-864x1536.jpg 864w, https:\/\/adele-sansone.com\/wordpress\/wp-content\/uploads\/2021\/08\/DSC01321-Kohlweissling-Raupen-1152x2048.jpg 1152w, https:\/\/adele-sansone.com\/wordpress\/wp-content\/uploads\/2021\/08\/DSC01321-Kohlweissling-Raupen-640x1138.jpg 640w, https:\/\/adele-sansone.com\/wordpress\/wp-content\/uploads\/2021\/08\/DSC01321-Kohlweissling-Raupen-scaled.jpg 1440w\" sizes=\"auto, (max-width: 576px) 100vw, 576px\" \/><\/figure><\/li><li class=\"blocks-gallery-item\"><figure><img loading=\"lazy\" decoding=\"async\" width=\"576\" height=\"1024\" src=\"https:\/\/adele-sansone.com\/wordpress\/wp-content\/uploads\/2021\/08\/DSC01322-Kohlweissling-Raupen-576x1024.jpg\" alt=\"\" data-id=\"3106\" data-link=\"https:\/\/adele-sansone.com\/wordpress\/?attachment_id=3106\" class=\"wp-image-3106\" srcset=\"https:\/\/adele-sansone.com\/wordpress\/wp-content\/uploads\/2021\/08\/DSC01322-Kohlweissling-Raupen-576x1024.jpg 576w, https:\/\/adele-sansone.com\/wordpress\/wp-content\/uploads\/2021\/08\/DSC01322-Kohlweissling-Raupen-169x300.jpg 169w, https:\/\/adele-sansone.com\/wordpress\/wp-content\/uploads\/2021\/08\/DSC01322-Kohlweissling-Raupen-768x1365.jpg 768w, https:\/\/adele-sansone.com\/wordpress\/wp-content\/uploads\/2021\/08\/DSC01322-Kohlweissling-Raupen-864x1536.jpg 864w, https:\/\/adele-sansone.com\/wordpress\/wp-content\/uploads\/2021\/08\/DSC01322-Kohlweissling-Raupen-1152x2048.jpg 1152w, https:\/\/adele-sansone.com\/wordpress\/wp-content\/uploads\/2021\/08\/DSC01322-Kohlweissling-Raupen-640x1138.jpg 640w, https:\/\/adele-sansone.com\/wordpress\/wp-content\/uploads\/2021\/08\/DSC01322-Kohlweissling-Raupen-scaled.jpg 1440w\" sizes=\"auto, (max-width: 576px) 100vw, 576px\" \/><\/figure><\/li><li class=\"blocks-gallery-item\"><figure><img loading=\"lazy\" decoding=\"async\" width=\"925\" height=\"1024\" src=\"https:\/\/adele-sansone.com\/wordpress\/wp-content\/uploads\/2021\/08\/DSC03630-Kokon-Thomas-vermutl-kleiner-Kohlweissling-925x1024.jpg\" alt=\"\" data-id=\"3120\" data-full-url=\"https:\/\/adele-sansone.com\/wordpress\/wp-content\/uploads\/2021\/08\/DSC03630-Kokon-Thomas-vermutl-kleiner-Kohlweissling.jpg\" data-link=\"https:\/\/adele-sansone.com\/wordpress\/2021\/08\/17\/kohlweissling\/dsc03630-kokon-thomas-vermutl-kleiner-kohlweissling\/\" class=\"wp-image-3120\" srcset=\"https:\/\/adele-sansone.com\/wordpress\/wp-content\/uploads\/2021\/08\/DSC03630-Kokon-Thomas-vermutl-kleiner-Kohlweissling-925x1024.jpg 925w, https:\/\/adele-sansone.com\/wordpress\/wp-content\/uploads\/2021\/08\/DSC03630-Kokon-Thomas-vermutl-kleiner-Kohlweissling-271x300.jpg 271w, https:\/\/adele-sansone.com\/wordpress\/wp-content\/uploads\/2021\/08\/DSC03630-Kokon-Thomas-vermutl-kleiner-Kohlweissling-768x850.jpg 768w, https:\/\/adele-sansone.com\/wordpress\/wp-content\/uploads\/2021\/08\/DSC03630-Kokon-Thomas-vermutl-kleiner-Kohlweissling-1388x1536.jpg 1388w, https:\/\/adele-sansone.com\/wordpress\/wp-content\/uploads\/2021\/08\/DSC03630-Kokon-Thomas-vermutl-kleiner-Kohlweissling-1850x2048.jpg 1850w, https:\/\/adele-sansone.com\/wordpress\/wp-content\/uploads\/2021\/08\/DSC03630-Kokon-Thomas-vermutl-kleiner-Kohlweissling-640x708.jpg 640w, https:\/\/adele-sansone.com\/wordpress\/wp-content\/uploads\/2021\/08\/DSC03630-Kokon-Thomas-vermutl-kleiner-Kohlweissling.jpg 1926w\" sizes=\"auto, (max-width: 925px) 100vw, 925px\" \/><figcaption class=\"blocks-gallery-item__caption\">Kleiner Kohlwei\u00dfling\/Kokon<\/figcaption><\/figure><\/li><li class=\"blocks-gallery-item\"><figure><img loading=\"lazy\" decoding=\"async\" width=\"1024\" height=\"576\" src=\"https:\/\/adele-sansone.com\/wordpress\/wp-content\/uploads\/2021\/08\/DSC00244-Kohlweissling-auf-Hartriegel-2-1024x576.jpg\" alt=\"\" data-id=\"3103\" data-link=\"https:\/\/adele-sansone.com\/wordpress\/?attachment_id=3103\" class=\"wp-image-3103\" srcset=\"https:\/\/adele-sansone.com\/wordpress\/wp-content\/uploads\/2021\/08\/DSC00244-Kohlweissling-auf-Hartriegel-2-1024x576.jpg 1024w, https:\/\/adele-sansone.com\/wordpress\/wp-content\/uploads\/2021\/08\/DSC00244-Kohlweissling-auf-Hartriegel-2-300x169.jpg 300w, https:\/\/adele-sansone.com\/wordpress\/wp-content\/uploads\/2021\/08\/DSC00244-Kohlweissling-auf-Hartriegel-2-768x432.jpg 768w, https:\/\/adele-sansone.com\/wordpress\/wp-content\/uploads\/2021\/08\/DSC00244-Kohlweissling-auf-Hartriegel-2-1536x864.jpg 1536w, https:\/\/adele-sansone.com\/wordpress\/wp-content\/uploads\/2021\/08\/DSC00244-Kohlweissling-auf-Hartriegel-2-2048x1152.jpg 2048w, https:\/\/adele-sansone.com\/wordpress\/wp-content\/uploads\/2021\/08\/DSC00244-Kohlweissling-auf-Hartriegel-2-640x360.jpg 640w, https:\/\/adele-sansone.com\/wordpress\/wp-content\/uploads\/2021\/08\/DSC00244-Kohlweissling-auf-Hartriegel-2-533x300.jpg 533w\" sizes=\"auto, (max-width: 1024px) 100vw, 1024px\" \/><figcaption class=\"blocks-gallery-item__caption\">Kleiner Kohlwei\u00dfling im Fr\u00fchjahr<\/figcaption><\/figure><\/li><\/ul><figcaption class=\"blocks-gallery-caption\">Aus uns wird mal ein Schmetterling<\/figcaption><\/figure>\n\n\n\n<p><\/p>\n\n\n\n<p>Nur bei den V\u00f6geln sind die doch so handlichen oder soll man sagen &#8222;schnabelgerechten&#8220; Raupen nicht beliebt. Warum? <br>Ganz einfach. Die Futterpflanzen haben alle eines gemeinsam: <strong><a href=\"https:\/\/pagewizz.com\/warum-man-senf-im-garten-anbauen-sollte-38143\/\">Senf\u00f6lglykoside<\/a><\/strong>; das hei\u00dft Stoffe mit einer gewissen Sch\u00e4rfe. Und so schmeckt halt so eine Kohlwei\u00dflingsraupe dann je nach Futterpflanze ganz sch\u00f6n scharf. Der ausgewachsene Schmetterling ebenso!<\/p>\n\n\n\n<p><br>Wer also sich als normaler G\u00e4rtner \u00fcber den Befall seiner hei\u00df geliebten Kohlpflanzen \u00e4rgert und auf die glorreiche Idee kommt, die Raupen abzuklauben und den V\u00f6geln quasi zu spenden, macht beiden Tierarten keinen Gefallen. Die Raupen verhungern kl\u00e4glich und die V\u00f6gel haben trotzdem nichts davon.<br>Also lieber mal die eine oder andere Kohlpflanze opfern, den Schmetterlingen \u00fcberlassen, denn die haben es heutzutage ohnehin schon schwer genug.<\/p>\n\n\n\n<p>Tipp: Wer seinen Kohl hei\u00df liebt,  der untersucht seine Kohlpflanzen nach Eiern unter den Bl\u00e4ttern. So kann ein starker Befall durch fr\u00fchzeitiges Handeln verhindert werden. Man kann auch die Pflanzen durch engmaschige Netze fr\u00fchzeitig vor Befall sch\u00fctzen. <\/p>\n\n\n\n<p>M\u00f6glicherweise kann man die Raupen aber auch auf andere Brassicaceae wie Rukola, Wei\u00df- oder Schwarzsenfpflanzen, Rettich \u00fcbersiedeln; das w\u00e4re allemal einen Versuch wert; nicht umsonst deuten die wissenschaftlichen Namen bereits auf ihre Futterpflanzen hin:  <\/p>\n\n\n\n<ul class=\"wp-block-list\"><li><strong>Gro\u00dfer Kohlwei\u00dfling<\/strong> <em>Pieris brassicae <\/em>&#8211; <em><a href=\"https:\/\/pagewizz.com\/kreuzblutler-pflanzenfamilie-im-portrat-38669\/\">Brassicaceae<\/a><\/em>, <em>Brassica oleracea<\/em> (Kohlpflanzen)<\/li><li><strong>Kleiner Kohlwei\u00dfling<\/strong> <em>Pieris rapae<\/em> &#8211;  <em>Brassica rapa<\/em> <\/li><li><strong>Gr\u00fcnaderwei\u00dfling<\/strong> <em>Pieris napi<\/em> &#8211; <em>Brassica napus<\/em><\/li><\/ul>\n\n\n\n<figure class=\"wp-block-gallery aligncenter columns-2 is-cropped wp-block-gallery-2 is-layout-flex wp-block-gallery-is-layout-flex\"><ul class=\"blocks-gallery-grid\"><li class=\"blocks-gallery-item\"><figure><img loading=\"lazy\" decoding=\"async\" width=\"763\" height=\"1024\" src=\"https:\/\/adele-sansone.com\/wordpress\/wp-content\/uploads\/2021\/08\/DSC03633-Kokon-Thomas-Pieris-rapae--763x1024.jpg\" alt=\"\" data-id=\"3118\" data-link=\"https:\/\/adele-sansone.com\/wordpress\/2021\/08\/17\/kohlweissling\/dsc03633-kokon-thomas-pieris-rapae\/\" class=\"wp-image-3118\" srcset=\"https:\/\/adele-sansone.com\/wordpress\/wp-content\/uploads\/2021\/08\/DSC03633-Kokon-Thomas-Pieris-rapae--763x1024.jpg 763w, https:\/\/adele-sansone.com\/wordpress\/wp-content\/uploads\/2021\/08\/DSC03633-Kokon-Thomas-Pieris-rapae--224x300.jpg 224w, https:\/\/adele-sansone.com\/wordpress\/wp-content\/uploads\/2021\/08\/DSC03633-Kokon-Thomas-Pieris-rapae--768x1030.jpg 768w, https:\/\/adele-sansone.com\/wordpress\/wp-content\/uploads\/2021\/08\/DSC03633-Kokon-Thomas-Pieris-rapae--1145x1536.jpg 1145w, https:\/\/adele-sansone.com\/wordpress\/wp-content\/uploads\/2021\/08\/DSC03633-Kokon-Thomas-Pieris-rapae--640x859.jpg 640w, https:\/\/adele-sansone.com\/wordpress\/wp-content\/uploads\/2021\/08\/DSC03633-Kokon-Thomas-Pieris-rapae--rotated.jpg 1408w\" sizes=\"auto, (max-width: 763px) 100vw, 763px\" \/><figcaption class=\"blocks-gallery-item__caption\">Kokon vom Kleinen Kohlwei\u00dfling<br><\/figcaption><\/figure><\/li><li class=\"blocks-gallery-item\"><figure><img loading=\"lazy\" decoding=\"async\" width=\"1024\" height=\"1019\" src=\"https:\/\/adele-sansone.com\/wordpress\/wp-content\/uploads\/2021\/08\/DSC01348-Kohlweissling-1024x1019.jpg\" alt=\"\" data-id=\"3124\" data-full-url=\"https:\/\/adele-sansone.com\/wordpress\/wp-content\/uploads\/2021\/08\/DSC01348-Kohlweissling.jpg\" data-link=\"https:\/\/adele-sansone.com\/wordpress\/2021\/08\/17\/kohlweissling\/dsc01348-kohlweissling\/\" class=\"wp-image-3124\" srcset=\"https:\/\/adele-sansone.com\/wordpress\/wp-content\/uploads\/2021\/08\/DSC01348-Kohlweissling-1024x1019.jpg 1024w, https:\/\/adele-sansone.com\/wordpress\/wp-content\/uploads\/2021\/08\/DSC01348-Kohlweissling-300x300.jpg 300w, https:\/\/adele-sansone.com\/wordpress\/wp-content\/uploads\/2021\/08\/DSC01348-Kohlweissling-150x150.jpg 150w, https:\/\/adele-sansone.com\/wordpress\/wp-content\/uploads\/2021\/08\/DSC01348-Kohlweissling-768x764.jpg 768w, https:\/\/adele-sansone.com\/wordpress\/wp-content\/uploads\/2021\/08\/DSC01348-Kohlweissling-1536x1529.jpg 1536w, https:\/\/adele-sansone.com\/wordpress\/wp-content\/uploads\/2021\/08\/DSC01348-Kohlweissling-640x637.jpg 640w, https:\/\/adele-sansone.com\/wordpress\/wp-content\/uploads\/2021\/08\/DSC01348-Kohlweissling-301x300.jpg 301w, https:\/\/adele-sansone.com\/wordpress\/wp-content\/uploads\/2021\/08\/DSC01348-Kohlweissling.jpg 1936w\" sizes=\"auto, (max-width: 1024px) 100vw, 1024px\" \/><figcaption class=\"blocks-gallery-item__caption\">Gro\u00dfer Kohlwei\u00dfling im Sommer<\/figcaption><\/figure><\/li><\/ul><\/figure>\n\n\n\n<p>Lesetipps dazu:<\/p>\n\n\n\n<ul class=\"wp-block-list\"><li><a href=\"https:\/\/pagewizz.com\/warum-man-senf-im-garten-anbauen-sollte-38143\/\">Senf im<\/a> Garten<\/li><li><a href=\"https:\/\/pagewizz.com\/brokkoli-und-seine-pflanzenfamilie-die-kreuzblutler-30877\/\">Brokkoli &amp; Co<\/a><\/li><li><a href=\"https:\/\/pagewizz.com\/kreuzblutler-pflanzenfamilie-im-portrat-38669\/\">Kreuzbl\u00fctler\/Brassicacea Familienportr\u00e4t<\/a><\/li><li><a href=\"https:\/\/pagewizz.com\/welche-pflanzenfamilien-liefern-unser-gemuse-35177\/\">Welche Pflanzenfamilien liefern unser Gem\u00fcse?<\/a><\/li><\/ul>\n","protected":false},"excerpt":{"rendered":"<p>Er ist sicher einer der bekanntesten Tagfalter, dieser wei\u00dfe umherflatternde Schmetterling. Als Sch\u00e4dling in Gem\u00fcsekulturen wurde er, noch nicht lange her, mit Pestizideinsatz drastisch verfolgt. Die Frage, die sich mir stellt, ist allerdings: &#8222;Ist er in heimischen G\u00e4rten wirklich so eine Plage?&#8220;<\/p>\n","protected":false},"author":2,"featured_media":3102,"comment_status":"closed","ping_status":"open","sticky":true,"template":"","format":"standard","meta":{"footnotes":""},"categories":[1],"types\/post":[240,302,49,239],"post_format":[],"class_list":["post-3100","post","type-post","status-publish","format-standard","has-post-thumbnail","hentry","category-allgemein","tag-falter","tag-gemuesegarten","tag-naturgarten","tag-schmetterling"],"_links":{"self":[{"href":"https:\/\/adele-sansone.com\/wordpress\/wp-json\/wp\/v2\/posts\/3100","targetHints":{"allow":["GET"]}}],"collection":[{"href":"https:\/\/adele-sansone.com\/wordpress\/wp-json\/wp\/v2\/posts"}],"about":[{"href":"https:\/\/adele-sansone.com\/wordpress\/wp-json\/wp\/v2\/types\/post"}],"author":[{"embeddable":true,"href":"https:\/\/adele-sansone.com\/wordpress\/wp-json\/wp\/v2\/users\/2"}],"replies":[{"embeddable":true,"href":"https:\/\/adele-sansone.com\/wordpress\/wp-json\/wp\/v2\/comments?post=3100"}],"version-history":[{"count":7,"href":"https:\/\/adele-sansone.com\/wordpress\/wp-json\/wp\/v2\/posts\/3100\/revisions"}],"predecessor-version":[{"id":3125,"href":"https:\/\/adele-sansone.com\/wordpress\/wp-json\/wp\/v2\/posts\/3100\/revisions\/3125"}],"wp:featuredmedia":[{"embeddable":true,"href":"https:\/\/adele-sansone.com\/wordpress\/wp-json\/wp\/v2\/media\/3102"}],"wp:attachment":[{"href":"https:\/\/adele-sansone.com\/wordpress\/wp-json\/wp\/v2\/media?parent=3100"}],"wp:term":[{"taxonomy":"category","embeddable":true,"href":"https:\/\/adele-sansone.com\/wordpress\/wp-json\/wp\/v2\/categories?post=3100"},{"taxonomy":"post_tag","embeddable":true,"href":"https:\/\/adele-sansone.com\/wordpress\/wp-json\/wp\/v2\/types\/post?post=3100"},{"taxonomy":"post_format","embeddable":true,"href":"https:\/\/adele-sansone.com\/wordpress\/wp-json\/wp\/v2\/post_format?post=3100"}],"curies":[{"name":"wp","href":"https:\/\/api.w.org\/{rel}","templated":true}]}}