{"id":3164,"date":"2021-10-02T16:32:31","date_gmt":"2021-10-02T14:32:31","guid":{"rendered":"https:\/\/adele-sansone.com\/wordpress\/?p=3164"},"modified":"2026-04-21T14:10:00","modified_gmt":"2026-04-21T12:10:00","slug":"igel-allerlei-interessantes-rund-um-den-igel","status":"publish","type":"post","link":"https:\/\/adele-sansone.com\/wordpress\/2021\/10\/02\/igel-allerlei-interessantes-rund-um-den-igel\/","title":{"rendered":"Igel &#8211; Allerlei Interessantes rund um den Igel"},"content":{"rendered":"<div class=\"wp-block-image is-style-default\">\n<figure class=\"aligncenter size-large is-resized\"><img loading=\"lazy\" decoding=\"async\" src=\"https:\/\/adele-sansone.com\/wordpress\/wp-content\/uploads\/2021\/05\/IMG_2962-1024x683.jpg\" alt=\"\" class=\"wp-image-2988\" width=\"512\" height=\"342\" srcset=\"https:\/\/adele-sansone.com\/wordpress\/wp-content\/uploads\/2021\/05\/IMG_2962-1024x683.jpg 1024w, https:\/\/adele-sansone.com\/wordpress\/wp-content\/uploads\/2021\/05\/IMG_2962-300x200.jpg 300w, https:\/\/adele-sansone.com\/wordpress\/wp-content\/uploads\/2021\/05\/IMG_2962-768x512.jpg 768w, https:\/\/adele-sansone.com\/wordpress\/wp-content\/uploads\/2021\/05\/IMG_2962-1536x1024.jpg 1536w, https:\/\/adele-sansone.com\/wordpress\/wp-content\/uploads\/2021\/05\/IMG_2962-2048x1365.jpg 2048w, https:\/\/adele-sansone.com\/wordpress\/wp-content\/uploads\/2021\/05\/IMG_2962-640x427.jpg 640w, https:\/\/adele-sansone.com\/wordpress\/wp-content\/uploads\/2021\/05\/IMG_2962-450x300.jpg 450w\" sizes=\"auto, (max-width: 512px) 100vw, 512px\" \/><figcaption class=\"wp-element-caption\">Igel &#8211; Kinderschar<\/figcaption><\/figure>\n<\/div>\n\n\n<p><em>Woran merkt man eigentlich, dass ein Igel im eigenen Garten lebt? <\/em> &#8230; sobald diese Frage auftaucht, kommt auch schon die n\u00e4chste Frage: &#8222;<em>Soll oder muss ich einen Igel im Garten eigentlich unterst\u00fctzen?  <\/em><br>Dies ist zwar keine Igelhilfe-Seite, aber durch Recherche und aufgrund meiner eigenen Erfahrung habe ich viele interessante Fakten und auch Tipps zusammen gefasst.<\/p>\n\n\n\n<!--more-->\n\n\n\n<p>Zu Herbstbeginn verd\u00e4chtige L\u00f6cher im Garten, Verdauungsw\u00fcrstchen sprich Tierkot &#8230; wenn das in etwa so aussieht <\/p>\n\n\n<div class=\"wp-block-image is-style-rounded\">\n<figure class=\"aligncenter size-large is-resized\"><img loading=\"lazy\" decoding=\"async\" src=\"https:\/\/adele-sansone.com\/wordpress\/wp-content\/uploads\/2021\/10\/DSC00194-Igel-1024x576.jpg\" alt=\"\" class=\"wp-image-3165\" width=\"512\" height=\"288\" srcset=\"https:\/\/adele-sansone.com\/wordpress\/wp-content\/uploads\/2021\/10\/DSC00194-Igel-1024x576.jpg 1024w, https:\/\/adele-sansone.com\/wordpress\/wp-content\/uploads\/2021\/10\/DSC00194-Igel-300x169.jpg 300w, https:\/\/adele-sansone.com\/wordpress\/wp-content\/uploads\/2021\/10\/DSC00194-Igel-768x432.jpg 768w, https:\/\/adele-sansone.com\/wordpress\/wp-content\/uploads\/2021\/10\/DSC00194-Igel-1536x864.jpg 1536w, https:\/\/adele-sansone.com\/wordpress\/wp-content\/uploads\/2021\/10\/DSC00194-Igel-2048x1152.jpg 2048w, https:\/\/adele-sansone.com\/wordpress\/wp-content\/uploads\/2021\/10\/DSC00194-Igel-640x360.jpg 640w, https:\/\/adele-sansone.com\/wordpress\/wp-content\/uploads\/2021\/10\/DSC00194-Igel-533x300.jpg 533w\" sizes=\"auto, (max-width: 512px) 100vw, 512px\" \/><figcaption class=\"wp-element-caption\">&#8230; dann habt ihr einen Igel im Garten. Wer einen naturnahen Garten hat, kann damit rechnen, dass auch der Igel genug Nahrung findet. Wer dennoch etwas Hilfe leisten m\u00f6chte, vertieft sich mal ein wenig mehr in die Bed\u00fcrfnisse dieses Wildtieres.<\/figcaption><\/figure>\n<\/div>\n\n\n<p>1.) <strong>Was gibt es Besseres als ein gutes Buch?<\/strong><\/p>\n\n\n\n<p><br>Was ich immer empfehlen kann, ist in einem <strong>Buch<\/strong> nachzuschlagen. Sicher findet man heute online viele Informationen, Tipps, Berichte in allen m\u00f6glichen Foren. Aber schon da beginnen sich die einzelnen Foren locker zu widersprechen; je nach Ausrichtung der Teilnehmer.  Da ist ein fachlich fundiertes, von Experten geschriebenes Buch, ganz einfach in meinen Augen die bessere Informationsquelle.<br><br>Deshalb gleich vorweg eine Buchempfehlung: <a href=\"https:\/\/pagewizz.com\/der-igel-nachbar-und-wildtier-buchbesprechung-39437\/\">https:\/\/pagewizz.com\/der-igel-nachbar-und-wildtier-buchbesprechung-39437\/<\/a> <\/p>\n\n\n<div class=\"wp-block-image is-style-default\">\n<figure class=\"alignright size-large is-resized\"><img loading=\"lazy\" decoding=\"async\" src=\"https:\/\/adele-sansone.com\/wordpress\/wp-content\/uploads\/2021\/10\/DSC01141-Der-Igel-Nachbar-577x1024.jpg\" alt=\"\" class=\"wp-image-3167\" width=\"289\" height=\"512\" srcset=\"https:\/\/adele-sansone.com\/wordpress\/wp-content\/uploads\/2021\/10\/DSC01141-Der-Igel-Nachbar-577x1024.jpg 577w, https:\/\/adele-sansone.com\/wordpress\/wp-content\/uploads\/2021\/10\/DSC01141-Der-Igel-Nachbar-169x300.jpg 169w, https:\/\/adele-sansone.com\/wordpress\/wp-content\/uploads\/2021\/10\/DSC01141-Der-Igel-Nachbar-768x1363.jpg 768w, https:\/\/adele-sansone.com\/wordpress\/wp-content\/uploads\/2021\/10\/DSC01141-Der-Igel-Nachbar-866x1536.jpg 866w, https:\/\/adele-sansone.com\/wordpress\/wp-content\/uploads\/2021\/10\/DSC01141-Der-Igel-Nachbar-1154x2048.jpg 1154w, https:\/\/adele-sansone.com\/wordpress\/wp-content\/uploads\/2021\/10\/DSC01141-Der-Igel-Nachbar-640x1136.jpg 640w, https:\/\/adele-sansone.com\/wordpress\/wp-content\/uploads\/2021\/10\/DSC01141-Der-Igel-Nachbar-scaled.jpg 1443w\" sizes=\"auto, (max-width: 289px) 100vw, 289px\" \/><\/figure>\n<\/div>\n\n\n<p>weitere kurz und informativ gehaltene Igelratgeber gibt es immer wieder neu,<\/p>\n\n\n\n<p><a href=\"https:\/\/www.amazon.de\/Das-praktische-Igel-Buch-Krankheiten-%C3%9Cberwintern\/dp\/3835402846\/ref=sr_1_1?__mk_de_DE=%C3%85M%C3%85%C5%BD%C3%95%C3%91&amp;dchild=1&amp;keywords=das+praktische+igel+buch&amp;qid=1633184937&amp;s=books&amp;sr=1-1\">das praktisch<\/a>e Igel-B<a href=\"https:\/\/www.amazon.de\/Das-praktische-Igel-Buch-Krankheiten-%C3%9Cberwintern\/dp\/3835402846\/ref=sr_1_1?__mk_de_DE=%C3%85M%C3%85%C5%BD%C3%95%C3%91&amp;dchild=1&amp;keywords=das+praktische+igel+buch&amp;qid=1633184937&amp;s=books&amp;sr=1-1\">uch<\/a><\/p>\n\n\n\n<p>Igel in unserem Garten<\/p>\n\n\n\n<p><a href=\"https:\/\/www.amazon.de\/Igel-ganz-nah-lebt-sch%C3%BCtzen\/dp\/3835417363\/ref=sr_1_8?__mk_de_DE=%C3%85M%C3%85%C5%BD%C3%95%C3%91&amp;dchild=1&amp;keywords=das+praktische+igel+buch&amp;qid=1633185002&amp;s=books&amp;sr=1-8\">Igel ganz nah<\/a><\/p>\n\n\n\n<p>Tiere in meinem Garten &#8230;<\/p>\n\n\n\n<p><\/p>\n\n\n\n<p><\/p>\n\n\n\n<p><\/p>\n\n\n\n<p><\/p>\n\n\n\n<p><\/p>\n\n\n\n<p><\/p>\n\n\n\n<p><\/p>\n\n\n\n<p><\/p>\n\n\n\n<p><\/p>\n\n\n\n<p><\/p>\n\n\n\n<p><\/p>\n\n\n\n<p><\/p>\n\n\n\n<p><\/p>\n\n\n\n<p><\/p>\n\n\n\n<p>2.) <strong>Die eigene Erfahrung als Igelmama!<\/strong><\/p>\n\n\n\n<p><br>Wir haben in unserem naturnahen Garten seit vielen Jahren Igel. Mal nur durch ihre Hinterlassenschaften bemerkbar, mal in den \u00dcbergangszeiten sichtbar; denn unsere Igel lieben es eindeutig etwa im Herbst noch mal W\u00e4rme zu tanken und haben da ihre &#8222;Sonnentank-Ruhepl\u00e4tze&#8220;. Ohne krank oder besonders hilfebed\u00fcrftig zu sein. Das kennen wir mittlerweile schon und st\u00f6ren dann auch nicht.<\/p>\n\n\n\n<p>Und dann gibt es Jahre, wo sie <strong>Hilfe ben\u00f6tigen<\/strong>. Ein <strong>verunfallter Igel<\/strong> brauchte \u00e4rztliche Hilfe und einen gesch\u00fctzten Platz um wieder gesund zu werden. Bis er sich, genesen, wieder in sein Revier zur\u00fcckziehen konnte. Manche <strong>Igelkinder<\/strong> brauchten im Sp\u00e4therbst noch Aufp\u00e4ppelhilfe, wurden dann aber getrost im Schuppen in ihren Quartieren heil durch den Winter gebracht. <em>Einer dieser jungen Winterg\u00e4ste war so begeistert von diesem Winterdomizil, dass er im Folgeherbst, kugelrund und eigentlich nicht hilfebed\u00fcrftig, sich von selbst bei uns wieder im Schuppen einnistete. <\/em>Wir haben es ihm geg\u00f6nnt und so schliefen denn zwei Igelkinder, ein vorj\u00e4hriges und ein diesj\u00e4hriges gemeinsam in einer Schlafkiste. Ja, so was gibt es auch manchmal.<\/p>\n\n\n\n<p>Zwei <strong>Igelm\u00fctter<\/strong>, die ein gemeinsames Domizil unter dem Schuppen bezogen, brachten ihre Kinderschar frisch gleich ab Mitte August tags\u00fcber zum Aufp\u00e4ppeln, daher die Bilder der &#8222;sieben Zwerge&#8220;. Und alle kamen heil durch den darauf folgenden Winter &#8230;<br>Ihr seht also, ich habe schon so einige Erfahrung mit den kleinen oder gr\u00f6\u00dferen Stacheligen.<\/p>\n\n\n\n<figure class=\"wp-block-gallery has-nested-images columns-4 is-cropped wp-block-gallery-1 is-layout-flex wp-block-gallery-is-layout-flex\">\n<figure class=\"wp-block-image size-large is-style-default\"><img loading=\"lazy\" decoding=\"async\" width=\"1024\" height=\"683\" data-id=\"3178\" src=\"https:\/\/adele-sansone.com\/wordpress\/wp-content\/uploads\/2021\/10\/Igelkind-im-Spaetsommer-1024x683.jpg\" alt=\"\" class=\"wp-image-3178\" srcset=\"https:\/\/adele-sansone.com\/wordpress\/wp-content\/uploads\/2021\/10\/Igelkind-im-Spaetsommer-1024x683.jpg 1024w, https:\/\/adele-sansone.com\/wordpress\/wp-content\/uploads\/2021\/10\/Igelkind-im-Spaetsommer-300x200.jpg 300w, https:\/\/adele-sansone.com\/wordpress\/wp-content\/uploads\/2021\/10\/Igelkind-im-Spaetsommer-768x512.jpg 768w, https:\/\/adele-sansone.com\/wordpress\/wp-content\/uploads\/2021\/10\/Igelkind-im-Spaetsommer-1536x1024.jpg 1536w, https:\/\/adele-sansone.com\/wordpress\/wp-content\/uploads\/2021\/10\/Igelkind-im-Spaetsommer-2048x1365.jpg 2048w, https:\/\/adele-sansone.com\/wordpress\/wp-content\/uploads\/2021\/10\/Igelkind-im-Spaetsommer-640x427.jpg 640w, https:\/\/adele-sansone.com\/wordpress\/wp-content\/uploads\/2021\/10\/Igelkind-im-Spaetsommer-450x300.jpg 450w\" sizes=\"auto, (max-width: 1024px) 100vw, 1024px\" \/><\/figure>\n\n\n\n<figure class=\"wp-block-image size-large is-style-default\"><img loading=\"lazy\" decoding=\"async\" width=\"800\" height=\"533\" data-id=\"3175\" src=\"https:\/\/adele-sansone.com\/wordpress\/wp-content\/uploads\/2021\/10\/Igel-die-sieben-Zwerge.jpg\" alt=\"\" class=\"wp-image-3175\" srcset=\"https:\/\/adele-sansone.com\/wordpress\/wp-content\/uploads\/2021\/10\/Igel-die-sieben-Zwerge.jpg 800w, https:\/\/adele-sansone.com\/wordpress\/wp-content\/uploads\/2021\/10\/Igel-die-sieben-Zwerge-300x200.jpg 300w, https:\/\/adele-sansone.com\/wordpress\/wp-content\/uploads\/2021\/10\/Igel-die-sieben-Zwerge-768x512.jpg 768w, https:\/\/adele-sansone.com\/wordpress\/wp-content\/uploads\/2021\/10\/Igel-die-sieben-Zwerge-640x426.jpg 640w, https:\/\/adele-sansone.com\/wordpress\/wp-content\/uploads\/2021\/10\/Igel-die-sieben-Zwerge-450x300.jpg 450w\" sizes=\"auto, (max-width: 800px) 100vw, 800px\" \/><\/figure>\n\n\n\n<figure class=\"wp-block-image size-large is-style-default\"><img loading=\"lazy\" decoding=\"async\" width=\"1024\" height=\"683\" data-id=\"3177\" src=\"https:\/\/adele-sansone.com\/wordpress\/wp-content\/uploads\/2021\/10\/Katze-als-Igel-Spuerhund-1024x683.jpg\" alt=\"\" class=\"wp-image-3177\" srcset=\"https:\/\/adele-sansone.com\/wordpress\/wp-content\/uploads\/2021\/10\/Katze-als-Igel-Spuerhund-1024x683.jpg 1024w, https:\/\/adele-sansone.com\/wordpress\/wp-content\/uploads\/2021\/10\/Katze-als-Igel-Spuerhund-300x200.jpg 300w, https:\/\/adele-sansone.com\/wordpress\/wp-content\/uploads\/2021\/10\/Katze-als-Igel-Spuerhund-768x512.jpg 768w, https:\/\/adele-sansone.com\/wordpress\/wp-content\/uploads\/2021\/10\/Katze-als-Igel-Spuerhund-1536x1024.jpg 1536w, https:\/\/adele-sansone.com\/wordpress\/wp-content\/uploads\/2021\/10\/Katze-als-Igel-Spuerhund-2048x1365.jpg 2048w, https:\/\/adele-sansone.com\/wordpress\/wp-content\/uploads\/2021\/10\/Katze-als-Igel-Spuerhund-640x427.jpg 640w, https:\/\/adele-sansone.com\/wordpress\/wp-content\/uploads\/2021\/10\/Katze-als-Igel-Spuerhund-450x300.jpg 450w\" sizes=\"auto, (max-width: 1024px) 100vw, 1024px\" \/><\/figure>\n\n\n\n<figure class=\"wp-block-image size-large is-style-default\"><img loading=\"lazy\" decoding=\"async\" width=\"1024\" height=\"683\" data-id=\"3180\" src=\"https:\/\/adele-sansone.com\/wordpress\/wp-content\/uploads\/2021\/10\/IMG_0018-1024x683.jpg\" alt=\"\" class=\"wp-image-3180\" srcset=\"https:\/\/adele-sansone.com\/wordpress\/wp-content\/uploads\/2021\/10\/IMG_0018-1024x683.jpg 1024w, https:\/\/adele-sansone.com\/wordpress\/wp-content\/uploads\/2021\/10\/IMG_0018-300x200.jpg 300w, https:\/\/adele-sansone.com\/wordpress\/wp-content\/uploads\/2021\/10\/IMG_0018-768x512.jpg 768w, https:\/\/adele-sansone.com\/wordpress\/wp-content\/uploads\/2021\/10\/IMG_0018-1536x1024.jpg 1536w, https:\/\/adele-sansone.com\/wordpress\/wp-content\/uploads\/2021\/10\/IMG_0018-2048x1365.jpg 2048w, https:\/\/adele-sansone.com\/wordpress\/wp-content\/uploads\/2021\/10\/IMG_0018-640x427.jpg 640w, https:\/\/adele-sansone.com\/wordpress\/wp-content\/uploads\/2021\/10\/IMG_0018-450x300.jpg 450w\" sizes=\"auto, (max-width: 1024px) 100vw, 1024px\" \/><\/figure>\n<\/figure>\n\n\n\n<p>3.)<strong> Artikel, die aus Recherche<\/strong> <strong>und eigenen Erfahrungen entstanden sind<\/strong><\/p>\n\n\n\n<p><br>&#8230; in die ihr hier in den nachfolgenden Links, reinschnuppern k\u00f6nnt.<\/p>\n\n\n\n<ul class=\"wp-block-list\">\n<li><strong><a href=\"https:\/\/pagewizz.com\/der-igel-vom-fruehjahr-bis-zum-winterschlaf\/\">Was man \u00fcber den Igel wissen sollte<\/a><a href=\"https:\/\/pagewizz.com\/der-igel-vom-fruehjahr-bis-zum-winterschlaf\/\"><\/a> .<\/strong>.. mit Kurzinformationen \u00fcber den Igel rund ums Jahr + Tipps zu der Futterkiste<\/li>\n\n\n\n<li><strong><a href=\"https:\/\/pagewizz.com\/wie-sie-einem-igel-ein-gutes-winterhaus-basteln-koennen\/\">Wie schaffe ich dem Igel ein passendes Winternest\/Winterhaus?<\/a><\/strong> Vom einfachen Reisighaufen bis zum (selbst) gebastelten Haus.<\/li>\n\n\n\n<li><strong><a href=\"https:\/\/pagewizz.com\/einen-igel-als-pflegling-ueber-den-winter-bringen\/\">Ein kleiner Igel als Pflegekind &#8230; wie bringe ich ihn \u00fcber den Winter?<\/a><\/strong> Um es gleich vorweg zu betonen: es ist nicht einfach &#8230;<\/li>\n\n\n\n<li><strong><a href=\"https:\/\/pagewizz.com\/welche-tiere-halten-winterschlaf-34738\/\">Winterschlaf<\/a><\/strong> Halten die Igel eigentlich Winterschlaf oder eher Winterruhe?<\/li>\n\n\n\n<li>aus einigen meiner eigenen Erfahrungen plus dichterischer Fantasie wurde sogar einmal ein Kinderbuch \u00fcber &#8222;Mensch und Igel&#8220; daraus &#8222;<a href=\"https:\/\/www.amazon.de\/Amelie-die-Stachelritter-Adele-Sansone\/dp\/3850222764\/ref=sr_1_1?__mk_de_DE=\u00c5M\u00c5\u017d\u00d5\u00d1&amp;dchild=1&amp;keywords=amelie+und+die+stachelritter&amp;qid=1633100005&amp;s=books&amp;sr=1-1\"><strong>Amelie und die Stachelritter<\/strong><\/a>&#8222;<a href=\"http:\/\/ein etwas anderer Igel: https:\/\/pagewizz.com\/der-schnabel-oder-ameisenigel-ein-tier-das-eier-legt-36571\/\"><\/a><\/li>\n<\/ul>\n\n\n\n<figure class=\"wp-block-gallery has-nested-images columns-3 is-cropped wp-block-gallery-2 is-layout-flex wp-block-gallery-is-layout-flex\">\n<figure class=\"wp-block-image size-medium is-style-default\"><img loading=\"lazy\" decoding=\"async\" width=\"300\" height=\"225\" data-id=\"3184\" src=\"https:\/\/adele-sansone.com\/wordpress\/wp-content\/uploads\/2021\/10\/einer-der-Igel-Zwerge-300x225.jpg\" alt=\"\" class=\"wp-image-3184\" srcset=\"https:\/\/adele-sansone.com\/wordpress\/wp-content\/uploads\/2021\/10\/einer-der-Igel-Zwerge-300x225.jpg 300w, https:\/\/adele-sansone.com\/wordpress\/wp-content\/uploads\/2021\/10\/einer-der-Igel-Zwerge-1024x768.jpg 1024w, https:\/\/adele-sansone.com\/wordpress\/wp-content\/uploads\/2021\/10\/einer-der-Igel-Zwerge-768x576.jpg 768w, https:\/\/adele-sansone.com\/wordpress\/wp-content\/uploads\/2021\/10\/einer-der-Igel-Zwerge-1536x1152.jpg 1536w, https:\/\/adele-sansone.com\/wordpress\/wp-content\/uploads\/2021\/10\/einer-der-Igel-Zwerge-640x480.jpg 640w, https:\/\/adele-sansone.com\/wordpress\/wp-content\/uploads\/2021\/10\/einer-der-Igel-Zwerge-400x300.jpg 400w, https:\/\/adele-sansone.com\/wordpress\/wp-content\/uploads\/2021\/10\/einer-der-Igel-Zwerge.jpg 2048w\" sizes=\"auto, (max-width: 300px) 100vw, 300px\" \/><\/figure>\n\n\n\n<figure class=\"wp-block-image size-medium is-style-default\"><img loading=\"lazy\" decoding=\"async\" width=\"300\" height=\"199\" data-id=\"3182\" src=\"https:\/\/adele-sansone.com\/wordpress\/wp-content\/uploads\/2021\/10\/Kopie-1-von-IMG_2451-300x199.jpg\" alt=\"\" class=\"wp-image-3182\" srcset=\"https:\/\/adele-sansone.com\/wordpress\/wp-content\/uploads\/2021\/10\/Kopie-1-von-IMG_2451-300x199.jpg 300w, https:\/\/adele-sansone.com\/wordpress\/wp-content\/uploads\/2021\/10\/Kopie-1-von-IMG_2451-1024x680.jpg 1024w, https:\/\/adele-sansone.com\/wordpress\/wp-content\/uploads\/2021\/10\/Kopie-1-von-IMG_2451-768x510.jpg 768w, https:\/\/adele-sansone.com\/wordpress\/wp-content\/uploads\/2021\/10\/Kopie-1-von-IMG_2451-1536x1020.jpg 1536w, https:\/\/adele-sansone.com\/wordpress\/wp-content\/uploads\/2021\/10\/Kopie-1-von-IMG_2451-640x425.jpg 640w, https:\/\/adele-sansone.com\/wordpress\/wp-content\/uploads\/2021\/10\/Kopie-1-von-IMG_2451-452x300.jpg 452w, https:\/\/adele-sansone.com\/wordpress\/wp-content\/uploads\/2021\/10\/Kopie-1-von-IMG_2451.jpg 2048w\" sizes=\"auto, (max-width: 300px) 100vw, 300px\" \/><\/figure>\n\n\n\n<figure class=\"wp-block-image size-medium is-style-default\"><img loading=\"lazy\" decoding=\"async\" width=\"300\" height=\"196\" data-id=\"3185\" src=\"https:\/\/adele-sansone.com\/wordpress\/wp-content\/uploads\/2021\/10\/Igelmutter-an-der-Futterkiste-1-300x196.jpg\" alt=\"\" class=\"wp-image-3185\" srcset=\"https:\/\/adele-sansone.com\/wordpress\/wp-content\/uploads\/2021\/10\/Igelmutter-an-der-Futterkiste-1-300x196.jpg 300w, https:\/\/adele-sansone.com\/wordpress\/wp-content\/uploads\/2021\/10\/Igelmutter-an-der-Futterkiste-1-1024x668.jpg 1024w, https:\/\/adele-sansone.com\/wordpress\/wp-content\/uploads\/2021\/10\/Igelmutter-an-der-Futterkiste-1-768x501.jpg 768w, https:\/\/adele-sansone.com\/wordpress\/wp-content\/uploads\/2021\/10\/Igelmutter-an-der-Futterkiste-1-1536x1002.jpg 1536w, https:\/\/adele-sansone.com\/wordpress\/wp-content\/uploads\/2021\/10\/Igelmutter-an-der-Futterkiste-1-2048x1337.jpg 2048w, https:\/\/adele-sansone.com\/wordpress\/wp-content\/uploads\/2021\/10\/Igelmutter-an-der-Futterkiste-1-640x418.jpg 640w, https:\/\/adele-sansone.com\/wordpress\/wp-content\/uploads\/2021\/10\/Igelmutter-an-der-Futterkiste-1-460x300.jpg 460w\" sizes=\"auto, (max-width: 300px) 100vw, 300px\" \/><\/figure>\n\n\n\n<figure class=\"wp-block-image size-medium is-style-default\"><img loading=\"lazy\" decoding=\"async\" width=\"300\" height=\"199\" data-id=\"3186\" src=\"https:\/\/adele-sansone.com\/wordpress\/wp-content\/uploads\/2021\/10\/Igelkind-zum-Aufpaeppeln-1-1-300x199.jpg\" alt=\"\" class=\"wp-image-3186\" srcset=\"https:\/\/adele-sansone.com\/wordpress\/wp-content\/uploads\/2021\/10\/Igelkind-zum-Aufpaeppeln-1-1-300x199.jpg 300w, https:\/\/adele-sansone.com\/wordpress\/wp-content\/uploads\/2021\/10\/Igelkind-zum-Aufpaeppeln-1-1-452x300.jpg 452w, https:\/\/adele-sansone.com\/wordpress\/wp-content\/uploads\/2021\/10\/Igelkind-zum-Aufpaeppeln-1-1.jpg 599w\" sizes=\"auto, (max-width: 300px) 100vw, 300px\" \/><\/figure>\n<\/figure>\n\n\n\n<p>4) <strong>Zuf\u00fctter<\/strong>n Ja\/Nein?<\/p>\n\n\n\n<p>Der Igel ist ein Wildtier und <em>sollte<\/em> eigentlich ohne menschliche Hilfe auskommen. Da wir aber seinen Lebensraum stark beschneiden, ist manches Mal Hilfe n\u00f6tig. <\/p>\n\n\n\n<p><strong>Ende M\u00e4rz bis Ende April zuf\u00fcttern:<\/strong> je nach Gebiet, erwacht der <a href=\"https:\/\/pagewizz.com\/welche-tiere-halten-winterschlaf-34738\">Igel vom Winterschlaf<\/a>. Das Nahrungsangebot ist noch d\u00fcrftig, es gibt K\u00e4lteeinbr\u00fcche und das Tier hat viel von seinem K\u00f6rpergewicht verloren. Nun ist es sinnvoll ihm an einem gesch\u00fctzten Ort etwa 14 Tage lang Futter anzubieten.<\/p>\n\n\n\n<p><strong>Ab Mitte September<\/strong> <strong>zuf\u00fcttern<\/strong>: ist es ebenfalls sinnvoll, weil Jungigel sehr viel an Gewicht zulegen m\u00fcssen, um den nahenden Winterschlaf zu \u00fcberleben.<\/p>\n\n\n\n<p><strong>Ganzj\u00e4hrig?<\/strong> Da gibt es hundert Argumente pro und hundert kontra. Wer unsicher ist, vor allem bei gefundenen hilfsbed\u00fcrftigen Igeln, der sollte sich wirklich am besten vor Ort an die Igelhilfe wenden. Tier\u00e4rzte sind je nach Gebiet (l\u00e4ndlicher Bereich oder Stadt) mit Wildtieren wie dem Igel vertraut und helfen &#8222;kostenfrei&#8220;, aber oftmals auch mit Igeln \u00fcberfordert. Da hilft meist nur die Suche nach Igelhilfe im Netz.<\/p>\n\n\n\n<p>5) <strong>Igel-Zentren im Netz<\/strong><\/p>\n\n\n\n<ul class=\"wp-block-list\">\n<li><a href=\"http:\/\/www.pro-igel.de\">Pro Igel Deutschla<\/a>nd<\/li>\n\n\n\n<li><a href=\"http:\/\/www.pro-igel.ch\">Pro Igel Schweiz<\/a><\/li>\n\n\n\n<li><a href=\"https:\/\/igel-hilfe.at\/\">Igelhilfe \u00d6sterreich<\/a><\/li>\n<\/ul>\n","protected":false},"excerpt":{"rendered":"<p>Woran merkt man eigentlich, dass ein Igel im eigenen Garten lebt? &#8230; sobald diese Frage auftaucht, kommt auch schon die n\u00e4chste Frage: &#8222;Soll oder muss ich einen Igel im Garten eigentlich unterst\u00fctzen? Dies ist zwar keine Igelhilfe-Seite, aber durch Recherche und aufgrund meiner eigenen Erfahrung habe ich viele interessante Fakten &hellip;<\/p>\n","protected":false},"author":2,"featured_media":2988,"comment_status":"closed","ping_status":"open","sticky":false,"template":"","format":"standard","meta":{"footnotes":""},"categories":[1],"types\/post":[202,229,244,245],"post_format":[],"class_list":["post-3164","post","type-post","status-publish","format-standard","has-post-thumbnail","hentry","category-allgemein","tag-igel","tag-naturnaher-garten","tag-wildtier","tag-winterschlaf"],"_links":{"self":[{"href":"https:\/\/adele-sansone.com\/wordpress\/wp-json\/wp\/v2\/posts\/3164","targetHints":{"allow":["GET"]}}],"collection":[{"href":"https:\/\/adele-sansone.com\/wordpress\/wp-json\/wp\/v2\/posts"}],"about":[{"href":"https:\/\/adele-sansone.com\/wordpress\/wp-json\/wp\/v2\/types\/post"}],"author":[{"embeddable":true,"href":"https:\/\/adele-sansone.com\/wordpress\/wp-json\/wp\/v2\/users\/2"}],"replies":[{"embeddable":true,"href":"https:\/\/adele-sansone.com\/wordpress\/wp-json\/wp\/v2\/comments?post=3164"}],"version-history":[{"count":14,"href":"https:\/\/adele-sansone.com\/wordpress\/wp-json\/wp\/v2\/posts\/3164\/revisions"}],"predecessor-version":[{"id":3728,"href":"https:\/\/adele-sansone.com\/wordpress\/wp-json\/wp\/v2\/posts\/3164\/revisions\/3728"}],"wp:featuredmedia":[{"embeddable":true,"href":"https:\/\/adele-sansone.com\/wordpress\/wp-json\/wp\/v2\/media\/2988"}],"wp:attachment":[{"href":"https:\/\/adele-sansone.com\/wordpress\/wp-json\/wp\/v2\/media?parent=3164"}],"wp:term":[{"taxonomy":"category","embeddable":true,"href":"https:\/\/adele-sansone.com\/wordpress\/wp-json\/wp\/v2\/categories?post=3164"},{"taxonomy":"post_tag","embeddable":true,"href":"https:\/\/adele-sansone.com\/wordpress\/wp-json\/wp\/v2\/types\/post?post=3164"},{"taxonomy":"post_format","embeddable":true,"href":"https:\/\/adele-sansone.com\/wordpress\/wp-json\/wp\/v2\/post_format?post=3164"}],"curies":[{"name":"wp","href":"https:\/\/api.w.org\/{rel}","templated":true}]}}