{"id":3207,"date":"2021-10-27T08:57:18","date_gmt":"2021-10-27T06:57:18","guid":{"rendered":"https:\/\/adele-sansone.com\/wordpress\/?p=3207"},"modified":"2025-12-13T10:03:52","modified_gmt":"2025-12-13T09:03:52","slug":"kastanie-maroni-alles-gleich","status":"publish","type":"post","link":"https:\/\/adele-sansone.com\/wordpress\/2021\/10\/27\/kastanie-maroni-alles-gleich\/","title":{"rendered":"Kastanie &#8211; Maroni &#8211; alles gleich?"},"content":{"rendered":"\n<figure class=\"wp-block-gallery has-nested-images columns-default is-cropped wp-block-gallery-1 is-layout-flex wp-block-gallery-is-layout-flex\">\n<figure class=\"wp-block-image size-large is-style-default\"><img loading=\"lazy\" decoding=\"async\" width=\"1024\" height=\"576\" data-id=\"3208\" src=\"https:\/\/adele-sansone.com\/wordpress\/wp-content\/uploads\/2021\/10\/DSC00465-Castanea-sativa-1024x576.jpg\" alt=\"\" class=\"wp-image-3208\" srcset=\"https:\/\/adele-sansone.com\/wordpress\/wp-content\/uploads\/2021\/10\/DSC00465-Castanea-sativa-1024x576.jpg 1024w, https:\/\/adele-sansone.com\/wordpress\/wp-content\/uploads\/2021\/10\/DSC00465-Castanea-sativa-300x169.jpg 300w, https:\/\/adele-sansone.com\/wordpress\/wp-content\/uploads\/2021\/10\/DSC00465-Castanea-sativa-768x432.jpg 768w, https:\/\/adele-sansone.com\/wordpress\/wp-content\/uploads\/2021\/10\/DSC00465-Castanea-sativa-1536x864.jpg 1536w, https:\/\/adele-sansone.com\/wordpress\/wp-content\/uploads\/2021\/10\/DSC00465-Castanea-sativa-2048x1152.jpg 2048w, https:\/\/adele-sansone.com\/wordpress\/wp-content\/uploads\/2021\/10\/DSC00465-Castanea-sativa-640x360.jpg 640w, https:\/\/adele-sansone.com\/wordpress\/wp-content\/uploads\/2021\/10\/DSC00465-Castanea-sativa-533x300.jpg 533w\" sizes=\"auto, (max-width: 1024px) 100vw, 1024px\" \/><figcaption class=\"wp-element-caption\">Maroni\/Edelkastanie<\/figcaption><\/figure>\n\n\n\n<figure class=\"wp-block-image size-large is-style-default\"><img loading=\"lazy\" decoding=\"async\" width=\"1024\" height=\"576\" data-id=\"3209\" src=\"https:\/\/adele-sansone.com\/wordpress\/wp-content\/uploads\/2021\/10\/Rosskastanie-20170928_085443-1024x576.jpg\" alt=\"\" class=\"wp-image-3209\" srcset=\"https:\/\/adele-sansone.com\/wordpress\/wp-content\/uploads\/2021\/10\/Rosskastanie-20170928_085443-1024x576.jpg 1024w, https:\/\/adele-sansone.com\/wordpress\/wp-content\/uploads\/2021\/10\/Rosskastanie-20170928_085443-300x169.jpg 300w, https:\/\/adele-sansone.com\/wordpress\/wp-content\/uploads\/2021\/10\/Rosskastanie-20170928_085443-768x432.jpg 768w, https:\/\/adele-sansone.com\/wordpress\/wp-content\/uploads\/2021\/10\/Rosskastanie-20170928_085443-1536x864.jpg 1536w, https:\/\/adele-sansone.com\/wordpress\/wp-content\/uploads\/2021\/10\/Rosskastanie-20170928_085443-2048x1152.jpg 2048w, https:\/\/adele-sansone.com\/wordpress\/wp-content\/uploads\/2021\/10\/Rosskastanie-20170928_085443-640x360.jpg 640w, https:\/\/adele-sansone.com\/wordpress\/wp-content\/uploads\/2021\/10\/Rosskastanie-20170928_085443-533x300.jpg 533w\" sizes=\"auto, (max-width: 1024px) 100vw, 1024px\" \/><figcaption class=\"wp-element-caption\">Rosskastanie<\/figcaption><\/figure>\n<\/figure>\n\n\n\n<p>Im volkst\u00fcmlichen Sprachgebrauch sind beides &#8222;Kastanien&#8220;, auch wenn die Edelkastanien, die Maroni, eindeutig besser munden.<\/p>\n\n\n\n<!--more-->\n\n\n\n<p><strong>Edel-Kastanie<\/strong>, <em>Castanea sativa, <\/em>ist der Baum aus s\u00fcdlichen L\u00e4ndern, der uns die wunderbar w\u00e4rmenden &#8222;Maroni&#8220; liefert.  Die H\u00fclle, der Fruchtbecher, ist kugelig mit vielen harten Stacheln, und enth\u00e4lt meist 3 gl\u00e4nzende Fr\u00fcchte. Kommt allerdings auf die Sorte an, und davon gibt es zahlreiche mal mit kleineren, mal mit gr\u00f6\u00dferen &#8222;N\u00fcssen&#8220;. Der Baum wird bis zu 35m hoch, also auch mit Klimaerw\u00e4rmung gerechnet, nicht unbedingt gartengeeignet. Die Edelkastanie geh\u00f6rt in die Familie der Buchengew\u00e4chse (bot. <strong>Fagaceae<\/strong>). <\/p>\n\n\n\n<p>Eine Verwechslung beim fl\u00fcchtigen Blick auf die stachelige H\u00fclle mit einer Buchecker, der Fruchth\u00fclle von der <strong>Rotbuche<\/strong>, <em>Fagus sylvatica, <\/em> soll schon mal vorkommen. Allerdings sind deren Fruchth\u00fcllen weichstachelig und die Bucheckern sind eindeutig 3kantig. <\/p>\n\n\n<div class=\"wp-block-image is-style-default\">\n<figure class=\"alignleft size-full\"><img loading=\"lazy\" decoding=\"async\" width=\"294\" height=\"195\" src=\"https:\/\/adele-sansone.com\/wordpress\/wp-content\/uploads\/2021\/10\/09-03-35-462_294.jpg\" alt=\"\" class=\"wp-image-3220\"\/><figcaption class=\"wp-element-caption\">Buchecker (pixabay-Paul_ Henry)<\/figcaption><\/figure>\n<\/div>\n\n\n<p>Die Kastanie ist \u00fcbrigens eine Nuss(frucht), nur f\u00fcr die ganz Neugierigen. <\/p>\n\n\n\n<p><a href=\"https:\/\/pagewizz.com\/clevere-fruchte-von-beere-bis-nuss-37338\/\">Mehr zu den N\u00fcssen &#8230;<\/a><\/p>\n\n\n\n<p><\/p>\n\n\n\n<p><\/p>\n\n\n\n<p><\/p>\n\n\n\n<p><\/p>\n\n\n\n<p><\/p>\n\n\n\n<p><\/p>\n\n\n\n<p>Am besten schmecken die gebratenen\/ger\u00f6steten Maroni an den vielen Maronist\u00e4nden im Winter, auch wenn man sie noch so gut versucht im eigenen Backrohr oder auf der Herdplatte zuzubereiten, das Aroma der Kastanien\/Maronen aus den Kesseln ist einfach besser.<br>Und so &#8211; die nachfolgenden Bilder, kann ein richtig uralter Kastanienbaum (1600 gepflanzt) aussehen. <\/p>\n\n\n\n<figure class=\"wp-block-gallery has-nested-images columns-default is-cropped wp-block-gallery-2 is-layout-flex wp-block-gallery-is-layout-flex\">\n<figure class=\"wp-block-image size-large is-style-default\"><img loading=\"lazy\" decoding=\"async\" width=\"576\" height=\"1024\" data-id=\"3211\" src=\"https:\/\/adele-sansone.com\/wordpress\/wp-content\/uploads\/2021\/10\/DSC00469-Castanea-sativa-576x1024.jpg\" alt=\"\" class=\"wp-image-3211\" srcset=\"https:\/\/adele-sansone.com\/wordpress\/wp-content\/uploads\/2021\/10\/DSC00469-Castanea-sativa-576x1024.jpg 576w, https:\/\/adele-sansone.com\/wordpress\/wp-content\/uploads\/2021\/10\/DSC00469-Castanea-sativa-169x300.jpg 169w, https:\/\/adele-sansone.com\/wordpress\/wp-content\/uploads\/2021\/10\/DSC00469-Castanea-sativa-768x1365.jpg 768w, https:\/\/adele-sansone.com\/wordpress\/wp-content\/uploads\/2021\/10\/DSC00469-Castanea-sativa-864x1536.jpg 864w, https:\/\/adele-sansone.com\/wordpress\/wp-content\/uploads\/2021\/10\/DSC00469-Castanea-sativa-1152x2048.jpg 1152w, https:\/\/adele-sansone.com\/wordpress\/wp-content\/uploads\/2021\/10\/DSC00469-Castanea-sativa-640x1138.jpg 640w, https:\/\/adele-sansone.com\/wordpress\/wp-content\/uploads\/2021\/10\/DSC00469-Castanea-sativa-scaled.jpg 1440w\" sizes=\"auto, (max-width: 576px) 100vw, 576px\" \/><\/figure>\n\n\n\n<figure class=\"wp-block-image size-large is-style-default\"><img loading=\"lazy\" decoding=\"async\" width=\"784\" height=\"1024\" data-id=\"3212\" src=\"https:\/\/adele-sansone.com\/wordpress\/wp-content\/uploads\/2021\/10\/LagoMaggiore_150-Castanea-sativa-784x1024.jpg\" alt=\"\" class=\"wp-image-3212\" srcset=\"https:\/\/adele-sansone.com\/wordpress\/wp-content\/uploads\/2021\/10\/LagoMaggiore_150-Castanea-sativa-784x1024.jpg 784w, https:\/\/adele-sansone.com\/wordpress\/wp-content\/uploads\/2021\/10\/LagoMaggiore_150-Castanea-sativa-230x300.jpg 230w, https:\/\/adele-sansone.com\/wordpress\/wp-content\/uploads\/2021\/10\/LagoMaggiore_150-Castanea-sativa-768x1003.jpg 768w, https:\/\/adele-sansone.com\/wordpress\/wp-content\/uploads\/2021\/10\/LagoMaggiore_150-Castanea-sativa-1177x1536.jpg 1177w, https:\/\/adele-sansone.com\/wordpress\/wp-content\/uploads\/2021\/10\/LagoMaggiore_150-Castanea-sativa-1569x2048.jpg 1569w, https:\/\/adele-sansone.com\/wordpress\/wp-content\/uploads\/2021\/10\/LagoMaggiore_150-Castanea-sativa-640x836.jpg 640w, https:\/\/adele-sansone.com\/wordpress\/wp-content\/uploads\/2021\/10\/LagoMaggiore_150-Castanea-sativa-scaled.jpg 1961w\" sizes=\"auto, (max-width: 784px) 100vw, 784px\" \/><\/figure>\n\n\n\n<figure class=\"wp-block-image size-large is-style-default\"><img loading=\"lazy\" decoding=\"async\" width=\"1024\" height=\"576\" data-id=\"3215\" src=\"https:\/\/adele-sansone.com\/wordpress\/wp-content\/uploads\/2021\/10\/DSC00468-Castanea-sativa-1024x576.jpg\" alt=\"\" class=\"wp-image-3215\" srcset=\"https:\/\/adele-sansone.com\/wordpress\/wp-content\/uploads\/2021\/10\/DSC00468-Castanea-sativa-1024x576.jpg 1024w, https:\/\/adele-sansone.com\/wordpress\/wp-content\/uploads\/2021\/10\/DSC00468-Castanea-sativa-300x169.jpg 300w, https:\/\/adele-sansone.com\/wordpress\/wp-content\/uploads\/2021\/10\/DSC00468-Castanea-sativa-768x432.jpg 768w, https:\/\/adele-sansone.com\/wordpress\/wp-content\/uploads\/2021\/10\/DSC00468-Castanea-sativa-1536x864.jpg 1536w, https:\/\/adele-sansone.com\/wordpress\/wp-content\/uploads\/2021\/10\/DSC00468-Castanea-sativa-2048x1152.jpg 2048w, https:\/\/adele-sansone.com\/wordpress\/wp-content\/uploads\/2021\/10\/DSC00468-Castanea-sativa-640x360.jpg 640w, https:\/\/adele-sansone.com\/wordpress\/wp-content\/uploads\/2021\/10\/DSC00468-Castanea-sativa-533x300.jpg 533w\" sizes=\"auto, (max-width: 1024px) 100vw, 1024px\" \/><\/figure>\n<\/figure>\n\n\n\n<p>Die <strong>Rosskastanie, <\/strong><em>Aeculus hippocastanum, <\/em>geh\u00f6rt &#8211; Unterfamilie <strong>Rosskastaniengew\u00e4chse<\/strong> (Hippocastanoideae)  in die Pflanzenfamilie der Seifenbaumgew\u00e4chse (Sapindaceae). Auch sie wird geh\u00f6rig hoch, an die 25 m, typisch f\u00fcr sie sind die gefingerten Bl\u00e4tter und die erst gr\u00fcnstacheligen, sp\u00e4ter etwas ledrig werdenden braunen H\u00fcllen mit meist 2 gl\u00e4nzend braunen Fr\u00fcchten; beliebt als Bastelmaterial f\u00fcr Kinder. Die Rosskastanie ist als Alleebaum sehr beliebt, allein schon wegen seiner roten oder wei\u00dfen Bl\u00fcten in aufrechten Trauben. Rosskastanien schmecken sehr bitter, sind also medizinisch sehr wohl in Gebrauch, aber als leckere Speise kann man sie wirklich nicht bezeichnen. <\/p>\n\n\n\n<p>Den Namen &#8222;Rosskastanie&#8220; erhielt sie allerdings nicht, weil Pferde, also Rosse oder R\u00f6sser, sie so gerne fressen, sondern weil die Narben der abfallenden Bl\u00e4tter einem Pferdefu\u00df \u00e4hneln; <em>hippos=<\/em>Pferd.<\/p>\n\n\n\n<figure class=\"wp-block-gallery has-nested-images columns-2 is-cropped wp-block-gallery-3 is-layout-flex wp-block-gallery-is-layout-flex\">\n<figure class=\"wp-block-image size-large is-style-default\"><img loading=\"lazy\" decoding=\"async\" width=\"1024\" height=\"576\" data-id=\"3213\" src=\"https:\/\/adele-sansone.com\/wordpress\/wp-content\/uploads\/2021\/10\/Rosskastanie-20170928_085431-1024x576.jpg\" alt=\"\" class=\"wp-image-3213\" srcset=\"https:\/\/adele-sansone.com\/wordpress\/wp-content\/uploads\/2021\/10\/Rosskastanie-20170928_085431-1024x576.jpg 1024w, https:\/\/adele-sansone.com\/wordpress\/wp-content\/uploads\/2021\/10\/Rosskastanie-20170928_085431-300x169.jpg 300w, https:\/\/adele-sansone.com\/wordpress\/wp-content\/uploads\/2021\/10\/Rosskastanie-20170928_085431-768x432.jpg 768w, https:\/\/adele-sansone.com\/wordpress\/wp-content\/uploads\/2021\/10\/Rosskastanie-20170928_085431-1536x864.jpg 1536w, https:\/\/adele-sansone.com\/wordpress\/wp-content\/uploads\/2021\/10\/Rosskastanie-20170928_085431-2048x1152.jpg 2048w, https:\/\/adele-sansone.com\/wordpress\/wp-content\/uploads\/2021\/10\/Rosskastanie-20170928_085431-640x360.jpg 640w, https:\/\/adele-sansone.com\/wordpress\/wp-content\/uploads\/2021\/10\/Rosskastanie-20170928_085431-533x300.jpg 533w\" sizes=\"auto, (max-width: 1024px) 100vw, 1024px\" \/><\/figure>\n\n\n\n<figure class=\"wp-block-image size-large is-style-default\"><img loading=\"lazy\" decoding=\"async\" width=\"1024\" height=\"576\" data-id=\"3214\" src=\"https:\/\/adele-sansone.com\/wordpress\/wp-content\/uploads\/2021\/10\/Rosskastanie-20170928_085502-1024x576.jpg\" alt=\"\" class=\"wp-image-3214\" srcset=\"https:\/\/adele-sansone.com\/wordpress\/wp-content\/uploads\/2021\/10\/Rosskastanie-20170928_085502-1024x576.jpg 1024w, https:\/\/adele-sansone.com\/wordpress\/wp-content\/uploads\/2021\/10\/Rosskastanie-20170928_085502-300x169.jpg 300w, https:\/\/adele-sansone.com\/wordpress\/wp-content\/uploads\/2021\/10\/Rosskastanie-20170928_085502-768x432.jpg 768w, https:\/\/adele-sansone.com\/wordpress\/wp-content\/uploads\/2021\/10\/Rosskastanie-20170928_085502-1536x864.jpg 1536w, https:\/\/adele-sansone.com\/wordpress\/wp-content\/uploads\/2021\/10\/Rosskastanie-20170928_085502-2048x1152.jpg 2048w, https:\/\/adele-sansone.com\/wordpress\/wp-content\/uploads\/2021\/10\/Rosskastanie-20170928_085502-640x360.jpg 640w, https:\/\/adele-sansone.com\/wordpress\/wp-content\/uploads\/2021\/10\/Rosskastanie-20170928_085502-533x300.jpg 533w\" sizes=\"auto, (max-width: 1024px) 100vw, 1024px\" \/><\/figure>\n\n\n\n<figure class=\"wp-block-image size-large is-style-default\"><img loading=\"lazy\" decoding=\"async\" width=\"576\" height=\"1024\" data-id=\"3222\" src=\"https:\/\/adele-sansone.com\/wordpress\/wp-content\/uploads\/2021\/10\/20211028_090456-Rosskastanie-576x1024.jpg\" alt=\"\" class=\"wp-image-3222\" srcset=\"https:\/\/adele-sansone.com\/wordpress\/wp-content\/uploads\/2021\/10\/20211028_090456-Rosskastanie-576x1024.jpg 576w, https:\/\/adele-sansone.com\/wordpress\/wp-content\/uploads\/2021\/10\/20211028_090456-Rosskastanie-169x300.jpg 169w, https:\/\/adele-sansone.com\/wordpress\/wp-content\/uploads\/2021\/10\/20211028_090456-Rosskastanie-768x1365.jpg 768w, https:\/\/adele-sansone.com\/wordpress\/wp-content\/uploads\/2021\/10\/20211028_090456-Rosskastanie-864x1536.jpg 864w, https:\/\/adele-sansone.com\/wordpress\/wp-content\/uploads\/2021\/10\/20211028_090456-Rosskastanie-1152x2048.jpg 1152w, https:\/\/adele-sansone.com\/wordpress\/wp-content\/uploads\/2021\/10\/20211028_090456-Rosskastanie-640x1138.jpg 640w, https:\/\/adele-sansone.com\/wordpress\/wp-content\/uploads\/2021\/10\/20211028_090456-Rosskastanie-scaled.jpg 1440w\" sizes=\"auto, (max-width: 576px) 100vw, 576px\" \/><\/figure>\n<\/figure>\n\n\n\n<ul class=\"wp-block-list\">\n<li><a href=\"https:\/\/pagewizz.com\/die-esskastanie-mit-portugiesischen-rezepten-32607\/\">Allerlei rund um die Esskastanie<\/a><\/li>\n\n\n\n<li><a href=\"https:\/\/pagewizz.com\/esskastanien-wo-kommt-die-leckere-nuss-her\/\">Wo kommt die Esskastanie her?<\/a><\/li>\n\n\n\n<li><a href=\"https:\/\/pagewizz.com\/selbstversorgung-mal-anders-esskastanien-selber-im-garten-anpflanzen\/\">Edelkastanie im eigenen Garten?<\/a><\/li>\n<\/ul>\n","protected":false},"excerpt":{"rendered":"<p>Im volkst\u00fcmlichen Sprachgebrauch sind beides &#8222;Kastanien&#8220;, auch wenn die Edelkastanien, die Maroni, eindeutig besser munden.<\/p>\n","protected":false},"author":2,"featured_media":3209,"comment_status":"closed","ping_status":"open","sticky":false,"template":"","format":"standard","meta":{"footnotes":""},"categories":[1],"types\/post":[119,301],"post_format":[],"class_list":["post-3207","post","type-post","status-publish","format-standard","has-post-thumbnail","hentry","category-allgemein","tag-baeume","tag-bestimmungshilfe"],"_links":{"self":[{"href":"https:\/\/adele-sansone.com\/wordpress\/wp-json\/wp\/v2\/posts\/3207","targetHints":{"allow":["GET"]}}],"collection":[{"href":"https:\/\/adele-sansone.com\/wordpress\/wp-json\/wp\/v2\/posts"}],"about":[{"href":"https:\/\/adele-sansone.com\/wordpress\/wp-json\/wp\/v2\/types\/post"}],"author":[{"embeddable":true,"href":"https:\/\/adele-sansone.com\/wordpress\/wp-json\/wp\/v2\/users\/2"}],"replies":[{"embeddable":true,"href":"https:\/\/adele-sansone.com\/wordpress\/wp-json\/wp\/v2\/comments?post=3207"}],"version-history":[{"count":6,"href":"https:\/\/adele-sansone.com\/wordpress\/wp-json\/wp\/v2\/posts\/3207\/revisions"}],"predecessor-version":[{"id":3780,"href":"https:\/\/adele-sansone.com\/wordpress\/wp-json\/wp\/v2\/posts\/3207\/revisions\/3780"}],"wp:featuredmedia":[{"embeddable":true,"href":"https:\/\/adele-sansone.com\/wordpress\/wp-json\/wp\/v2\/media\/3209"}],"wp:attachment":[{"href":"https:\/\/adele-sansone.com\/wordpress\/wp-json\/wp\/v2\/media?parent=3207"}],"wp:term":[{"taxonomy":"category","embeddable":true,"href":"https:\/\/adele-sansone.com\/wordpress\/wp-json\/wp\/v2\/categories?post=3207"},{"taxonomy":"post_tag","embeddable":true,"href":"https:\/\/adele-sansone.com\/wordpress\/wp-json\/wp\/v2\/types\/post?post=3207"},{"taxonomy":"post_format","embeddable":true,"href":"https:\/\/adele-sansone.com\/wordpress\/wp-json\/wp\/v2\/post_format?post=3207"}],"curies":[{"name":"wp","href":"https:\/\/api.w.org\/{rel}","templated":true}]}}