{"id":3226,"date":"2021-11-01T15:35:43","date_gmt":"2021-11-01T14:35:43","guid":{"rendered":"https:\/\/adele-sansone.com\/wordpress\/?p=3226"},"modified":"2026-01-02T13:49:45","modified_gmt":"2026-01-02T12:49:45","slug":"alle-voeglein-sind-schon-da-wintergaeste","status":"publish","type":"post","link":"https:\/\/adele-sansone.com\/wordpress\/2021\/11\/01\/alle-voeglein-sind-schon-da-wintergaeste\/","title":{"rendered":"Alle V\u00f6glein sind schon da &#8211; Winterg\u00e4ste"},"content":{"rendered":"<div class=\"wp-block-image is-style-default\">\n<figure class=\"aligncenter size-large is-resized\"><img loading=\"lazy\" decoding=\"async\" src=\"https:\/\/adele-sansone.com\/wordpress\/wp-content\/uploads\/2020\/12\/IMG_9360-Erlenzeisig-706x1024.jpg\" alt=\"\" class=\"wp-image-2528\" width=\"353\" height=\"512\" srcset=\"https:\/\/adele-sansone.com\/wordpress\/wp-content\/uploads\/2020\/12\/IMG_9360-Erlenzeisig-706x1024.jpg 706w, https:\/\/adele-sansone.com\/wordpress\/wp-content\/uploads\/2020\/12\/IMG_9360-Erlenzeisig-207x300.jpg 207w, https:\/\/adele-sansone.com\/wordpress\/wp-content\/uploads\/2020\/12\/IMG_9360-Erlenzeisig-768x1113.jpg 768w, https:\/\/adele-sansone.com\/wordpress\/wp-content\/uploads\/2020\/12\/IMG_9360-Erlenzeisig-1060x1536.jpg 1060w, https:\/\/adele-sansone.com\/wordpress\/wp-content\/uploads\/2020\/12\/IMG_9360-Erlenzeisig-1413x2048.jpg 1413w, https:\/\/adele-sansone.com\/wordpress\/wp-content\/uploads\/2020\/12\/IMG_9360-Erlenzeisig-640x928.jpg 640w, https:\/\/adele-sansone.com\/wordpress\/wp-content\/uploads\/2020\/12\/IMG_9360-Erlenzeisig.jpg 1421w\" sizes=\"auto, (max-width: 353px) 100vw, 353px\" \/><\/figure>\n<\/div>\n\n\n<p>Im Sp\u00e4therbst fliegen die ersten Winterg\u00e4ste zu uns in unsere G\u00e4rten und Futterh\u00e4uschen ein. Eine kleine \u00dcbersicht dazu findet ihr hier.<\/p>\n\n\n\n<!--more-->\n\n\n\n<p>Bei uns* sind es die <strong>Meisen<\/strong>, (<em>Parus), <\/em>die als Erste wieder vermehrt auffallen. Dabei sind einige der Meisen standorttreu, andere wiederum sind sogenannte &#8222;Strichv\u00f6gel&#8220;. <\/p>\n\n\n\n<h3 class=\"wp-block-heading\">Meisen als Strichv\u00f6gel? Wie bitte? &#8230; da hat einer echt &#8217;ne Meise<\/h3>\n\n\n\n<p>Die Meise an deinem Vogelh\u00e4uschen muss nicht die Meise vom Sommer sein. Im Winter bev\u00f6lkern ebenso n\u00f6rdliche Meisen, die f\u00fcr sie milderen Klimaregionen. Im Winter sind bei uns Kohlmeisen und Tannenmeisen aus Skandinavien und Osteuropa als Winterg\u00e4ste. Freut euch \u00fcber sie, denn niemand sucht so akribisch s\u00e4mtliche Obstb\u00e4ume nach Sch\u00e4dlingen ab, wie die verschiedenen Meisen.<\/p>\n\n\n\n<p><strong>Blaumeisen<\/strong> sind <strong>Standv\u00f6gel<\/strong> (sie wandern nicht weg). <strong>Tannenmeisen<\/strong> wandern in gro\u00dfen Schw\u00e4rmen, <strong>Kohlmeisen<\/strong> wandern in kleineren Gruppen. <\/p>\n\n\n\n<figure class=\"wp-block-gallery has-nested-images columns-default is-cropped wp-block-gallery-1 is-layout-flex wp-block-gallery-is-layout-flex\">\n<figure class=\"wp-block-image size-large is-style-default\"><img loading=\"lazy\" decoding=\"async\" width=\"800\" height=\"614\" data-id=\"2607\" src=\"https:\/\/adele-sansone.com\/wordpress\/wp-content\/uploads\/2020\/12\/Meisen026.jpg\" alt=\"\" class=\"wp-image-2607\" srcset=\"https:\/\/adele-sansone.com\/wordpress\/wp-content\/uploads\/2020\/12\/Meisen026.jpg 800w, https:\/\/adele-sansone.com\/wordpress\/wp-content\/uploads\/2020\/12\/Meisen026-300x230.jpg 300w, https:\/\/adele-sansone.com\/wordpress\/wp-content\/uploads\/2020\/12\/Meisen026-768x589.jpg 768w, https:\/\/adele-sansone.com\/wordpress\/wp-content\/uploads\/2020\/12\/Meisen026-640x491.jpg 640w, https:\/\/adele-sansone.com\/wordpress\/wp-content\/uploads\/2020\/12\/Meisen026-391x300.jpg 391w\" sizes=\"auto, (max-width: 800px) 100vw, 800px\" \/><figcaption class=\"wp-element-caption\">Kohlmeise<\/figcaption><\/figure>\n\n\n\n<figure class=\"wp-block-image size-large is-style-default\"><img loading=\"lazy\" decoding=\"async\" width=\"1024\" height=\"576\" data-id=\"2608\" src=\"https:\/\/adele-sansone.com\/wordpress\/wp-content\/uploads\/2020\/12\/Meisen-129-1024x576.jpg\" alt=\"\" class=\"wp-image-2608\" srcset=\"https:\/\/adele-sansone.com\/wordpress\/wp-content\/uploads\/2020\/12\/Meisen-129-1024x576.jpg 1024w, https:\/\/adele-sansone.com\/wordpress\/wp-content\/uploads\/2020\/12\/Meisen-129-300x169.jpg 300w, https:\/\/adele-sansone.com\/wordpress\/wp-content\/uploads\/2020\/12\/Meisen-129-768x432.jpg 768w, https:\/\/adele-sansone.com\/wordpress\/wp-content\/uploads\/2020\/12\/Meisen-129-1536x864.jpg 1536w, https:\/\/adele-sansone.com\/wordpress\/wp-content\/uploads\/2020\/12\/Meisen-129-640x360.jpg 640w, https:\/\/adele-sansone.com\/wordpress\/wp-content\/uploads\/2020\/12\/Meisen-129-533x300.jpg 533w, https:\/\/adele-sansone.com\/wordpress\/wp-content\/uploads\/2020\/12\/Meisen-129.jpg 1920w\" sizes=\"auto, (max-width: 1024px) 100vw, 1024px\" \/><figcaption class=\"wp-element-caption\">Tannenmeise<\/figcaption><\/figure>\n\n\n\n<figure class=\"wp-block-image size-large is-style-default\"><img loading=\"lazy\" decoding=\"async\" width=\"800\" height=\"737\" data-id=\"2606\" src=\"https:\/\/adele-sansone.com\/wordpress\/wp-content\/uploads\/2020\/12\/Meisen007.jpg\" alt=\"\" class=\"wp-image-2606\" srcset=\"https:\/\/adele-sansone.com\/wordpress\/wp-content\/uploads\/2020\/12\/Meisen007.jpg 800w, https:\/\/adele-sansone.com\/wordpress\/wp-content\/uploads\/2020\/12\/Meisen007-300x276.jpg 300w, https:\/\/adele-sansone.com\/wordpress\/wp-content\/uploads\/2020\/12\/Meisen007-768x708.jpg 768w, https:\/\/adele-sansone.com\/wordpress\/wp-content\/uploads\/2020\/12\/Meisen007-640x590.jpg 640w, https:\/\/adele-sansone.com\/wordpress\/wp-content\/uploads\/2020\/12\/Meisen007-326x300.jpg 326w\" sizes=\"auto, (max-width: 800px) 100vw, 800px\" \/><figcaption class=\"wp-element-caption\">Blaumeise<\/figcaption><\/figure>\n<\/figure>\n\n\n\n<p><\/p>\n\n\n\n<p><strong>Stieglitze<\/strong> (<em>Carduelis carduelis)<\/em> sind oftmals bereits im Sp\u00e4tsommer paarweise im Garten da, um nach den leckersten Samenk\u00f6rnern Ausschau zu halten. Gl\u00fccklich, wer eine <a href=\"https:\/\/pagewizz.com\/karde-skabiose-und-witwenblumeknautie-36082\/\">Karde, Disteln<\/a> und Sonnenblumen in gr\u00f6\u00dferer St\u00fcckzahl angebaut hat. Bei uns ist er selten. Genauso verh\u00e4lt es sich auch mit dem <strong>Gimpel<\/strong>, (<em>Pyrrhula pyrrhula) <\/em>der, so er mal auftaucht, immer mit seinem Partner vorbei kommt.<\/p>\n\n\n\n<figure class=\"wp-block-gallery aligncenter has-nested-images columns-default is-cropped wp-block-gallery-2 is-layout-flex wp-block-gallery-is-layout-flex\">\n<figure class=\"wp-block-image size-large is-style-default\"><img loading=\"lazy\" decoding=\"async\" width=\"1024\" height=\"576\" data-id=\"3240\" src=\"https:\/\/adele-sansone.com\/wordpress\/wp-content\/uploads\/2021\/11\/Stiglitz07-1024x576.jpg\" alt=\"\" class=\"wp-image-3240\" srcset=\"https:\/\/adele-sansone.com\/wordpress\/wp-content\/uploads\/2021\/11\/Stiglitz07-1024x576.jpg 1024w, https:\/\/adele-sansone.com\/wordpress\/wp-content\/uploads\/2021\/11\/Stiglitz07-300x169.jpg 300w, https:\/\/adele-sansone.com\/wordpress\/wp-content\/uploads\/2021\/11\/Stiglitz07-768x432.jpg 768w, https:\/\/adele-sansone.com\/wordpress\/wp-content\/uploads\/2021\/11\/Stiglitz07-640x360.jpg 640w, https:\/\/adele-sansone.com\/wordpress\/wp-content\/uploads\/2021\/11\/Stiglitz07-533x300.jpg 533w, https:\/\/adele-sansone.com\/wordpress\/wp-content\/uploads\/2021\/11\/Stiglitz07.jpg 1513w\" sizes=\"auto, (max-width: 1024px) 100vw, 1024px\" \/><figcaption class=\"wp-element-caption\">Stieglitz<\/figcaption><\/figure>\n\n\n\n<figure class=\"wp-block-image size-large is-style-default\"><img loading=\"lazy\" decoding=\"async\" width=\"1011\" height=\"689\" data-id=\"3232\" src=\"https:\/\/adele-sansone.com\/wordpress\/wp-content\/uploads\/2021\/11\/DSC00046-Gimpel-.jpg\" alt=\"\" class=\"wp-image-3232\" srcset=\"https:\/\/adele-sansone.com\/wordpress\/wp-content\/uploads\/2021\/11\/DSC00046-Gimpel-.jpg 1011w, https:\/\/adele-sansone.com\/wordpress\/wp-content\/uploads\/2021\/11\/DSC00046-Gimpel--300x204.jpg 300w, https:\/\/adele-sansone.com\/wordpress\/wp-content\/uploads\/2021\/11\/DSC00046-Gimpel--768x523.jpg 768w, https:\/\/adele-sansone.com\/wordpress\/wp-content\/uploads\/2021\/11\/DSC00046-Gimpel--640x436.jpg 640w, https:\/\/adele-sansone.com\/wordpress\/wp-content\/uploads\/2021\/11\/DSC00046-Gimpel--440x300.jpg 440w\" sizes=\"auto, (max-width: 1011px) 100vw, 1011px\" \/><figcaption class=\"wp-element-caption\">Gimpel<\/figcaption><\/figure>\n\n\n\n<figure class=\"wp-block-image size-large is-style-default\"><img loading=\"lazy\" decoding=\"async\" width=\"1024\" height=\"860\" data-id=\"3233\" src=\"https:\/\/adele-sansone.com\/wordpress\/wp-content\/uploads\/2021\/11\/DSC00044-Gimpel--1024x860.jpg\" alt=\"\" class=\"wp-image-3233\" srcset=\"https:\/\/adele-sansone.com\/wordpress\/wp-content\/uploads\/2021\/11\/DSC00044-Gimpel--1024x860.jpg 1024w, https:\/\/adele-sansone.com\/wordpress\/wp-content\/uploads\/2021\/11\/DSC00044-Gimpel--300x252.jpg 300w, https:\/\/adele-sansone.com\/wordpress\/wp-content\/uploads\/2021\/11\/DSC00044-Gimpel--768x645.jpg 768w, https:\/\/adele-sansone.com\/wordpress\/wp-content\/uploads\/2021\/11\/DSC00044-Gimpel--640x538.jpg 640w, https:\/\/adele-sansone.com\/wordpress\/wp-content\/uploads\/2021\/11\/DSC00044-Gimpel--357x300.jpg 357w, https:\/\/adele-sansone.com\/wordpress\/wp-content\/uploads\/2021\/11\/DSC00044-Gimpel-.jpg 1094w\" sizes=\"auto, (max-width: 1024px) 100vw, 1024px\" \/><figcaption class=\"wp-element-caption\">Gimpel<\/figcaption><\/figure>\n<\/figure>\n\n\n\n<p><\/p>\n\n\n\n<p><strong>Rotkehlchen<\/strong>, (<em>Erithacus rubecula) <\/em>sind ganzj\u00e4hrig im Garten zu finden, manchmal hat man auch Gl\u00fcck und es nistet irgendwo im Garten im dichten Unterwuchs, ab Mitte Oktober kommt es auch wieder zum Futterhaus. Allerdings ist am Futterhaus sicher nur <strong>ein<\/strong> Rotkehlchen anzutreffen, denn Rivalen duldet man nicht. Aus. Basta. <\/p>\n\n\n\n<figure class=\"wp-block-gallery has-nested-images columns-default is-cropped wp-block-gallery-3 is-layout-flex wp-block-gallery-is-layout-flex\">\n<figure class=\"wp-block-image size-large is-style-default\"><img loading=\"lazy\" decoding=\"async\" width=\"1024\" height=\"682\" data-id=\"2671\" src=\"https:\/\/adele-sansone.com\/wordpress\/wp-content\/uploads\/2021\/01\/Ostern2013-14-Rotkehlchen-1024x682.jpg\" alt=\"\" class=\"wp-image-2671\" srcset=\"https:\/\/adele-sansone.com\/wordpress\/wp-content\/uploads\/2021\/01\/Ostern2013-14-Rotkehlchen-1024x682.jpg 1024w, https:\/\/adele-sansone.com\/wordpress\/wp-content\/uploads\/2021\/01\/Ostern2013-14-Rotkehlchen-300x200.jpg 300w, https:\/\/adele-sansone.com\/wordpress\/wp-content\/uploads\/2021\/01\/Ostern2013-14-Rotkehlchen-768x511.jpg 768w, https:\/\/adele-sansone.com\/wordpress\/wp-content\/uploads\/2021\/01\/Ostern2013-14-Rotkehlchen-1536x1022.jpg 1536w, https:\/\/adele-sansone.com\/wordpress\/wp-content\/uploads\/2021\/01\/Ostern2013-14-Rotkehlchen-640x426.jpg 640w, https:\/\/adele-sansone.com\/wordpress\/wp-content\/uploads\/2021\/01\/Ostern2013-14-Rotkehlchen-451x300.jpg 451w, https:\/\/adele-sansone.com\/wordpress\/wp-content\/uploads\/2021\/01\/Ostern2013-14-Rotkehlchen.jpg 1699w\" sizes=\"auto, (max-width: 1024px) 100vw, 1024px\" \/><figcaption class=\"wp-element-caption\">Rotkehlchen<\/figcaption><\/figure>\n\n\n\n<figure class=\"wp-block-image size-large is-style-default\"><img loading=\"lazy\" decoding=\"async\" width=\"1024\" height=\"681\" data-id=\"2668\" src=\"https:\/\/adele-sansone.com\/wordpress\/wp-content\/uploads\/2021\/01\/Ostern2013-15-Rotkehlchen-1024x681.jpg\" alt=\"\" class=\"wp-image-2668\" srcset=\"https:\/\/adele-sansone.com\/wordpress\/wp-content\/uploads\/2021\/01\/Ostern2013-15-Rotkehlchen-1024x681.jpg 1024w, https:\/\/adele-sansone.com\/wordpress\/wp-content\/uploads\/2021\/01\/Ostern2013-15-Rotkehlchen-300x200.jpg 300w, https:\/\/adele-sansone.com\/wordpress\/wp-content\/uploads\/2021\/01\/Ostern2013-15-Rotkehlchen-768x511.jpg 768w, https:\/\/adele-sansone.com\/wordpress\/wp-content\/uploads\/2021\/01\/Ostern2013-15-Rotkehlchen-640x426.jpg 640w, https:\/\/adele-sansone.com\/wordpress\/wp-content\/uploads\/2021\/01\/Ostern2013-15-Rotkehlchen-451x300.jpg 451w, https:\/\/adele-sansone.com\/wordpress\/wp-content\/uploads\/2021\/01\/Ostern2013-15-Rotkehlchen.jpg 1242w\" sizes=\"auto, (max-width: 1024px) 100vw, 1024px\" \/><figcaption class=\"wp-element-caption\">Rotkehlchen<\/figcaption><\/figure>\n\n\n\n<figure class=\"wp-block-image size-large is-style-default\"><img loading=\"lazy\" decoding=\"async\" width=\"1024\" height=\"749\" data-id=\"2664\" src=\"https:\/\/adele-sansone.com\/wordpress\/wp-content\/uploads\/2021\/01\/Rotkehlchen-0002-1024x749.jpg\" alt=\"\" class=\"wp-image-2664\" srcset=\"https:\/\/adele-sansone.com\/wordpress\/wp-content\/uploads\/2021\/01\/Rotkehlchen-0002-1024x749.jpg 1024w, https:\/\/adele-sansone.com\/wordpress\/wp-content\/uploads\/2021\/01\/Rotkehlchen-0002-300x219.jpg 300w, https:\/\/adele-sansone.com\/wordpress\/wp-content\/uploads\/2021\/01\/Rotkehlchen-0002-768x562.jpg 768w, https:\/\/adele-sansone.com\/wordpress\/wp-content\/uploads\/2021\/01\/Rotkehlchen-0002-640x468.jpg 640w, https:\/\/adele-sansone.com\/wordpress\/wp-content\/uploads\/2021\/01\/Rotkehlchen-0002-410x300.jpg 410w, https:\/\/adele-sansone.com\/wordpress\/wp-content\/uploads\/2021\/01\/Rotkehlchen-0002.jpg 1471w\" sizes=\"auto, (max-width: 1024px) 100vw, 1024px\" \/><figcaption class=\"wp-element-caption\">Chef vom Futterhaus<\/figcaption><\/figure>\n<\/figure>\n\n\n\n<p><\/p>\n\n\n\n<p><strong>Buchfinken<\/strong> (<em>Fringilla coelebs) <\/em>gesellen sich ab Mitte Oktober auch bereits zu dem ans\u00e4ssigen Spatzenvolk dazu. Sie fressen vorwiegend vom Boden, also ist es gut, wenn man trockene Freifl\u00e4chen anbieten kann. Meist nur die M\u00e4nnchen, Buchfinken sind Teilzieher, wobei  sich im Winter die Schw\u00e4rme nach Geschlechtern aufteilen; M\u00e4nnchen bleiben eher am Standort und die weiblichen V\u00f6gel, ziehen eher weiter s\u00fcdw\u00e4rts &#8230; nach meinen Beobachtungen sind aber vermehrt im Winter auch Weibchen an den Futterpl\u00e4tzen. Die gute Verpflegung hat sich vielleicht umgesprochen.<\/p>\n\n\n\n<figure class=\"wp-block-gallery has-nested-images columns-default is-cropped wp-block-gallery-4 is-layout-flex wp-block-gallery-is-layout-flex\">\n<figure class=\"wp-block-image size-large is-style-default\"><img loading=\"lazy\" decoding=\"async\" width=\"1024\" height=\"928\" data-id=\"2688\" src=\"https:\/\/adele-sansone.com\/wordpress\/wp-content\/uploads\/2021\/01\/buchf19-1024x928.jpg\" alt=\"\" class=\"wp-image-2688\" srcset=\"https:\/\/adele-sansone.com\/wordpress\/wp-content\/uploads\/2021\/01\/buchf19-1024x928.jpg 1024w, https:\/\/adele-sansone.com\/wordpress\/wp-content\/uploads\/2021\/01\/buchf19-300x272.jpg 300w, https:\/\/adele-sansone.com\/wordpress\/wp-content\/uploads\/2021\/01\/buchf19-768x696.jpg 768w, https:\/\/adele-sansone.com\/wordpress\/wp-content\/uploads\/2021\/01\/buchf19-640x580.jpg 640w, https:\/\/adele-sansone.com\/wordpress\/wp-content\/uploads\/2021\/01\/buchf19-331x300.jpg 331w, https:\/\/adele-sansone.com\/wordpress\/wp-content\/uploads\/2021\/01\/buchf19.jpg 1182w\" sizes=\"auto, (max-width: 1024px) 100vw, 1024px\" \/><figcaption class=\"wp-element-caption\">Buchfink<\/figcaption><\/figure>\n\n\n\n<figure class=\"wp-block-image size-large is-style-default\"><img loading=\"lazy\" decoding=\"async\" width=\"1024\" height=\"728\" data-id=\"2689\" src=\"https:\/\/adele-sansone.com\/wordpress\/wp-content\/uploads\/2021\/01\/DSC09749-1-1024x728.jpg\" alt=\"\" class=\"wp-image-2689\" srcset=\"https:\/\/adele-sansone.com\/wordpress\/wp-content\/uploads\/2021\/01\/DSC09749-1-1024x728.jpg 1024w, https:\/\/adele-sansone.com\/wordpress\/wp-content\/uploads\/2021\/01\/DSC09749-1-300x213.jpg 300w, https:\/\/adele-sansone.com\/wordpress\/wp-content\/uploads\/2021\/01\/DSC09749-1-768x546.jpg 768w, https:\/\/adele-sansone.com\/wordpress\/wp-content\/uploads\/2021\/01\/DSC09749-1-1536x1092.jpg 1536w, https:\/\/adele-sansone.com\/wordpress\/wp-content\/uploads\/2021\/01\/DSC09749-1-2048x1456.jpg 2048w, https:\/\/adele-sansone.com\/wordpress\/wp-content\/uploads\/2021\/01\/DSC09749-1-640x455.jpg 640w, https:\/\/adele-sansone.com\/wordpress\/wp-content\/uploads\/2021\/01\/DSC09749-1-422x300.jpg 422w\" sizes=\"auto, (max-width: 1024px) 100vw, 1024px\" \/><figcaption class=\"wp-element-caption\">Buchfink<\/figcaption><\/figure>\n\n\n\n<figure class=\"wp-block-image size-large is-style-default\"><img loading=\"lazy\" decoding=\"async\" width=\"1024\" height=\"577\" data-id=\"3242\" src=\"https:\/\/adele-sansone.com\/wordpress\/wp-content\/uploads\/2021\/11\/DSC09885-Buchfinken--1024x577.jpg\" alt=\"\" class=\"wp-image-3242\" srcset=\"https:\/\/adele-sansone.com\/wordpress\/wp-content\/uploads\/2021\/11\/DSC09885-Buchfinken--1024x577.jpg 1024w, https:\/\/adele-sansone.com\/wordpress\/wp-content\/uploads\/2021\/11\/DSC09885-Buchfinken--300x169.jpg 300w, https:\/\/adele-sansone.com\/wordpress\/wp-content\/uploads\/2021\/11\/DSC09885-Buchfinken--768x433.jpg 768w, https:\/\/adele-sansone.com\/wordpress\/wp-content\/uploads\/2021\/11\/DSC09885-Buchfinken--1536x866.jpg 1536w, https:\/\/adele-sansone.com\/wordpress\/wp-content\/uploads\/2021\/11\/DSC09885-Buchfinken--2048x1154.jpg 2048w, https:\/\/adele-sansone.com\/wordpress\/wp-content\/uploads\/2021\/11\/DSC09885-Buchfinken--640x361.jpg 640w, https:\/\/adele-sansone.com\/wordpress\/wp-content\/uploads\/2021\/11\/DSC09885-Buchfinken--532x300.jpg 532w\" sizes=\"auto, (max-width: 1024px) 100vw, 1024px\" \/><figcaption class=\"wp-element-caption\">Buchfinken am Boden<\/figcaption><\/figure>\n<\/figure>\n\n\n\n<p><\/p>\n\n\n\n<p><strong>Erlenzeisige<\/strong> (<em>Carduelis spinus<\/em>) kommen, zumindest bei uns, erst mit dem Schneefall aus den angrenzenden W\u00e4ldern zu den G\u00e4rten. Manchmal nur in kleinen Gruppen, im letzten Winter hatten wir lange Zeit nur ein junges P\u00e4rchen, aber bei starkem Schneefall fallen sie rasch in wirklich hoher Anzahl ein. Da hei\u00dft es dann rasch immer wieder die Futterstellen nachf\u00fcllen.<\/p>\n\n\n\n<figure class=\"wp-block-gallery has-nested-images columns-default is-cropped wp-block-gallery-5 is-layout-flex wp-block-gallery-is-layout-flex\">\n<figure class=\"wp-block-image size-large is-style-default\"><img loading=\"lazy\" decoding=\"async\" width=\"706\" height=\"1024\" data-id=\"2528\" src=\"https:\/\/adele-sansone.com\/wordpress\/wp-content\/uploads\/2020\/12\/IMG_9360-Erlenzeisig-706x1024.jpg\" alt=\"\" class=\"wp-image-2528\" srcset=\"https:\/\/adele-sansone.com\/wordpress\/wp-content\/uploads\/2020\/12\/IMG_9360-Erlenzeisig-706x1024.jpg 706w, https:\/\/adele-sansone.com\/wordpress\/wp-content\/uploads\/2020\/12\/IMG_9360-Erlenzeisig-207x300.jpg 207w, https:\/\/adele-sansone.com\/wordpress\/wp-content\/uploads\/2020\/12\/IMG_9360-Erlenzeisig-768x1113.jpg 768w, https:\/\/adele-sansone.com\/wordpress\/wp-content\/uploads\/2020\/12\/IMG_9360-Erlenzeisig-1060x1536.jpg 1060w, https:\/\/adele-sansone.com\/wordpress\/wp-content\/uploads\/2020\/12\/IMG_9360-Erlenzeisig-1413x2048.jpg 1413w, https:\/\/adele-sansone.com\/wordpress\/wp-content\/uploads\/2020\/12\/IMG_9360-Erlenzeisig-640x928.jpg 640w, https:\/\/adele-sansone.com\/wordpress\/wp-content\/uploads\/2020\/12\/IMG_9360-Erlenzeisig.jpg 1421w\" sizes=\"auto, (max-width: 706px) 100vw, 706px\" \/><figcaption class=\"wp-element-caption\">Erlenzeisig<\/figcaption><\/figure>\n\n\n\n<figure class=\"wp-block-image size-large is-style-default\"><img loading=\"lazy\" decoding=\"async\" width=\"622\" height=\"426\" data-id=\"130\" src=\"https:\/\/adele-sansone.com\/wordpress\/wp-content\/uploads\/2019\/04\/Erlenzeisig01.jpg\" alt=\"\" class=\"wp-image-130\" srcset=\"https:\/\/adele-sansone.com\/wordpress\/wp-content\/uploads\/2019\/04\/Erlenzeisig01.jpg 622w, https:\/\/adele-sansone.com\/wordpress\/wp-content\/uploads\/2019\/04\/Erlenzeisig01-300x205.jpg 300w\" sizes=\"auto, (max-width: 622px) 100vw, 622px\" \/><figcaption class=\"wp-element-caption\">Erlenzeisig<\/figcaption><\/figure>\n\n\n\n<figure class=\"wp-block-image size-large is-style-default\"><img loading=\"lazy\" decoding=\"async\" width=\"622\" height=\"441\" data-id=\"144\" src=\"https:\/\/adele-sansone.com\/wordpress\/wp-content\/uploads\/2019\/04\/Erlenzeisig02-1.jpg\" alt=\"\" class=\"wp-image-144\" srcset=\"https:\/\/adele-sansone.com\/wordpress\/wp-content\/uploads\/2019\/04\/Erlenzeisig02-1.jpg 622w, https:\/\/adele-sansone.com\/wordpress\/wp-content\/uploads\/2019\/04\/Erlenzeisig02-1-300x213.jpg 300w\" sizes=\"auto, (max-width: 622px) 100vw, 622px\" \/><figcaption class=\"wp-element-caption\">Erlenzeisig<\/figcaption><\/figure>\n\n\n\n<figure class=\"wp-block-image size-large is-style-default\"><img loading=\"lazy\" decoding=\"async\" width=\"1024\" height=\"575\" data-id=\"3234\" src=\"https:\/\/adele-sansone.com\/wordpress\/wp-content\/uploads\/2021\/11\/Zeisige_01-Erlenzeisige-1024x575.jpg\" alt=\"\" class=\"wp-image-3234\" srcset=\"https:\/\/adele-sansone.com\/wordpress\/wp-content\/uploads\/2021\/11\/Zeisige_01-Erlenzeisige-1024x575.jpg 1024w, https:\/\/adele-sansone.com\/wordpress\/wp-content\/uploads\/2021\/11\/Zeisige_01-Erlenzeisige-300x169.jpg 300w, https:\/\/adele-sansone.com\/wordpress\/wp-content\/uploads\/2021\/11\/Zeisige_01-Erlenzeisige-768x431.jpg 768w, https:\/\/adele-sansone.com\/wordpress\/wp-content\/uploads\/2021\/11\/Zeisige_01-Erlenzeisige-1536x863.jpg 1536w, https:\/\/adele-sansone.com\/wordpress\/wp-content\/uploads\/2021\/11\/Zeisige_01-Erlenzeisige-2048x1150.jpg 2048w, https:\/\/adele-sansone.com\/wordpress\/wp-content\/uploads\/2021\/11\/Zeisige_01-Erlenzeisige-640x360.jpg 640w, https:\/\/adele-sansone.com\/wordpress\/wp-content\/uploads\/2021\/11\/Zeisige_01-Erlenzeisige-534x300.jpg 534w\" sizes=\"auto, (max-width: 1024px) 100vw, 1024px\" \/><figcaption class=\"wp-element-caption\">Erlenzeisig Schwarm<\/figcaption><\/figure>\n<\/figure>\n\n\n\n<p>Die standorttreuen V\u00f6gel darf man nat\u00fcrlich in der Aufz\u00e4hlung nicht vernachl\u00e4ssigen, als da sind <strong>Amsel<\/strong>, <strong>Hausspatzen<\/strong> (wer so wie wir auch im Sommer durchf\u00fcttert kennt ja bereits die ganze Schar) und auch die <strong>Feldspatzen, <\/strong>die im Sommer eher auf den Feldern zu finden sind, kehren an ihre Futterpl\u00e4tze in den G\u00e4rten zur\u00fcck. Gelegentlich <strong>Gr\u00fcnlinge, <\/strong>die besonders gerne die reifen Samen aus den Borretschpflanzen picken. Spechtv\u00f6gel lassen sich hie und da blicken, die Tannenh\u00e4her klappern den Garten ab, sobald die Haseln\u00fcsse reif sind. Ja und Elstern finden sich seit dem letzten Winter auch an den Futterh\u00e4usern ein. Da werden halt auch mal Waln\u00fcsse f\u00fcr die frechen Schn\u00e4bel als Opfergabe hingelegt; man\/frau ist ja nicht so.<\/p>\n\n\n\n<figure class=\"wp-block-gallery has-nested-images columns-default is-cropped wp-block-gallery-6 is-layout-flex wp-block-gallery-is-layout-flex\">\n<figure class=\"wp-block-image size-large is-style-default\"><img loading=\"lazy\" decoding=\"async\" width=\"1024\" height=\"576\" data-id=\"3229\" src=\"https:\/\/adele-sansone.com\/wordpress\/wp-content\/uploads\/2021\/11\/Amseln-13-Paar-1024x576.jpg\" alt=\"\" class=\"wp-image-3229\" srcset=\"https:\/\/adele-sansone.com\/wordpress\/wp-content\/uploads\/2021\/11\/Amseln-13-Paar-1024x576.jpg 1024w, https:\/\/adele-sansone.com\/wordpress\/wp-content\/uploads\/2021\/11\/Amseln-13-Paar-300x169.jpg 300w, https:\/\/adele-sansone.com\/wordpress\/wp-content\/uploads\/2021\/11\/Amseln-13-Paar-768x432.jpg 768w, https:\/\/adele-sansone.com\/wordpress\/wp-content\/uploads\/2021\/11\/Amseln-13-Paar-1536x864.jpg 1536w, https:\/\/adele-sansone.com\/wordpress\/wp-content\/uploads\/2021\/11\/Amseln-13-Paar-640x360.jpg 640w, https:\/\/adele-sansone.com\/wordpress\/wp-content\/uploads\/2021\/11\/Amseln-13-Paar-533x300.jpg 533w, https:\/\/adele-sansone.com\/wordpress\/wp-content\/uploads\/2021\/11\/Amseln-13-Paar.jpg 1920w\" sizes=\"auto, (max-width: 1024px) 100vw, 1024px\" \/><figcaption class=\"wp-element-caption\">Herr und Frau Amsel<\/figcaption><\/figure>\n\n\n\n<figure class=\"wp-block-image size-large is-style-default\"><img loading=\"lazy\" decoding=\"async\" width=\"1024\" height=\"576\" data-id=\"3230\" src=\"https:\/\/adele-sansone.com\/wordpress\/wp-content\/uploads\/2021\/11\/tannenm06-Tannenmeise-Feldspatz-1024x576.jpg\" alt=\"\" class=\"wp-image-3230\" srcset=\"https:\/\/adele-sansone.com\/wordpress\/wp-content\/uploads\/2021\/11\/tannenm06-Tannenmeise-Feldspatz-1024x576.jpg 1024w, https:\/\/adele-sansone.com\/wordpress\/wp-content\/uploads\/2021\/11\/tannenm06-Tannenmeise-Feldspatz-300x169.jpg 300w, https:\/\/adele-sansone.com\/wordpress\/wp-content\/uploads\/2021\/11\/tannenm06-Tannenmeise-Feldspatz-768x432.jpg 768w, https:\/\/adele-sansone.com\/wordpress\/wp-content\/uploads\/2021\/11\/tannenm06-Tannenmeise-Feldspatz-1536x864.jpg 1536w, https:\/\/adele-sansone.com\/wordpress\/wp-content\/uploads\/2021\/11\/tannenm06-Tannenmeise-Feldspatz-640x360.jpg 640w, https:\/\/adele-sansone.com\/wordpress\/wp-content\/uploads\/2021\/11\/tannenm06-Tannenmeise-Feldspatz-533x300.jpg 533w, https:\/\/adele-sansone.com\/wordpress\/wp-content\/uploads\/2021\/11\/tannenm06-Tannenmeise-Feldspatz.jpg 1920w\" sizes=\"auto, (max-width: 1024px) 100vw, 1024px\" \/><figcaption class=\"wp-element-caption\">Feldspatz und Meise<\/figcaption><\/figure>\n\n\n\n<figure class=\"wp-block-image size-large is-style-default\"><img loading=\"lazy\" decoding=\"async\" width=\"1024\" height=\"767\" data-id=\"3231\" src=\"https:\/\/adele-sansone.com\/wordpress\/wp-content\/uploads\/2021\/11\/Carousel_02-2-Spatzen-1024x767.jpg\" alt=\"\" class=\"wp-image-3231\" srcset=\"https:\/\/adele-sansone.com\/wordpress\/wp-content\/uploads\/2021\/11\/Carousel_02-2-Spatzen-1024x767.jpg 1024w, https:\/\/adele-sansone.com\/wordpress\/wp-content\/uploads\/2021\/11\/Carousel_02-2-Spatzen-300x225.jpg 300w, https:\/\/adele-sansone.com\/wordpress\/wp-content\/uploads\/2021\/11\/Carousel_02-2-Spatzen-768x575.jpg 768w, https:\/\/adele-sansone.com\/wordpress\/wp-content\/uploads\/2021\/11\/Carousel_02-2-Spatzen-640x480.jpg 640w, https:\/\/adele-sansone.com\/wordpress\/wp-content\/uploads\/2021\/11\/Carousel_02-2-Spatzen-400x300.jpg 400w, https:\/\/adele-sansone.com\/wordpress\/wp-content\/uploads\/2021\/11\/Carousel_02-2-Spatzen.jpg 1532w\" sizes=\"auto, (max-width: 1024px) 100vw, 1024px\" \/><figcaption class=\"wp-element-caption\">Spatzenvolk<\/figcaption><\/figure>\n<\/figure>\n\n\n\n<p>Einen Vogel, ein Nutznie\u00dfer der F\u00fctterung im Garten, ist allerdings von mir pers\u00f6nlich nicht gerne gesehen, das ist der <strong>Sperber, <\/strong>(<em>Accipiter nisus). <\/em>Wenn<em> <\/em>sich da untertags mal Federn geh\u00e4uft unter dem Futterhaus liegen und sonst Totenstille rundumher herrscht, dann hat er wieder einmal erfolgreich zugeschlagen. <\/p>\n\n\n\n<p>Einzelne Vogelportr\u00e4ts mit mehr Information zum Nachlesen findet ihr in der nachfolgenden Liste:<\/p>\n\n\n\n<ul class=\"wp-block-list\">\n<li>Kinderbuch: <a href=\"https:\/\/pagewizz.com\/entdecke-die-zugvoegel-kindersachbuch-rezension\/\">Zugv\u00f6gel<\/a><\/li>\n\n\n\n<li><a href=\"https:\/\/adele-sansone.com\/wordpress\/2021\/01\/17\/buchfink\/\">Buchfink<\/a><\/li>\n\n\n\n<li><a href=\"https:\/\/adele-sansone.com\/wordpress\/2021\/01\/07\/rotkehlchen\/\">Rotkehlchen<\/a><\/li>\n\n\n\n<li><a href=\"https:\/\/pagewizz.com\/sperling-spatz-ein-weit-verbreiteter-vogel-36176\/\">Spatz, Sperling<\/a><\/li>\n\n\n\n<li><a href=\"https:\/\/pagewizz.com\/ein-bunter-vogel-der-stieglitz-34728\/\">Stieglitz<\/a><\/li>\n\n\n\n<li><a href=\"https:\/\/pagewizz.com\/hast-du-eine-meise-von-kohl-blau-hauben-oder-tannenmeisen\/\">Meisen<\/a><\/li>\n\n\n\n<li><a href=\"https:\/\/pagewizz.com\/zirbe-und-tannenhaher-wenn-ein-baum-einen-vogel-hat-32191\/\">Tannenh\u00e4her<\/a><\/li>\n\n\n\n<li><a href=\"https:\/\/pagewizz.com\/die-vogelwelt-an-der-nordsee-von-austernfischer-bis-36042\/\">Vogelwelt an der Nordsee<\/a><\/li>\n\n\n\n<li><a href=\"https:\/\/pagewizz.com\/was-ist-so-besonders-an-den-spechten-34373\/\">Spechte<\/a><\/li>\n\n\n\n<li><a href=\"https:\/\/pagewizz.com\/der-kuckuck-und-die-kuckucksblumen-35534\/\">Kuckuck<\/a><\/li>\n\n\n\n<li><a href=\"https:\/\/pagewizz.com\/waldrapp-und-burghausen-ein-artenschutzprojekt-der-besonderen-klasse\/\">Waldrapp<\/a><\/li>\n\n\n\n<li><a href=\"https:\/\/adele-sansone.com\/wordpress\/2020\/12\/21\/gefiederte-wintergaeste\/\">Gefiederte Winterg\u00e4ste<\/a><\/li>\n\n\n\n<li>* Standort: Nordtirol, N\u00e4he Innsbruck, Mittelgebirgslage knapp 900m<\/li>\n<\/ul>\n","protected":false},"excerpt":{"rendered":"<p>Im Sp\u00e4therbst fliegen die ersten Winterg\u00e4ste zu uns in unsere G\u00e4rten und Futterh\u00e4uschen ein. Eine kleine \u00dcbersicht dazu findet ihr hier.<\/p>\n","protected":false},"author":2,"featured_media":130,"comment_status":"closed","ping_status":"open","sticky":false,"template":"","format":"standard","meta":{"footnotes":""},"categories":[1],"types\/post":[246,27,210],"post_format":[],"class_list":["post-3226","post","type-post","status-publish","format-standard","has-post-thumbnail","hentry","category-allgemein","tag-gartenvoegel","tag-vogel","tag-wintervoegel"],"_links":{"self":[{"href":"https:\/\/adele-sansone.com\/wordpress\/wp-json\/wp\/v2\/posts\/3226","targetHints":{"allow":["GET"]}}],"collection":[{"href":"https:\/\/adele-sansone.com\/wordpress\/wp-json\/wp\/v2\/posts"}],"about":[{"href":"https:\/\/adele-sansone.com\/wordpress\/wp-json\/wp\/v2\/types\/post"}],"author":[{"embeddable":true,"href":"https:\/\/adele-sansone.com\/wordpress\/wp-json\/wp\/v2\/users\/2"}],"replies":[{"embeddable":true,"href":"https:\/\/adele-sansone.com\/wordpress\/wp-json\/wp\/v2\/comments?post=3226"}],"version-history":[{"count":9,"href":"https:\/\/adele-sansone.com\/wordpress\/wp-json\/wp\/v2\/posts\/3226\/revisions"}],"predecessor-version":[{"id":3737,"href":"https:\/\/adele-sansone.com\/wordpress\/wp-json\/wp\/v2\/posts\/3226\/revisions\/3737"}],"wp:featuredmedia":[{"embeddable":true,"href":"https:\/\/adele-sansone.com\/wordpress\/wp-json\/wp\/v2\/media\/130"}],"wp:attachment":[{"href":"https:\/\/adele-sansone.com\/wordpress\/wp-json\/wp\/v2\/media?parent=3226"}],"wp:term":[{"taxonomy":"category","embeddable":true,"href":"https:\/\/adele-sansone.com\/wordpress\/wp-json\/wp\/v2\/categories?post=3226"},{"taxonomy":"post_tag","embeddable":true,"href":"https:\/\/adele-sansone.com\/wordpress\/wp-json\/wp\/v2\/types\/post?post=3226"},{"taxonomy":"post_format","embeddable":true,"href":"https:\/\/adele-sansone.com\/wordpress\/wp-json\/wp\/v2\/post_format?post=3226"}],"curies":[{"name":"wp","href":"https:\/\/api.w.org\/{rel}","templated":true}]}}