{"id":3585,"date":"2022-07-12T16:53:54","date_gmt":"2022-07-12T14:53:54","guid":{"rendered":"https:\/\/adele-sansone.com\/wordpress\/?p=3585"},"modified":"2025-07-25T09:32:19","modified_gmt":"2025-07-25T07:32:19","slug":"bienenkaefer-und-bienenwolf","status":"publish","type":"post","link":"https:\/\/adele-sansone.com\/wordpress\/2022\/07\/12\/bienenkaefer-und-bienenwolf\/","title":{"rendered":"Bienenk\u00e4fer und Bienenwolf"},"content":{"rendered":"<div class=\"wp-block-image is-style-default\">\n<figure class=\"aligncenter size-large is-resized\"><img loading=\"lazy\" decoding=\"async\" width=\"1024\" height=\"577\" src=\"https:\/\/adele-sansone.com\/wordpress\/wp-content\/uploads\/2022\/07\/DSC07602-Bienenkaefer-Trichodes-apiarius-1024x577.jpg\" alt=\"\" class=\"wp-image-3586\" style=\"width:768px;height:433px\" srcset=\"https:\/\/adele-sansone.com\/wordpress\/wp-content\/uploads\/2022\/07\/DSC07602-Bienenkaefer-Trichodes-apiarius-1024x577.jpg 1024w, https:\/\/adele-sansone.com\/wordpress\/wp-content\/uploads\/2022\/07\/DSC07602-Bienenkaefer-Trichodes-apiarius-300x169.jpg 300w, https:\/\/adele-sansone.com\/wordpress\/wp-content\/uploads\/2022\/07\/DSC07602-Bienenkaefer-Trichodes-apiarius-768x433.jpg 768w, https:\/\/adele-sansone.com\/wordpress\/wp-content\/uploads\/2022\/07\/DSC07602-Bienenkaefer-Trichodes-apiarius-1536x866.jpg 1536w, https:\/\/adele-sansone.com\/wordpress\/wp-content\/uploads\/2022\/07\/DSC07602-Bienenkaefer-Trichodes-apiarius-2048x1154.jpg 2048w, https:\/\/adele-sansone.com\/wordpress\/wp-content\/uploads\/2022\/07\/DSC07602-Bienenkaefer-Trichodes-apiarius-640x361.jpg 640w, https:\/\/adele-sansone.com\/wordpress\/wp-content\/uploads\/2022\/07\/DSC07602-Bienenkaefer-Trichodes-apiarius-532x300.jpg 532w\" sizes=\"auto, (max-width: 1024px) 100vw, 1024px\" \/><\/figure>\n<\/div>\n\n\n<p>Warum diese quergestreiften K\u00e4fer Bienenk\u00e4fer hei\u00dfen und so einiges mehr, erfahrt ihr hier.<\/p>\n\n\n\n<!--more-->\n\n\n\n<p>Es handelt sich um zwei Arten von *Buntk\u00e4fern (Cleridae), der eine hei\u00dft in den Lehrb\u00fcchern &#8222;<strong>Zottiger Bienenk\u00e4fer<\/strong>&#8222;, <em>Trichodes alvearius, <\/em>und der andere <strong>Gemeiner Bienenk\u00e4fer\/Bienenwolf*<\/strong> <em>Trichodes apiarius.<\/em> Beide sind von Mai bis Mitte des Sommers unterwegs, auffallend bevorzugt auf wei\u00dfen Bl\u00fcten (jedenfalls bei mir im Garten &#8211; damit ich sie ja nicht \u00fcbersehen kann, soll das wohl bedeuten) und sind eigentlich leicht zu erkennen. <br>*<strong>Buntk\u00e4fer:<\/strong> <em>Cleridae, sind metallisch oder bunt gef\u00e4rbt (Name!), der K\u00f6rper ist behaart, die F\u00fchler gekeult oder ges\u00e4gt. Bei uns gibt es 20 Arten. K\u00e4fer und auch die Larven leben r\u00e4uberisch, man findet sie auf Bl\u00fcten, am Holz und auch an Aas.<\/em><\/p>\n\n\n\n<p><strong>Zottiger Bienenk\u00e4fer<\/strong>: Eine schwarzblaue Grundf\u00e4rbung, auf den Fl\u00fcgeldecken drei breite leuchtend rote Streifen (bitte mal ist der mittlere Streifen auch weniger rot ausgef\u00e4rbt), ein schmaler roter Saum an der Fl\u00fcgelspitze und behaart, also zottig, ist er auch noch. <\/p>\n\n\n\n<p>Sehr \u00e4hnlich, allerdings mit deutlich weniger Zotteln ist der <strong>Gemeine Bienenk\u00e4fer<\/strong>\/<strong>Bienenwolf<\/strong>*, <em>Trichodes apiarius<\/em>, dem der abschlie\u00dfende rote Streifensaum an den Fl\u00fcgeln fehlt. Also muss man nah heran gehen, denn von Ferne sehen sie einer wie der andere aus. <\/p>\n\n\n\n<p>*<em>Es gibt noch ein weiteres Insekt mit Namen &#8222;Bienenwolf&#8220;, allerdings handelt es sich dabei um eine Grabwespenart, Philanthus triangulum. Er macht Jagd auf Honigbienen,<\/em> <em>l\u00e4hmt diese mit seinem Giftstachel und verschleppt sie in sein Nest .<\/em><br> <br>Mit den Bienen haben sie ein etwas einseitiges  Arrangement getroffen; Bienenk\u00e4fer legen ihre Eier in Nester von Wildbienen, die schl\u00fcpfenden Larven ern\u00e4hren sich in diesen Nestern dann entweder von den eingetragenen Nahrungsvorr\u00e4ten oder vergreifen sich sogar an der Brut. Also nicht die feinste Art in der Kinderstuben-Gestaltung. Wenn der Bienenk\u00e4fer mal von einer Wildbiene beim &#8222;<em>Ei ins Nest legen<\/em>&#8220; ertappt wird, muss er sich sputen, um nicht gestochen zu werden.<br><em>   <\/em><\/p>\n\n\n\n<p><\/p>\n\n\n\n<figure class=\"wp-block-gallery has-nested-images columns-default is-cropped wp-block-gallery-1 is-layout-flex wp-block-gallery-is-layout-flex\">\n<figure class=\"wp-block-image size-large is-style-default\"><img loading=\"lazy\" decoding=\"async\" width=\"1024\" height=\"577\" data-id=\"3598\" src=\"https:\/\/adele-sansone.com\/wordpress\/wp-content\/uploads\/2022\/07\/DSC03536-Hortensien-Ecke-Bienenkaefer-Trichodes-apiarius-1024x577.jpg\" alt=\"\" class=\"wp-image-3598\" srcset=\"https:\/\/adele-sansone.com\/wordpress\/wp-content\/uploads\/2022\/07\/DSC03536-Hortensien-Ecke-Bienenkaefer-Trichodes-apiarius-1024x577.jpg 1024w, https:\/\/adele-sansone.com\/wordpress\/wp-content\/uploads\/2022\/07\/DSC03536-Hortensien-Ecke-Bienenkaefer-Trichodes-apiarius-300x169.jpg 300w, https:\/\/adele-sansone.com\/wordpress\/wp-content\/uploads\/2022\/07\/DSC03536-Hortensien-Ecke-Bienenkaefer-Trichodes-apiarius-768x433.jpg 768w, https:\/\/adele-sansone.com\/wordpress\/wp-content\/uploads\/2022\/07\/DSC03536-Hortensien-Ecke-Bienenkaefer-Trichodes-apiarius-1536x866.jpg 1536w, https:\/\/adele-sansone.com\/wordpress\/wp-content\/uploads\/2022\/07\/DSC03536-Hortensien-Ecke-Bienenkaefer-Trichodes-apiarius-2048x1154.jpg 2048w, https:\/\/adele-sansone.com\/wordpress\/wp-content\/uploads\/2022\/07\/DSC03536-Hortensien-Ecke-Bienenkaefer-Trichodes-apiarius-640x361.jpg 640w, https:\/\/adele-sansone.com\/wordpress\/wp-content\/uploads\/2022\/07\/DSC03536-Hortensien-Ecke-Bienenkaefer-Trichodes-apiarius-532x300.jpg 532w\" sizes=\"auto, (max-width: 1024px) 100vw, 1024px\" \/><\/figure>\n<\/figure>\n\n\n\n<p>Bevorzugt sitzen die Bienenk\u00e4fer auf Doldenbl\u00fctlern, wobei <a href=\"https:\/\/pagewizz.com\/schafgarbe-staude-des-jahres-2021-39210\/\"><strong>Schafgarbe<\/strong><\/a> und <strong><a href=\"https:\/\/adele-sansone.com\/wordpress\/2021\/01\/27\/wilde-moehre-insektenmagnet\/\">Wilde M\u00f6hre<\/a> <\/strong>bei mir im Garten ihre liebsten Tische sind. Aber auch auf der Rispenhortensie treiben sie sich herum. Neben Pollen ern\u00e4hren sie sich von kleinsten Insekten, die ja ebenfalls auf den Doldenbl\u00fctlern reichlich vorhanden sind. <\/p>\n\n\n\n<p>Sie legen, wie schon vorher erw\u00e4hnt, ihre Eier in die Nester vor allem von Solit\u00e4rbienen und Grabwespen. Seltener auch einmal in Honigbienenst\u00f6cke, aber da funktionieren die Bienenwachen meist zu gut f\u00fcr sie. <\/p>\n\n\n\n<figure class=\"wp-block-gallery has-nested-images columns-2 is-cropped wp-block-gallery-2 is-layout-flex wp-block-gallery-is-layout-flex\">\n<figure class=\"wp-block-image size-large is-style-default\"><img loading=\"lazy\" decoding=\"async\" width=\"1024\" height=\"576\" data-id=\"3593\" src=\"https:\/\/adele-sansone.com\/wordpress\/wp-content\/uploads\/2022\/07\/DSC00855-Bienenkaefer-Trichodes-apiarius-Coreiopsis-1024x576.jpg\" alt=\"\" class=\"wp-image-3593\" srcset=\"https:\/\/adele-sansone.com\/wordpress\/wp-content\/uploads\/2022\/07\/DSC00855-Bienenkaefer-Trichodes-apiarius-Coreiopsis-1024x576.jpg 1024w, https:\/\/adele-sansone.com\/wordpress\/wp-content\/uploads\/2022\/07\/DSC00855-Bienenkaefer-Trichodes-apiarius-Coreiopsis-300x169.jpg 300w, https:\/\/adele-sansone.com\/wordpress\/wp-content\/uploads\/2022\/07\/DSC00855-Bienenkaefer-Trichodes-apiarius-Coreiopsis-768x432.jpg 768w, https:\/\/adele-sansone.com\/wordpress\/wp-content\/uploads\/2022\/07\/DSC00855-Bienenkaefer-Trichodes-apiarius-Coreiopsis-1536x864.jpg 1536w, https:\/\/adele-sansone.com\/wordpress\/wp-content\/uploads\/2022\/07\/DSC00855-Bienenkaefer-Trichodes-apiarius-Coreiopsis-2048x1152.jpg 2048w, https:\/\/adele-sansone.com\/wordpress\/wp-content\/uploads\/2022\/07\/DSC00855-Bienenkaefer-Trichodes-apiarius-Coreiopsis-640x360.jpg 640w, https:\/\/adele-sansone.com\/wordpress\/wp-content\/uploads\/2022\/07\/DSC00855-Bienenkaefer-Trichodes-apiarius-Coreiopsis-533x300.jpg 533w\" sizes=\"auto, (max-width: 1024px) 100vw, 1024px\" \/><\/figure>\n\n\n\n<figure class=\"wp-block-image size-large is-style-default\"><img loading=\"lazy\" decoding=\"async\" width=\"1024\" height=\"616\" data-id=\"3592\" src=\"https:\/\/adele-sansone.com\/wordpress\/wp-content\/uploads\/2022\/07\/DSC05692-Bienenkaefer-Trichodes-alvearius-1024x616.jpg\" alt=\"\" class=\"wp-image-3592\" srcset=\"https:\/\/adele-sansone.com\/wordpress\/wp-content\/uploads\/2022\/07\/DSC05692-Bienenkaefer-Trichodes-alvearius-1024x616.jpg 1024w, https:\/\/adele-sansone.com\/wordpress\/wp-content\/uploads\/2022\/07\/DSC05692-Bienenkaefer-Trichodes-alvearius-300x180.jpg 300w, https:\/\/adele-sansone.com\/wordpress\/wp-content\/uploads\/2022\/07\/DSC05692-Bienenkaefer-Trichodes-alvearius-768x462.jpg 768w, https:\/\/adele-sansone.com\/wordpress\/wp-content\/uploads\/2022\/07\/DSC05692-Bienenkaefer-Trichodes-alvearius-1536x923.jpg 1536w, https:\/\/adele-sansone.com\/wordpress\/wp-content\/uploads\/2022\/07\/DSC05692-Bienenkaefer-Trichodes-alvearius-2048x1231.jpg 2048w, https:\/\/adele-sansone.com\/wordpress\/wp-content\/uploads\/2022\/07\/DSC05692-Bienenkaefer-Trichodes-alvearius-640x385.jpg 640w, https:\/\/adele-sansone.com\/wordpress\/wp-content\/uploads\/2022\/07\/DSC05692-Bienenkaefer-Trichodes-alvearius-499x300.jpg 499w\" sizes=\"auto, (max-width: 1024px) 100vw, 1024px\" \/><\/figure>\n\n\n\n<figure class=\"wp-block-image size-large is-style-default\"><img loading=\"lazy\" decoding=\"async\" width=\"1024\" height=\"576\" data-id=\"3594\" src=\"https:\/\/adele-sansone.com\/wordpress\/wp-content\/uploads\/2022\/07\/DSC05721-Bienenkaefer-Trichodes-apiarius-1024x576.jpg\" alt=\"\" class=\"wp-image-3594\" srcset=\"https:\/\/adele-sansone.com\/wordpress\/wp-content\/uploads\/2022\/07\/DSC05721-Bienenkaefer-Trichodes-apiarius-1024x576.jpg 1024w, https:\/\/adele-sansone.com\/wordpress\/wp-content\/uploads\/2022\/07\/DSC05721-Bienenkaefer-Trichodes-apiarius-300x169.jpg 300w, https:\/\/adele-sansone.com\/wordpress\/wp-content\/uploads\/2022\/07\/DSC05721-Bienenkaefer-Trichodes-apiarius-768x432.jpg 768w, https:\/\/adele-sansone.com\/wordpress\/wp-content\/uploads\/2022\/07\/DSC05721-Bienenkaefer-Trichodes-apiarius-1536x864.jpg 1536w, https:\/\/adele-sansone.com\/wordpress\/wp-content\/uploads\/2022\/07\/DSC05721-Bienenkaefer-Trichodes-apiarius-2048x1152.jpg 2048w, https:\/\/adele-sansone.com\/wordpress\/wp-content\/uploads\/2022\/07\/DSC05721-Bienenkaefer-Trichodes-apiarius-640x360.jpg 640w, https:\/\/adele-sansone.com\/wordpress\/wp-content\/uploads\/2022\/07\/DSC05721-Bienenkaefer-Trichodes-apiarius-533x300.jpg 533w\" sizes=\"auto, (max-width: 1024px) 100vw, 1024px\" \/><\/figure>\n<\/figure>\n\n\n\n<p>Also macht eure Augen gut auf und beobachtet das rege Treiben auf den verschiedenen Bl\u00fcten. Das eine oder andere UFO=Unentdeckte Flugobjekt aus der Insektenwelt k\u00f6nnt ihr sicher auch entdecken.<\/p>\n\n\n\n<p>Und was es mit dem Wolf im Namen auf sich hat, das findet ihr hier: <a href=\"https:\/\/pagewizz.com\/alles-fur-den-wolf-warum-auch-blumen-den-wolf-in-ihrem-40367\/\">Alles f\u00fcr den Wolf? Warum auch Blumen den Wolf im Namen tragen.<\/a><\/p>\n\n\n\n<p>Noch mehr \u00fcber interessante K\u00e4fer? Aber bitte gerne:<br><\/p>\n\n\n\n<ul class=\"wp-block-list\">\n<li><a href=\"https:\/\/adele-sansone.com\/wordpress\/2020\/04\/14\/trauer-rosenkaefer-2\/\">Trauer-Rosenk\u00e4fer<\/a><\/li>\n\n\n\n<li><a href=\"https:\/\/adele-sansone.com\/wordpress\/2020\/08\/16\/schmalbock-ahoi\/\">Schmalbock<\/a><\/li>\n\n\n\n<li><a href=\"https:\/\/pagewizz.com\/der-rosenkafer-stellt-sich-vor-37102\/\">Rosenk\u00e4fer<\/a><\/li>\n\n\n\n<li><a href=\"https:\/\/pagewizz.com\/der-gebanderte-pinselkafer-stellt-sich-vor-37052\/\">Pinselk\u00e4fer<\/a><\/li>\n\n\n\n<li><a href=\"https:\/\/pagewizz.com\/kennt-ihr-den-moschusbock-ein-kafer-stellt-sich-vor-37077\/\">Moschusbock<\/a><\/li>\n\n\n\n<li><a href=\"https:\/\/pagewizz.com\/was-gibt-es-uber-den-maikafer-interessantes-33727\/\">Maik\u00e4fer<\/a><\/li>\n<\/ul>\n\n\n\n<figure class=\"wp-block-gallery has-nested-images columns-default is-cropped wp-block-gallery-3 is-layout-flex wp-block-gallery-is-layout-flex\">\n<figure class=\"wp-block-image size-large is-style-default\"><img loading=\"lazy\" decoding=\"async\" width=\"1024\" height=\"577\" data-id=\"3597\" src=\"https:\/\/adele-sansone.com\/wordpress\/wp-content\/uploads\/2022\/07\/DSC03514-Hortensien-Ecke-Bienenkaefer-Trichodes-apiarius-1024x577.jpg\" alt=\"\" class=\"wp-image-3597\" srcset=\"https:\/\/adele-sansone.com\/wordpress\/wp-content\/uploads\/2022\/07\/DSC03514-Hortensien-Ecke-Bienenkaefer-Trichodes-apiarius-1024x577.jpg 1024w, https:\/\/adele-sansone.com\/wordpress\/wp-content\/uploads\/2022\/07\/DSC03514-Hortensien-Ecke-Bienenkaefer-Trichodes-apiarius-300x169.jpg 300w, https:\/\/adele-sansone.com\/wordpress\/wp-content\/uploads\/2022\/07\/DSC03514-Hortensien-Ecke-Bienenkaefer-Trichodes-apiarius-768x433.jpg 768w, https:\/\/adele-sansone.com\/wordpress\/wp-content\/uploads\/2022\/07\/DSC03514-Hortensien-Ecke-Bienenkaefer-Trichodes-apiarius-1536x866.jpg 1536w, https:\/\/adele-sansone.com\/wordpress\/wp-content\/uploads\/2022\/07\/DSC03514-Hortensien-Ecke-Bienenkaefer-Trichodes-apiarius-2048x1154.jpg 2048w, https:\/\/adele-sansone.com\/wordpress\/wp-content\/uploads\/2022\/07\/DSC03514-Hortensien-Ecke-Bienenkaefer-Trichodes-apiarius-640x361.jpg 640w, https:\/\/adele-sansone.com\/wordpress\/wp-content\/uploads\/2022\/07\/DSC03514-Hortensien-Ecke-Bienenkaefer-Trichodes-apiarius-532x300.jpg 532w\" sizes=\"auto, (max-width: 1024px) 100vw, 1024px\" \/><\/figure>\n<\/figure>\n\n\n\n<h2 class=\"wp-block-heading\"><\/h2>\n","protected":false},"excerpt":{"rendered":"<p>Warum diese quergestreiften K\u00e4fer Bienenk\u00e4fer hei\u00dfen und so einiges mehr, erfahrt ihr hier.<\/p>\n","protected":false},"author":2,"featured_media":3586,"comment_status":"closed","ping_status":"open","sticky":false,"template":"","format":"standard","meta":{"footnotes":""},"categories":[1],"types\/post":[51,146],"post_format":[],"class_list":["post-3585","post","type-post","status-publish","format-standard","has-post-thumbnail","hentry","category-allgemein","tag-insektenfreundlicher-garten","tag-kaefer"],"_links":{"self":[{"href":"https:\/\/adele-sansone.com\/wordpress\/wp-json\/wp\/v2\/posts\/3585","targetHints":{"allow":["GET"]}}],"collection":[{"href":"https:\/\/adele-sansone.com\/wordpress\/wp-json\/wp\/v2\/posts"}],"about":[{"href":"https:\/\/adele-sansone.com\/wordpress\/wp-json\/wp\/v2\/types\/post"}],"author":[{"embeddable":true,"href":"https:\/\/adele-sansone.com\/wordpress\/wp-json\/wp\/v2\/users\/2"}],"replies":[{"embeddable":true,"href":"https:\/\/adele-sansone.com\/wordpress\/wp-json\/wp\/v2\/comments?post=3585"}],"version-history":[{"count":9,"href":"https:\/\/adele-sansone.com\/wordpress\/wp-json\/wp\/v2\/posts\/3585\/revisions"}],"predecessor-version":[{"id":4129,"href":"https:\/\/adele-sansone.com\/wordpress\/wp-json\/wp\/v2\/posts\/3585\/revisions\/4129"}],"wp:featuredmedia":[{"embeddable":true,"href":"https:\/\/adele-sansone.com\/wordpress\/wp-json\/wp\/v2\/media\/3586"}],"wp:attachment":[{"href":"https:\/\/adele-sansone.com\/wordpress\/wp-json\/wp\/v2\/media?parent=3585"}],"wp:term":[{"taxonomy":"category","embeddable":true,"href":"https:\/\/adele-sansone.com\/wordpress\/wp-json\/wp\/v2\/categories?post=3585"},{"taxonomy":"post_tag","embeddable":true,"href":"https:\/\/adele-sansone.com\/wordpress\/wp-json\/wp\/v2\/types\/post?post=3585"},{"taxonomy":"post_format","embeddable":true,"href":"https:\/\/adele-sansone.com\/wordpress\/wp-json\/wp\/v2\/post_format?post=3585"}],"curies":[{"name":"wp","href":"https:\/\/api.w.org\/{rel}","templated":true}]}}