{"id":3605,"date":"2022-07-29T16:37:03","date_gmt":"2022-07-29T14:37:03","guid":{"rendered":"https:\/\/adele-sansone.com\/wordpress\/?p=3605"},"modified":"2026-05-01T16:31:53","modified_gmt":"2026-05-01T14:31:53","slug":"landkaertchen-ein-edelfalter","status":"publish","type":"post","link":"https:\/\/adele-sansone.com\/wordpress\/2022\/07\/29\/landkaertchen-ein-edelfalter\/","title":{"rendered":"Landk\u00e4rtchen, ein Edelfalter"},"content":{"rendered":"<div class=\"wp-block-image is-style-default\">\n<figure class=\"aligncenter size-medium is-resized\"><img loading=\"lazy\" decoding=\"async\" src=\"https:\/\/adele-sansone.com\/wordpress\/wp-content\/uploads\/2022\/07\/DSC00428-2-Landkaertchen-300x172.jpg\" alt=\"\" class=\"wp-image-3606\" style=\"width:300px;height:172px\" width=\"300\" height=\"172\" srcset=\"https:\/\/adele-sansone.com\/wordpress\/wp-content\/uploads\/2022\/07\/DSC00428-2-Landkaertchen-300x172.jpg 300w, https:\/\/adele-sansone.com\/wordpress\/wp-content\/uploads\/2022\/07\/DSC00428-2-Landkaertchen-1024x588.jpg 1024w, https:\/\/adele-sansone.com\/wordpress\/wp-content\/uploads\/2022\/07\/DSC00428-2-Landkaertchen-768x441.jpg 768w, https:\/\/adele-sansone.com\/wordpress\/wp-content\/uploads\/2022\/07\/DSC00428-2-Landkaertchen-1536x881.jpg 1536w, https:\/\/adele-sansone.com\/wordpress\/wp-content\/uploads\/2022\/07\/DSC00428-2-Landkaertchen-2048x1175.jpg 2048w, https:\/\/adele-sansone.com\/wordpress\/wp-content\/uploads\/2022\/07\/DSC00428-2-Landkaertchen-640x367.jpg 640w, https:\/\/adele-sansone.com\/wordpress\/wp-content\/uploads\/2022\/07\/DSC00428-2-Landkaertchen-523x300.jpg 523w\" sizes=\"auto, (max-width: 300px) 100vw, 300px\" \/><\/figure>\n<\/div>\n\n\n<p>Zum Insekt des Jahres 2023 gek\u00fcrt!<br>Ein Schmetterling mit zwei verschiedenen Erscheinungsbildern \u00fcbers Jahr, das ist beim Landk\u00e4rtchen (<em>Araschnia levana) <\/em>der Fall. Die Fr\u00fchlingsausgabe ist orangebraun mit schwarzer Zeichnung, die Sommerfalter sind dagegen schwarz mit wei\u00dfen Binden und roten Fleckenreihen. Die Fl\u00fcgelunterseite aber gibt ihnen den Namen &#8222;Landk\u00e4rtchen&#8220; zurecht, sieht sie doch aus wie eine Wegekarte und das bei beiden Formen, also Fr\u00fchlings- und Sommerfalter.<\/p>\n\n\n\n<!--more-->\n\n\n\n<figure class=\"wp-block-gallery has-nested-images columns-default is-cropped wp-block-gallery-1 is-layout-flex wp-block-gallery-is-layout-flex\">\n<figure class=\"wp-block-image size-large is-style-default\"><img loading=\"lazy\" decoding=\"async\" width=\"1024\" height=\"576\" data-id=\"3607\" src=\"https:\/\/adele-sansone.com\/wordpress\/wp-content\/uploads\/2022\/07\/Landkaertchen-Araschnia-levana-03-1024x576.jpg\" alt=\"\" class=\"wp-image-3607\" srcset=\"https:\/\/adele-sansone.com\/wordpress\/wp-content\/uploads\/2022\/07\/Landkaertchen-Araschnia-levana-03-1024x576.jpg 1024w, https:\/\/adele-sansone.com\/wordpress\/wp-content\/uploads\/2022\/07\/Landkaertchen-Araschnia-levana-03-300x169.jpg 300w, https:\/\/adele-sansone.com\/wordpress\/wp-content\/uploads\/2022\/07\/Landkaertchen-Araschnia-levana-03-768x432.jpg 768w, https:\/\/adele-sansone.com\/wordpress\/wp-content\/uploads\/2022\/07\/Landkaertchen-Araschnia-levana-03-1536x864.jpg 1536w, https:\/\/adele-sansone.com\/wordpress\/wp-content\/uploads\/2022\/07\/Landkaertchen-Araschnia-levana-03-2048x1152.jpg 2048w, https:\/\/adele-sansone.com\/wordpress\/wp-content\/uploads\/2022\/07\/Landkaertchen-Araschnia-levana-03-640x360.jpg 640w, https:\/\/adele-sansone.com\/wordpress\/wp-content\/uploads\/2022\/07\/Landkaertchen-Araschnia-levana-03-533x300.jpg 533w\" sizes=\"auto, (max-width: 1024px) 100vw, 1024px\" \/><figcaption class=\"wp-element-caption\">Fr\u00fchlingsform vom Landk\u00e4rtchen<\/figcaption><\/figure>\n<\/figure>\n\n\n\n<p>Das <strong>Landk\u00e4rtchen <\/strong>geh\u00f6rt zur Familie der Edelfalter, wie C-Falter, Fuchs oder Admiral. Die Raupen sind schwarz oder braun gef\u00e4rbt, stachelig und mit einem Dornenpaar am Kopf; sie leben auf Brennnesseln. Also &#8211; den Spruch immer beachten: <em><strong>&#8222;Wer die Brennnessel nicht ehrt, ist den Falter nicht wert.&#8220;<\/strong><\/em><\/p>\n\n\n\n<p>\u00dcbrigens neigen die Landk\u00e4rtchenm\u00fctter zur Hochstapelei; denn sie legen ihre Eier in grazilen T\u00fcrmchen im 6er oder 12er Pack auf die Brennnesseln.<\/p>\n\n\n\n<p>Die hellen Fr\u00fchlingsformen schl\u00fcpfen aus \u00fcberwinterten Puppen, die dunklen Sommerformen aus diesj\u00e4hrigen Puppen. Und die unterschiedliche F\u00e4rbung schreibt man den unterschiedlichen <em>klimatischen<\/em> Bedingungen (Tagesl\u00e4ngen, Temperatur) der beiden Puppenformen zu. Wissenschaftliche Bezeichnung daf\u00fcr: <strong>Saisondimorphismus<\/strong> oder auch <strong>Saisondichroismus<\/strong>. <br>Die Raupen aus den Sommerformen verpuppen sich im Sp\u00e4tsommer und \u00fcberwintern. Und kehren als orangefarbene Landk\u00e4rtchen hoffentlich im Fr\u00fchjahr wieder.<\/p>\n\n\n\n<figure class=\"wp-block-gallery has-nested-images columns-default is-cropped wp-block-gallery-2 is-layout-flex wp-block-gallery-is-layout-flex\">\n<figure class=\"wp-block-image size-large is-style-default\"><img loading=\"lazy\" decoding=\"async\" width=\"1024\" height=\"576\" data-id=\"3610\" src=\"https:\/\/adele-sansone.com\/wordpress\/wp-content\/uploads\/2022\/07\/Landkaertchen-Araschnia-levana-01-1024x576.jpg\" alt=\"\" class=\"wp-image-3610\" srcset=\"https:\/\/adele-sansone.com\/wordpress\/wp-content\/uploads\/2022\/07\/Landkaertchen-Araschnia-levana-01-1024x576.jpg 1024w, https:\/\/adele-sansone.com\/wordpress\/wp-content\/uploads\/2022\/07\/Landkaertchen-Araschnia-levana-01-300x169.jpg 300w, https:\/\/adele-sansone.com\/wordpress\/wp-content\/uploads\/2022\/07\/Landkaertchen-Araschnia-levana-01-768x432.jpg 768w, https:\/\/adele-sansone.com\/wordpress\/wp-content\/uploads\/2022\/07\/Landkaertchen-Araschnia-levana-01-1536x864.jpg 1536w, https:\/\/adele-sansone.com\/wordpress\/wp-content\/uploads\/2022\/07\/Landkaertchen-Araschnia-levana-01-2048x1152.jpg 2048w, https:\/\/adele-sansone.com\/wordpress\/wp-content\/uploads\/2022\/07\/Landkaertchen-Araschnia-levana-01-640x360.jpg 640w, https:\/\/adele-sansone.com\/wordpress\/wp-content\/uploads\/2022\/07\/Landkaertchen-Araschnia-levana-01-533x300.jpg 533w\" sizes=\"auto, (max-width: 1024px) 100vw, 1024px\" \/><figcaption class=\"wp-element-caption\"><strong>Fr\u00fchlingsfalter<\/strong><\/figcaption><\/figure>\n\n\n\n<figure class=\"wp-block-image size-large is-style-default\"><img loading=\"lazy\" decoding=\"async\" width=\"1024\" height=\"576\" data-id=\"3609\" src=\"https:\/\/adele-sansone.com\/wordpress\/wp-content\/uploads\/2022\/07\/DSC00426-Landkaertchen-1024x576.jpg\" alt=\"\" class=\"wp-image-3609\" srcset=\"https:\/\/adele-sansone.com\/wordpress\/wp-content\/uploads\/2022\/07\/DSC00426-Landkaertchen-1024x576.jpg 1024w, https:\/\/adele-sansone.com\/wordpress\/wp-content\/uploads\/2022\/07\/DSC00426-Landkaertchen-300x169.jpg 300w, https:\/\/adele-sansone.com\/wordpress\/wp-content\/uploads\/2022\/07\/DSC00426-Landkaertchen-768x432.jpg 768w, https:\/\/adele-sansone.com\/wordpress\/wp-content\/uploads\/2022\/07\/DSC00426-Landkaertchen-1536x864.jpg 1536w, https:\/\/adele-sansone.com\/wordpress\/wp-content\/uploads\/2022\/07\/DSC00426-Landkaertchen-2048x1152.jpg 2048w, https:\/\/adele-sansone.com\/wordpress\/wp-content\/uploads\/2022\/07\/DSC00426-Landkaertchen-640x360.jpg 640w, https:\/\/adele-sansone.com\/wordpress\/wp-content\/uploads\/2022\/07\/DSC00426-Landkaertchen-533x300.jpg 533w\" sizes=\"auto, (max-width: 1024px) 100vw, 1024px\" \/><figcaption class=\"wp-element-caption\"><strong>Typische Landkarte &#8230; Araschnia levana<\/strong><\/figcaption><\/figure>\n\n\n\n<figure class=\"wp-block-image size-large is-style-default\"><img loading=\"lazy\" decoding=\"async\" width=\"1024\" height=\"576\" data-id=\"3611\" src=\"https:\/\/adele-sansone.com\/wordpress\/wp-content\/uploads\/2022\/07\/DSC00400-Landkaertchen-auf-Hortensie-1024x576.jpg\" alt=\"\" class=\"wp-image-3611\" srcset=\"https:\/\/adele-sansone.com\/wordpress\/wp-content\/uploads\/2022\/07\/DSC00400-Landkaertchen-auf-Hortensie-1024x576.jpg 1024w, https:\/\/adele-sansone.com\/wordpress\/wp-content\/uploads\/2022\/07\/DSC00400-Landkaertchen-auf-Hortensie-300x169.jpg 300w, https:\/\/adele-sansone.com\/wordpress\/wp-content\/uploads\/2022\/07\/DSC00400-Landkaertchen-auf-Hortensie-768x432.jpg 768w, https:\/\/adele-sansone.com\/wordpress\/wp-content\/uploads\/2022\/07\/DSC00400-Landkaertchen-auf-Hortensie-1536x864.jpg 1536w, https:\/\/adele-sansone.com\/wordpress\/wp-content\/uploads\/2022\/07\/DSC00400-Landkaertchen-auf-Hortensie-2048x1152.jpg 2048w, https:\/\/adele-sansone.com\/wordpress\/wp-content\/uploads\/2022\/07\/DSC00400-Landkaertchen-auf-Hortensie-640x360.jpg 640w, https:\/\/adele-sansone.com\/wordpress\/wp-content\/uploads\/2022\/07\/DSC00400-Landkaertchen-auf-Hortensie-533x300.jpg 533w\" sizes=\"auto, (max-width: 1024px) 100vw, 1024px\" \/><\/figure>\n\n\n\n<figure class=\"wp-block-image size-large is-style-default\"><img loading=\"lazy\" decoding=\"async\" width=\"1024\" height=\"588\" data-id=\"3608\" src=\"https:\/\/adele-sansone.com\/wordpress\/wp-content\/uploads\/2022\/07\/DSC00428-2-1024x588.jpg\" alt=\"\" class=\"wp-image-3608\" srcset=\"https:\/\/adele-sansone.com\/wordpress\/wp-content\/uploads\/2022\/07\/DSC00428-2-1024x588.jpg 1024w, https:\/\/adele-sansone.com\/wordpress\/wp-content\/uploads\/2022\/07\/DSC00428-2-300x172.jpg 300w, https:\/\/adele-sansone.com\/wordpress\/wp-content\/uploads\/2022\/07\/DSC00428-2-768x441.jpg 768w, https:\/\/adele-sansone.com\/wordpress\/wp-content\/uploads\/2022\/07\/DSC00428-2-1536x881.jpg 1536w, https:\/\/adele-sansone.com\/wordpress\/wp-content\/uploads\/2022\/07\/DSC00428-2-2048x1175.jpg 2048w, https:\/\/adele-sansone.com\/wordpress\/wp-content\/uploads\/2022\/07\/DSC00428-2-640x367.jpg 640w, https:\/\/adele-sansone.com\/wordpress\/wp-content\/uploads\/2022\/07\/DSC00428-2-523x300.jpg 523w\" sizes=\"auto, (max-width: 1024px) 100vw, 1024px\" \/><figcaption class=\"wp-element-caption\"><strong>Sommerfalter<\/strong><\/figcaption><\/figure>\n<\/figure>\n\n\n\n<p><br><\/p>\n\n\n\n<p>Es fliegen zwei Generationen von April bis Juni und von Juli bis August. Die anfangs gr\u00fcnen Eier verf\u00e4rben sich mit der Zeit von gelb auf dunkel. Nach ungef\u00e4hr 10 Tagen schl\u00fcpfen die Eir\u00e4upchen. Die erste Nahrung f\u00fcr sie stellt, wie bei vielen Schmetterlingsraupen, die Eischale dar, die teilweise nur angeknabbert, oder bis zur H\u00e4lfte aufgefressen wird, bevor sich die Raupen den Futterpflanzen, eben den Brennnesselbl\u00e4ttern zuwenden. Nach viermaliger H\u00e4utung verpuppen sie sich (St\u00fcrzpuppen). <\/p>\n\n\n\n<p>Ihr Lebensraum sind bevorzugt feuchte Hochstaudenfluren mit Brennnesseln, wie sie in lichten W\u00e4ldern, an Waldr\u00e4ndern und \u00dcbergangsmooren anzutreffen sind. Bei uns kommen sie auch im moosreichen eher feuchten baumbestandenen Gartenbereich vor. Brennnesseln haben wir im naturnahen Garten reichlich und auch f\u00fcr die Falter selbst herrscht ein \u00fcppiges Angebot. <\/p>\n\n\n\n<p>Apropos Brennnesseln &#8211; weil die Raupen bevorzugt auf Brennnesseln angewiesen sind, nennt man auch eine Reihe von Faltern &#8222;Nesselfalter&#8220;. Wobei auch die Raupen durch Nesselfalter \u2026 die Raupen sind sowohl durch ihre Brennhaare als auch durch das brennende Sekret, das sie ausscheiden, vor Fressfeinden gut gesch\u00fctzt und f\u00fcr V\u00f6gel quasi ungenie\u00dfbar.<br>Damit es auf den Brennnesselpflanzen nicht zum Stau kommt, einigen sich die Raupen auf &#8222;Fressen an der Oberseite&#8220; oder auf der &#8222;Unterseite&#8220; &#8230; das Landk\u00e4rtchen (auch der C-Falter) bevorzugt die Unterseite. Was geschieht, wenn sie sich in der Mitte treffen? Das m\u00fcsst ihr bitte Schmetterlingsforscher fragen.<\/p>\n\n\n\n<figure class=\"wp-block-gallery has-nested-images columns-default is-cropped wp-block-gallery-3 is-layout-flex wp-block-gallery-is-layout-flex\">\n<figure class=\"wp-block-image size-large is-style-default\"><img loading=\"lazy\" decoding=\"async\" width=\"1024\" height=\"577\" data-id=\"3617\" src=\"https:\/\/adele-sansone.com\/wordpress\/wp-content\/uploads\/2022\/07\/IMG00967-1024x577.jpg\" alt=\"\" class=\"wp-image-3617\" srcset=\"https:\/\/adele-sansone.com\/wordpress\/wp-content\/uploads\/2022\/07\/IMG00967-1024x577.jpg 1024w, https:\/\/adele-sansone.com\/wordpress\/wp-content\/uploads\/2022\/07\/IMG00967-300x169.jpg 300w, https:\/\/adele-sansone.com\/wordpress\/wp-content\/uploads\/2022\/07\/IMG00967-768x432.jpg 768w, https:\/\/adele-sansone.com\/wordpress\/wp-content\/uploads\/2022\/07\/IMG00967-1536x865.jpg 1536w, https:\/\/adele-sansone.com\/wordpress\/wp-content\/uploads\/2022\/07\/IMG00967-2048x1153.jpg 2048w, https:\/\/adele-sansone.com\/wordpress\/wp-content\/uploads\/2022\/07\/IMG00967-640x360.jpg 640w, https:\/\/adele-sansone.com\/wordpress\/wp-content\/uploads\/2022\/07\/IMG00967-533x300.jpg 533w\" sizes=\"auto, (max-width: 1024px) 100vw, 1024px\" \/><\/figure>\n\n\n\n<figure class=\"wp-block-image size-large is-style-default\"><img loading=\"lazy\" decoding=\"async\" width=\"1024\" height=\"576\" data-id=\"3615\" src=\"https:\/\/adele-sansone.com\/wordpress\/wp-content\/uploads\/2022\/07\/IMG00968_2-1024x576.jpg\" alt=\"\" class=\"wp-image-3615\" srcset=\"https:\/\/adele-sansone.com\/wordpress\/wp-content\/uploads\/2022\/07\/IMG00968_2-1024x576.jpg 1024w, https:\/\/adele-sansone.com\/wordpress\/wp-content\/uploads\/2022\/07\/IMG00968_2-300x169.jpg 300w, https:\/\/adele-sansone.com\/wordpress\/wp-content\/uploads\/2022\/07\/IMG00968_2-768x432.jpg 768w, https:\/\/adele-sansone.com\/wordpress\/wp-content\/uploads\/2022\/07\/IMG00968_2-1536x865.jpg 1536w, https:\/\/adele-sansone.com\/wordpress\/wp-content\/uploads\/2022\/07\/IMG00968_2-2048x1153.jpg 2048w, https:\/\/adele-sansone.com\/wordpress\/wp-content\/uploads\/2022\/07\/IMG00968_2-640x360.jpg 640w, https:\/\/adele-sansone.com\/wordpress\/wp-content\/uploads\/2022\/07\/IMG00968_2-533x300.jpg 533w\" sizes=\"auto, (max-width: 1024px) 100vw, 1024px\" \/><\/figure>\n\n\n\n<figure class=\"wp-block-image size-large is-style-default\"><img loading=\"lazy\" decoding=\"async\" width=\"1024\" height=\"713\" data-id=\"3616\" src=\"https:\/\/adele-sansone.com\/wordpress\/wp-content\/uploads\/2022\/07\/IMG00974-Landkaertchen-2-1024x713.jpg\" alt=\"\" class=\"wp-image-3616\" srcset=\"https:\/\/adele-sansone.com\/wordpress\/wp-content\/uploads\/2022\/07\/IMG00974-Landkaertchen-2-1024x713.jpg 1024w, https:\/\/adele-sansone.com\/wordpress\/wp-content\/uploads\/2022\/07\/IMG00974-Landkaertchen-2-300x209.jpg 300w, https:\/\/adele-sansone.com\/wordpress\/wp-content\/uploads\/2022\/07\/IMG00974-Landkaertchen-2-768x534.jpg 768w, https:\/\/adele-sansone.com\/wordpress\/wp-content\/uploads\/2022\/07\/IMG00974-Landkaertchen-2-1536x1069.jpg 1536w, https:\/\/adele-sansone.com\/wordpress\/wp-content\/uploads\/2022\/07\/IMG00974-Landkaertchen-2-2048x1425.jpg 2048w, https:\/\/adele-sansone.com\/wordpress\/wp-content\/uploads\/2022\/07\/IMG00974-Landkaertchen-2-640x445.jpg 640w, https:\/\/adele-sansone.com\/wordpress\/wp-content\/uploads\/2022\/07\/IMG00974-Landkaertchen-2-431x300.jpg 431w\" sizes=\"auto, (max-width: 1024px) 100vw, 1024px\" \/><\/figure>\n<\/figure>\n\n\n\n<p>Weitere kleine Beitr\u00e4ge zu den unterschiedlichsten Schmetterlingen findet ihr hier:<br><\/p>\n\n\n\n<ul class=\"wp-block-list\">\n<li><a href=\"https:\/\/pagewizz.com\/wollschweber-taubenschwanzchen-38636\/\">Wollschweber und Taubenschw\u00e4nzchen<\/a><\/li>\n\n\n\n<li><a href=\"https:\/\/pagewizz.com\/schachbrettfalter-alias-damenbrett-schmetterling-des-jahres-38346\/\">Schachbrettfalter<\/a><\/li>\n\n\n\n<li><a href=\"https:\/\/pagewizz.com\/kaisermantel-schmetterling-des-jahres-39654\/\">Kaisermantel<\/a><\/li>\n\n\n\n<li><a href=\"https:\/\/adele-sansone.com\/wordpress\/2021\/09\/20\/schwalbenschwanzkind\/\">Schwalbenschwanzkind<\/a><\/li>\n\n\n\n<li><a href=\"https:\/\/adele-sansone.com\/wordpress\/2021\/08\/17\/kohlweissling\/\">Kohlwei\u00dfling<\/a><\/li>\n\n\n\n<li><a href=\"https:\/\/adele-sansone.com\/wordpress\/2020\/09\/13\/blauaeugiger-waldportier\/\">Waldportier<\/a><\/li>\n\n\n\n<li><a href=\"https:\/\/adele-sansone.com\/wordpress\/2020\/09\/07\/russischer-baer\/\">Russischer B\u00e4r<\/a><\/li>\n\n\n\n<li><a href=\"https:\/\/adele-sansone.com\/wordpress\/2020\/08\/30\/mittlerer-weinschwaermer\/\">Weinschw\u00e4rmer<\/a><\/li>\n\n\n\n<li><a href=\"https:\/\/adele-sansone.com\/wordpress\/2020\/08\/10\/schillerfalter\/\">Schillerfalter<\/a><\/li>\n\n\n\n<li><a href=\"https:\/\/adele-sansone.com\/wordpress\/2020\/07\/03\/gruener-zipfelfalter\/\">Gr\u00fcner Zipfelfalter<\/a><\/li>\n\n\n\n<li><a href=\"https:\/\/adele-sansone.com\/wordpress\/2019\/09\/26\/wolfsmilch-schwaermer\/\">Wolfsmilch-Schw\u00e4rmer<\/a><\/li>\n\n\n\n<li><a href=\"https:\/\/adele-sansone.com\/wordpress\/2019\/08\/11\/distelfalter\/\">Distelfalter<\/a><\/li>\n\n\n\n<li><strong>Rund um Schmetterlinge von Gartentipps bis zum Buch<\/strong><\/li>\n\n\n\n<li><a href=\"https:\/\/pagewizz.com\/brennnessel-taubnessel-buntnessel-wer-ist-wer-35278\/\">Futterpflanze schlechthin: Brennnessel<\/a><\/li>\n\n\n\n<li><a href=\"https:\/\/pagewizz.com\/so-pflanzen-sie-einen-schmetterlingsgarten-32872\/\">Schmetterlingsgarten<\/a><\/li>\n\n\n\n<li><a href=\"https:\/\/pagewizz.com\/7-geschenksideen-fur-schmetterlingsfreunde-37415\/\">Geschenksideen f\u00fcr Schmetterlingsfreunde<\/a><\/li>\n\n\n\n<li><a href=\"https:\/\/pagewizz.com\/schmetterlinge-so-gelingen-faszinierende-fotos-39042\/\">Wie fotografiert man Schmetterlinge?<\/a><\/li>\n\n\n\n<li><a href=\"https:\/\/pagewizz.com\/schmetterlinge-entdecken-und-verstehen-eine-sachbuch-34350\/\">Schmetterlinge entdecken und verstehen<\/a><\/li>\n\n\n\n<li><a href=\"https:\/\/pagewizz.com\/wie-schmetterlinge-leben-buchbesprechung-38863\/\">Wie Schmetterlinge leben: Buch<\/a><\/li>\n<\/ul>\n","protected":false},"excerpt":{"rendered":"<p>Zum Insekt des Jahres 2023 gek\u00fcrt!Ein Schmetterling mit zwei verschiedenen Erscheinungsbildern \u00fcbers Jahr, das ist beim Landk\u00e4rtchen (Araschnia levana) der Fall. Die Fr\u00fchlingsausgabe ist orangebraun mit schwarzer Zeichnung, die Sommerfalter sind dagegen schwarz mit wei\u00dfen Binden und roten Fleckenreihen. Die Fl\u00fcgelunterseite aber gibt ihnen den Namen &#8222;Landk\u00e4rtchen&#8220; zurecht, sieht sie &hellip;<\/p>\n","protected":false},"author":2,"featured_media":3615,"comment_status":"closed","ping_status":"open","sticky":true,"template":"","format":"standard","meta":{"footnotes":""},"categories":[1],"types\/post":[40,229,44],"post_format":[],"class_list":["post-3605","post","type-post","status-publish","format-standard","has-post-thumbnail","hentry","category-allgemein","tag-natur-des-jahres","tag-naturnaher-garten","tag-schmetterlinge"],"_links":{"self":[{"href":"https:\/\/adele-sansone.com\/wordpress\/wp-json\/wp\/v2\/posts\/3605","targetHints":{"allow":["GET"]}}],"collection":[{"href":"https:\/\/adele-sansone.com\/wordpress\/wp-json\/wp\/v2\/posts"}],"about":[{"href":"https:\/\/adele-sansone.com\/wordpress\/wp-json\/wp\/v2\/types\/post"}],"author":[{"embeddable":true,"href":"https:\/\/adele-sansone.com\/wordpress\/wp-json\/wp\/v2\/users\/2"}],"replies":[{"embeddable":true,"href":"https:\/\/adele-sansone.com\/wordpress\/wp-json\/wp\/v2\/comments?post=3605"}],"version-history":[{"count":10,"href":"https:\/\/adele-sansone.com\/wordpress\/wp-json\/wp\/v2\/posts\/3605\/revisions"}],"predecessor-version":[{"id":4033,"href":"https:\/\/adele-sansone.com\/wordpress\/wp-json\/wp\/v2\/posts\/3605\/revisions\/4033"}],"wp:featuredmedia":[{"embeddable":true,"href":"https:\/\/adele-sansone.com\/wordpress\/wp-json\/wp\/v2\/media\/3615"}],"wp:attachment":[{"href":"https:\/\/adele-sansone.com\/wordpress\/wp-json\/wp\/v2\/media?parent=3605"}],"wp:term":[{"taxonomy":"category","embeddable":true,"href":"https:\/\/adele-sansone.com\/wordpress\/wp-json\/wp\/v2\/categories?post=3605"},{"taxonomy":"post_tag","embeddable":true,"href":"https:\/\/adele-sansone.com\/wordpress\/wp-json\/wp\/v2\/types\/post?post=3605"},{"taxonomy":"post_format","embeddable":true,"href":"https:\/\/adele-sansone.com\/wordpress\/wp-json\/wp\/v2\/post_format?post=3605"}],"curies":[{"name":"wp","href":"https:\/\/api.w.org\/{rel}","templated":true}]}}