{"id":3840,"date":"2023-02-27T17:10:48","date_gmt":"2023-02-27T16:10:48","guid":{"rendered":"https:\/\/adele-sansone.com\/wordpress\/?p=3840"},"modified":"2026-04-01T16:00:28","modified_gmt":"2026-04-01T14:00:28","slug":"maerz-veilchen","status":"publish","type":"post","link":"https:\/\/adele-sansone.com\/wordpress\/2023\/02\/27\/maerz-veilchen\/","title":{"rendered":"M\u00e4rz-Veilchen"},"content":{"rendered":"<div class=\"wp-block-image is-style-default\">\n<figure class=\"aligncenter size-large is-resized\"><img loading=\"lazy\" decoding=\"async\" src=\"https:\/\/adele-sansone.com\/wordpress\/wp-content\/uploads\/2023\/02\/DSC07924-Viola-1024x577.jpg\" alt=\"\" class=\"wp-image-3841\" width=\"768\" height=\"433\" srcset=\"https:\/\/adele-sansone.com\/wordpress\/wp-content\/uploads\/2023\/02\/DSC07924-Viola-1024x577.jpg 1024w, https:\/\/adele-sansone.com\/wordpress\/wp-content\/uploads\/2023\/02\/DSC07924-Viola-300x169.jpg 300w, https:\/\/adele-sansone.com\/wordpress\/wp-content\/uploads\/2023\/02\/DSC07924-Viola-768x433.jpg 768w, https:\/\/adele-sansone.com\/wordpress\/wp-content\/uploads\/2023\/02\/DSC07924-Viola-1536x866.jpg 1536w, https:\/\/adele-sansone.com\/wordpress\/wp-content\/uploads\/2023\/02\/DSC07924-Viola-2048x1154.jpg 2048w, https:\/\/adele-sansone.com\/wordpress\/wp-content\/uploads\/2023\/02\/DSC07924-Viola-640x361.jpg 640w, https:\/\/adele-sansone.com\/wordpress\/wp-content\/uploads\/2023\/02\/DSC07924-Viola-532x300.jpg 532w\" sizes=\"auto, (max-width: 768px) 100vw, 768px\" \/><figcaption class=\"wp-element-caption\">Viola <\/figcaption><\/figure>\n<\/div>\n\n\n<p>Weil an vielen Pl\u00e4tzen bereits im M\u00e4rz seine leuchtenden Bl\u00fcten unter B\u00fcschen oder entlang von Wegr\u00e4ndern, Bachrainen leuchten, hat das &#8222;Wohlriechende Veilchen&#8220;, <em>Viola odorata, <\/em>auch noch den Beinamen <strong>M\u00e4rz-Veilchen.<\/strong> <\/p>\n\n\n\n<!--more-->\n\n\n\n<p>Das bescheidene Wildbl\u00fcmchen aus der Familie der Veilchengew\u00e4chse, Violaceae, bl\u00fchend meist von Ende Februar bis Mai und hat schon Dutzende Dichter inspiriert. Bei den Griechen galt es als Totenblume und wurde den Toten beigelegt, bei den Germanen wurde beim Fund des ersten Veilchens ein Fr\u00fchlings-Freudenfest gefeiert. <\/p>\n\n\n\n<p>Die leuchtend veilchenblauen Bl\u00fcten erscheinen vor den Bl\u00e4ttern, sind aber steril, erst die unscheinbaren *Nachbl\u00fcten bilden die typischen dreiteiligen Fruchtkapseln aus. <\/p>\n\n\n\n<figure class=\"wp-block-image size-large is-resized is-style-default\"><img loading=\"lazy\" decoding=\"async\" src=\"https:\/\/adele-sansone.com\/wordpress\/wp-content\/uploads\/2023\/02\/DSC00180-1024x576.jpg\" alt=\"\" class=\"wp-image-3854\" width=\"512\" height=\"288\" srcset=\"https:\/\/adele-sansone.com\/wordpress\/wp-content\/uploads\/2023\/02\/DSC00180-1024x576.jpg 1024w, https:\/\/adele-sansone.com\/wordpress\/wp-content\/uploads\/2023\/02\/DSC00180-300x169.jpg 300w, https:\/\/adele-sansone.com\/wordpress\/wp-content\/uploads\/2023\/02\/DSC00180-768x432.jpg 768w, https:\/\/adele-sansone.com\/wordpress\/wp-content\/uploads\/2023\/02\/DSC00180-1536x864.jpg 1536w, https:\/\/adele-sansone.com\/wordpress\/wp-content\/uploads\/2023\/02\/DSC00180-640x360.jpg 640w, https:\/\/adele-sansone.com\/wordpress\/wp-content\/uploads\/2023\/02\/DSC00180-533x300.jpg 533w, https:\/\/adele-sansone.com\/wordpress\/wp-content\/uploads\/2023\/02\/DSC00180.jpg 1920w\" sizes=\"auto, (max-width: 512px) 100vw, 512px\" \/><\/figure>\n\n\n\n<p>Veilchen verbreiten sich auch gerne durch Wurzelausl\u00e4ufer mit Tochterrosetten, welche dann im Folgejahr erstmals bl\u00fchen. Mancherorts sind die Bl\u00fcten des Veilchens aber auch wei\u00df.  Veilchen sind Kaltkeimer und die Samen sollten immer leicht bedeckt werden.<\/p>\n\n\n\n<p>*<em>Oft sind die Bl\u00fcten <a href=\"https:\/\/de.wikipedia.org\/wiki\/Dimorphismus\">dimorph<\/a>, die <a href=\"https:\/\/de.wikipedia.org\/wiki\/Kleistogamie\">kleistogamen<\/a> (geschlossenbleibenden) Bl\u00fcten entwickeln sich sp\u00e4ter als die <a href=\"https:\/\/de.wikipedia.org\/wiki\/Chasmogamie\">chasmogamen<\/a> (sich \u00f6ffnenden)<\/em><\/p>\n\n\n\n<figure class=\"wp-block-gallery has-nested-images columns-default is-cropped wp-block-gallery-1 is-layout-flex wp-block-gallery-is-layout-flex\">\n<figure class=\"wp-block-image size-large is-style-default\"><img loading=\"lazy\" decoding=\"async\" width=\"1024\" height=\"576\" data-id=\"3843\" src=\"https:\/\/adele-sansone.com\/wordpress\/wp-content\/uploads\/2023\/02\/Viola-riviniana-1503-1024x576.jpg\" alt=\"\" class=\"wp-image-3843\" srcset=\"https:\/\/adele-sansone.com\/wordpress\/wp-content\/uploads\/2023\/02\/Viola-riviniana-1503-1024x576.jpg 1024w, https:\/\/adele-sansone.com\/wordpress\/wp-content\/uploads\/2023\/02\/Viola-riviniana-1503-300x169.jpg 300w, https:\/\/adele-sansone.com\/wordpress\/wp-content\/uploads\/2023\/02\/Viola-riviniana-1503-768x432.jpg 768w, https:\/\/adele-sansone.com\/wordpress\/wp-content\/uploads\/2023\/02\/Viola-riviniana-1503-1536x864.jpg 1536w, https:\/\/adele-sansone.com\/wordpress\/wp-content\/uploads\/2023\/02\/Viola-riviniana-1503-640x360.jpg 640w, https:\/\/adele-sansone.com\/wordpress\/wp-content\/uploads\/2023\/02\/Viola-riviniana-1503-533x300.jpg 533w, https:\/\/adele-sansone.com\/wordpress\/wp-content\/uploads\/2023\/02\/Viola-riviniana-1503.jpg 1920w\" sizes=\"auto, (max-width: 1024px) 100vw, 1024px\" \/><\/figure>\n\n\n\n<figure class=\"wp-block-image size-large is-style-default\"><img loading=\"lazy\" decoding=\"async\" width=\"1024\" height=\"576\" data-id=\"3845\" src=\"https:\/\/adele-sansone.com\/wordpress\/wp-content\/uploads\/2023\/02\/Viola-reichenbachiana-0002-1024x576.jpg\" alt=\"\" class=\"wp-image-3845\" srcset=\"https:\/\/adele-sansone.com\/wordpress\/wp-content\/uploads\/2023\/02\/Viola-reichenbachiana-0002-1024x576.jpg 1024w, https:\/\/adele-sansone.com\/wordpress\/wp-content\/uploads\/2023\/02\/Viola-reichenbachiana-0002-300x169.jpg 300w, https:\/\/adele-sansone.com\/wordpress\/wp-content\/uploads\/2023\/02\/Viola-reichenbachiana-0002-768x432.jpg 768w, https:\/\/adele-sansone.com\/wordpress\/wp-content\/uploads\/2023\/02\/Viola-reichenbachiana-0002-1536x864.jpg 1536w, https:\/\/adele-sansone.com\/wordpress\/wp-content\/uploads\/2023\/02\/Viola-reichenbachiana-0002-640x360.jpg 640w, https:\/\/adele-sansone.com\/wordpress\/wp-content\/uploads\/2023\/02\/Viola-reichenbachiana-0002-533x300.jpg 533w, https:\/\/adele-sansone.com\/wordpress\/wp-content\/uploads\/2023\/02\/Viola-reichenbachiana-0002.jpg 1600w\" sizes=\"auto, (max-width: 1024px) 100vw, 1024px\" \/><\/figure>\n\n\n\n<figure class=\"wp-block-image size-large is-style-default\"><img loading=\"lazy\" decoding=\"async\" width=\"1024\" height=\"576\" data-id=\"3846\" src=\"https:\/\/adele-sansone.com\/wordpress\/wp-content\/uploads\/2023\/02\/Viola-canina-1501-1024x576.jpg\" alt=\"\" class=\"wp-image-3846\" srcset=\"https:\/\/adele-sansone.com\/wordpress\/wp-content\/uploads\/2023\/02\/Viola-canina-1501-1024x576.jpg 1024w, https:\/\/adele-sansone.com\/wordpress\/wp-content\/uploads\/2023\/02\/Viola-canina-1501-300x169.jpg 300w, https:\/\/adele-sansone.com\/wordpress\/wp-content\/uploads\/2023\/02\/Viola-canina-1501-768x432.jpg 768w, https:\/\/adele-sansone.com\/wordpress\/wp-content\/uploads\/2023\/02\/Viola-canina-1501-1536x864.jpg 1536w, https:\/\/adele-sansone.com\/wordpress\/wp-content\/uploads\/2023\/02\/Viola-canina-1501-640x360.jpg 640w, https:\/\/adele-sansone.com\/wordpress\/wp-content\/uploads\/2023\/02\/Viola-canina-1501-533x300.jpg 533w, https:\/\/adele-sansone.com\/wordpress\/wp-content\/uploads\/2023\/02\/Viola-canina-1501.jpg 1920w\" sizes=\"auto, (max-width: 1024px) 100vw, 1024px\" \/><\/figure>\n\n\n\n<figure class=\"wp-block-image size-large is-style-default\"><img loading=\"lazy\" decoding=\"async\" width=\"1024\" height=\"576\" data-id=\"3847\" src=\"https:\/\/adele-sansone.com\/wordpress\/wp-content\/uploads\/2023\/02\/Viola-riviniana-1502-1024x576.jpg\" alt=\"\" class=\"wp-image-3847\" srcset=\"https:\/\/adele-sansone.com\/wordpress\/wp-content\/uploads\/2023\/02\/Viola-riviniana-1502-1024x576.jpg 1024w, https:\/\/adele-sansone.com\/wordpress\/wp-content\/uploads\/2023\/02\/Viola-riviniana-1502-300x169.jpg 300w, https:\/\/adele-sansone.com\/wordpress\/wp-content\/uploads\/2023\/02\/Viola-riviniana-1502-768x432.jpg 768w, https:\/\/adele-sansone.com\/wordpress\/wp-content\/uploads\/2023\/02\/Viola-riviniana-1502-1536x864.jpg 1536w, https:\/\/adele-sansone.com\/wordpress\/wp-content\/uploads\/2023\/02\/Viola-riviniana-1502-640x360.jpg 640w, https:\/\/adele-sansone.com\/wordpress\/wp-content\/uploads\/2023\/02\/Viola-riviniana-1502-533x300.jpg 533w, https:\/\/adele-sansone.com\/wordpress\/wp-content\/uploads\/2023\/02\/Viola-riviniana-1502.jpg 1920w\" sizes=\"auto, (max-width: 1024px) 100vw, 1024px\" \/><\/figure>\n\n\n\n<figure class=\"wp-block-image size-large is-style-default\"><img loading=\"lazy\" decoding=\"async\" width=\"1024\" height=\"576\" data-id=\"3848\" src=\"https:\/\/adele-sansone.com\/wordpress\/wp-content\/uploads\/2023\/02\/DSC00208-Viola-1024x576.jpg\" alt=\"\" class=\"wp-image-3848\" srcset=\"https:\/\/adele-sansone.com\/wordpress\/wp-content\/uploads\/2023\/02\/DSC00208-Viola-1024x576.jpg 1024w, https:\/\/adele-sansone.com\/wordpress\/wp-content\/uploads\/2023\/02\/DSC00208-Viola-300x169.jpg 300w, https:\/\/adele-sansone.com\/wordpress\/wp-content\/uploads\/2023\/02\/DSC00208-Viola-768x432.jpg 768w, https:\/\/adele-sansone.com\/wordpress\/wp-content\/uploads\/2023\/02\/DSC00208-Viola-1536x864.jpg 1536w, https:\/\/adele-sansone.com\/wordpress\/wp-content\/uploads\/2023\/02\/DSC00208-Viola-2048x1152.jpg 2048w, https:\/\/adele-sansone.com\/wordpress\/wp-content\/uploads\/2023\/02\/DSC00208-Viola-640x360.jpg 640w, https:\/\/adele-sansone.com\/wordpress\/wp-content\/uploads\/2023\/02\/DSC00208-Viola-533x300.jpg 533w\" sizes=\"auto, (max-width: 1024px) 100vw, 1024px\" \/><\/figure>\n<\/figure>\n\n\n\n<p>Unterschiedliche Veilchenarten<\/p>\n\n\n\n<p>Auch als Heilpflanze wird und wurde das Veilchen gesch\u00e4tzt. Tee wird aus Bl\u00e4ttern und Bl\u00fcte gebraut; der Wurzelstock ist auch medizinisch verwertbar, er ruft leichten Brechreiz hervor; also nichts f\u00fcr Laien-Heilkr\u00e4uterhexen.<\/p>\n\n\n\n<p>Die Verwechslungsm\u00f6glichkeit mit anderen Veilchenarten ist gro\u00df &#8230; :<br><\/p>\n\n\n\n<ul class=\"wp-block-list\">\n<li><strong><em>Viola odorata <\/em>(M\u00e4rzveilche<\/strong>n, Wohlriechendes Veilchen) gegen <strong><em>Viola canina <\/em>(Hundsveilche<\/strong>n, geruchslos), <\/li>\n\n\n\n<li><strong><em>Viola hirta <\/em>(Rauhaariges Veilche<\/strong>n, Bl\u00e4tter unterseits behaart), die vom M\u00e4rzveilchen sind dagegen unterseits gl\u00e4nzend, <\/li>\n\n\n\n<li><strong><em>Viola reichenbachiana <\/em>(Waldveilchen<\/strong>, geruchlos, in Laub- und Mischw\u00e4ldern), <\/li>\n\n\n\n<li><strong><em>Viola riviniana, <\/em>(Hain-Veilche<\/strong>n, Bl\u00fcten blasser).<\/li>\n<\/ul>\n\n\n\n<p><\/p>\n\n\n\n<figure class=\"wp-block-image size-large is-style-default\"><img loading=\"lazy\" decoding=\"async\" width=\"1024\" height=\"758\" src=\"https:\/\/adele-sansone.com\/wordpress\/wp-content\/uploads\/2023\/02\/DSC03966-Viola-u-Osmia-aurulenta-1024x758.jpg\" alt=\"\" class=\"wp-image-3849\" srcset=\"https:\/\/adele-sansone.com\/wordpress\/wp-content\/uploads\/2023\/02\/DSC03966-Viola-u-Osmia-aurulenta-1024x758.jpg 1024w, https:\/\/adele-sansone.com\/wordpress\/wp-content\/uploads\/2023\/02\/DSC03966-Viola-u-Osmia-aurulenta-300x222.jpg 300w, https:\/\/adele-sansone.com\/wordpress\/wp-content\/uploads\/2023\/02\/DSC03966-Viola-u-Osmia-aurulenta-768x569.jpg 768w, https:\/\/adele-sansone.com\/wordpress\/wp-content\/uploads\/2023\/02\/DSC03966-Viola-u-Osmia-aurulenta-1536x1137.jpg 1536w, https:\/\/adele-sansone.com\/wordpress\/wp-content\/uploads\/2023\/02\/DSC03966-Viola-u-Osmia-aurulenta-2048x1516.jpg 2048w, https:\/\/adele-sansone.com\/wordpress\/wp-content\/uploads\/2023\/02\/DSC03966-Viola-u-Osmia-aurulenta-640x474.jpg 640w, https:\/\/adele-sansone.com\/wordpress\/wp-content\/uploads\/2023\/02\/DSC03966-Viola-u-Osmia-aurulenta-405x300.jpg 405w\" sizes=\"auto, (max-width: 1024px) 100vw, 1024px\" \/><figcaption class=\"wp-element-caption\">Veilchen mit Osmia als Besucherin<\/figcaption><\/figure>\n\n\n\n<p>F\u00fcr Insekten, wie etwa die ganz fr\u00fchen Wildbienen, etwa <em>Osmia<\/em>,  sind die Veilchenbl\u00fcten eine ganz wichtige Nektar- und Pollenquelle, viele Raupen von Tagfaltern sch\u00e4tzen die Bl\u00e4tter hingegen als Futterpflanze.<\/p>\n\n\n\n<p>Die Bl\u00fcten von <em>Viola odorata <\/em>enthalten ein wohlriechendes \u00e4therisches \u00d6l, das sowohl in der Kosmetikbranche als auch in der Pflanzenmedizin bereits seit Langem verwendet wird. Die Samen des Veilchens sind mit einem n\u00e4hrstoffreichen \u00d6lk\u00f6rper ausgestattet und werden daher <a href=\"https:\/\/pagewizz.com\/wie-tiere-pflanzen-verbreiten-zoochorie-37199\/\">gerne von Ameisen verschleppt<\/a> und solcherart weiter verbreitet. <\/p>\n\n\n\n<p>Wer sich gerne &#8222;naschend&#8220; an Wildblumen bedient, kann problemfrei Bl\u00fcten oder Bl\u00fctenknospen verspeisen. Oder als essbare Dekoration verwenden. <\/p>\n\n\n\n<figure class=\"wp-block-gallery has-nested-images columns-default is-cropped wp-block-gallery-2 is-layout-flex wp-block-gallery-is-layout-flex\">\n<figure class=\"wp-block-image size-large is-style-default\"><img loading=\"lazy\" decoding=\"async\" width=\"1024\" height=\"576\" data-id=\"3850\" src=\"https:\/\/adele-sansone.com\/wordpress\/wp-content\/uploads\/2023\/02\/DSC04999-Viola-bicolor-1024x576.jpg\" alt=\"\" class=\"wp-image-3850\" srcset=\"https:\/\/adele-sansone.com\/wordpress\/wp-content\/uploads\/2023\/02\/DSC04999-Viola-bicolor-1024x576.jpg 1024w, https:\/\/adele-sansone.com\/wordpress\/wp-content\/uploads\/2023\/02\/DSC04999-Viola-bicolor-300x169.jpg 300w, https:\/\/adele-sansone.com\/wordpress\/wp-content\/uploads\/2023\/02\/DSC04999-Viola-bicolor-768x432.jpg 768w, https:\/\/adele-sansone.com\/wordpress\/wp-content\/uploads\/2023\/02\/DSC04999-Viola-bicolor-1536x864.jpg 1536w, https:\/\/adele-sansone.com\/wordpress\/wp-content\/uploads\/2023\/02\/DSC04999-Viola-bicolor-2048x1152.jpg 2048w, https:\/\/adele-sansone.com\/wordpress\/wp-content\/uploads\/2023\/02\/DSC04999-Viola-bicolor-640x360.jpg 640w, https:\/\/adele-sansone.com\/wordpress\/wp-content\/uploads\/2023\/02\/DSC04999-Viola-bicolor-533x300.jpg 533w\" sizes=\"auto, (max-width: 1024px) 100vw, 1024px\" \/><figcaption class=\"wp-element-caption\">Viola bicolor<\/figcaption><\/figure>\n<\/figure>\n\n\n\n<p>Verwandte des &#8222;Blauen Veilchens&#8220; sind u.a. <strong>Wildes Stiefm\u00fctterchen<\/strong>, (<em>Viola tricolo<\/em>r), <strong>Acker-Stiefm\u00fctterchen<\/strong> (<em>Viola arvensis)<\/em> und <strong>Hornveilchen<\/strong> (<em>Viola cornuta)<\/em>, und das alpin vorkommende <strong>Gelbe Veilchen<\/strong>, <em>Viola bicolor.<\/em><\/p>\n\n\n\n<p>Lesetipp: <a href=\"https:\/\/pagewizz.com\/stiefmuetterchen-wildpflanze-gartenblume-balkonzierde-und-heilpflanze\/\">Wie das Stiefm\u00fctterchen zu seinem Namen kam<\/a><\/p>\n\n\n\n<p><a href=\"https:\/\/adele-sansone.com\/wordpress\/2020\/03\/10\/was-blueht-im-maerz\/\">Was bl\u00fcht im M\u00e4rz?<\/a><\/p>\n\n\n\n<p><\/p>\n","protected":false},"excerpt":{"rendered":"<p>Weil an vielen Pl\u00e4tzen bereits im M\u00e4rz seine leuchtenden Bl\u00fcten unter B\u00fcschen oder entlang von Wegr\u00e4ndern, Bachrainen leuchten, hat das &#8222;Wohlriechende Veilchen&#8220;, Viola odorata, auch noch den Beinamen M\u00e4rz-Veilchen.<\/p>\n","protected":false},"author":2,"featured_media":3842,"comment_status":"closed","ping_status":"open","sticky":false,"template":"","format":"standard","meta":{"footnotes":""},"categories":[1],"types\/post":[289,141,299,142,49],"post_format":[],"class_list":["post-3840","post","type-post","status-publish","format-standard","has-post-thumbnail","hentry","category-allgemein","tag-duft","tag-fruehling","tag-heimisch","tag-maerz","tag-naturgarten"],"_links":{"self":[{"href":"https:\/\/adele-sansone.com\/wordpress\/wp-json\/wp\/v2\/posts\/3840","targetHints":{"allow":["GET"]}}],"collection":[{"href":"https:\/\/adele-sansone.com\/wordpress\/wp-json\/wp\/v2\/posts"}],"about":[{"href":"https:\/\/adele-sansone.com\/wordpress\/wp-json\/wp\/v2\/types\/post"}],"author":[{"embeddable":true,"href":"https:\/\/adele-sansone.com\/wordpress\/wp-json\/wp\/v2\/users\/2"}],"replies":[{"embeddable":true,"href":"https:\/\/adele-sansone.com\/wordpress\/wp-json\/wp\/v2\/comments?post=3840"}],"version-history":[{"count":4,"href":"https:\/\/adele-sansone.com\/wordpress\/wp-json\/wp\/v2\/posts\/3840\/revisions"}],"predecessor-version":[{"id":3857,"href":"https:\/\/adele-sansone.com\/wordpress\/wp-json\/wp\/v2\/posts\/3840\/revisions\/3857"}],"wp:featuredmedia":[{"embeddable":true,"href":"https:\/\/adele-sansone.com\/wordpress\/wp-json\/wp\/v2\/media\/3842"}],"wp:attachment":[{"href":"https:\/\/adele-sansone.com\/wordpress\/wp-json\/wp\/v2\/media?parent=3840"}],"wp:term":[{"taxonomy":"category","embeddable":true,"href":"https:\/\/adele-sansone.com\/wordpress\/wp-json\/wp\/v2\/categories?post=3840"},{"taxonomy":"post_tag","embeddable":true,"href":"https:\/\/adele-sansone.com\/wordpress\/wp-json\/wp\/v2\/types\/post?post=3840"},{"taxonomy":"post_format","embeddable":true,"href":"https:\/\/adele-sansone.com\/wordpress\/wp-json\/wp\/v2\/post_format?post=3840"}],"curies":[{"name":"wp","href":"https:\/\/api.w.org\/{rel}","templated":true}]}}