{"id":4095,"date":"2023-12-06T16:36:12","date_gmt":"2023-12-06T15:36:12","guid":{"rendered":"https:\/\/adele-sansone.com\/wordpress\/?p=4095"},"modified":"2024-01-23T11:36:04","modified_gmt":"2024-01-23T10:36:04","slug":"natur-des-jahres-jahreswesen-2024","status":"publish","type":"post","link":"https:\/\/adele-sansone.com\/wordpress\/2023\/12\/06\/natur-des-jahres-jahreswesen-2024\/","title":{"rendered":"Natur des Jahres \u2013 Jahreswesen 2024"},"content":{"rendered":"<div class=\"wp-block-image is-style-default\">\n<figure class=\"aligncenter size-medium\"><img loading=\"lazy\" decoding=\"async\" width=\"300\" height=\"169\" src=\"https:\/\/adele-sansone.com\/wordpress\/wp-content\/uploads\/2023\/12\/Caltha-palustris-01-300x169.jpg\" alt=\"\" class=\"wp-image-4096\" srcset=\"https:\/\/adele-sansone.com\/wordpress\/wp-content\/uploads\/2023\/12\/Caltha-palustris-01-300x169.jpg 300w, https:\/\/adele-sansone.com\/wordpress\/wp-content\/uploads\/2023\/12\/Caltha-palustris-01-768x432.jpg 768w, https:\/\/adele-sansone.com\/wordpress\/wp-content\/uploads\/2023\/12\/Caltha-palustris-01-640x360.jpg 640w, https:\/\/adele-sansone.com\/wordpress\/wp-content\/uploads\/2023\/12\/Caltha-palustris-01-533x300.jpg 533w, https:\/\/adele-sansone.com\/wordpress\/wp-content\/uploads\/2023\/12\/Caltha-palustris-01.jpg 978w\" sizes=\"auto, (max-width: 300px) 100vw, 300px\" \/><\/figure>\n<\/div>\n\n\n<p>So, das Jahr 2023 ist ausgez\u00e4hlt. Dank der vielen Weltkrisen sind wir gar nicht ungl\u00fccklich dar\u00fcber. Und so k\u00fcren wir optimistisch und frohgemut die \u201e<strong>Jahreswesen<\/strong>\u201c f\u00fcr 2024. In diesem Beitrag stelle ich euch, liebe Leserinnen und Leser, kleine Portr\u00e4ts dazu vor oder auch die weiterf\u00fchrenden Links zu den verschiedenen Jahreswesen stehen bereit. Los geht es &#8230;<\/p>\n\n\n\n<!--more-->\n\n\n\n<h1 class=\"wp-block-heading\">Der Kiebitz ist \u201eVogel des Jahres 2024\u201c<\/h1>\n\n\n\n<p>Wie der NABU meldet hat den Wettflug um den Vogel des Jahres der <strong>Kiebitz<\/strong> gewonnen. Er lie\u00df den Steinkauz, das Rebhuhn, die Rauchschwalbe und den Wespenbussard hinter sich. Der Kiebitz tr\u00e4gt seinen Namen aufgrund seines Rufes, der sehr einpr\u00e4gsam ist. H\u00e4ufige Rufe sind \u201ekie-wit\u201c als Kontaktlaut und \u201ech\u00e4-chuit\u201c sowie \u201ewit-wit-wit-wit\u201c.<\/p>\n\n\n\n<p>mehr dazu <a href=\"https:\/\/www.nabu.de\/tiere-und-pflanzen\/voegel\/portraets\/kiebitz\/?utm_source=website&amp;utm_medium=link&amp;utm_content=nabude-vogelportraet&amp;utm_campaign=vdj24\">hier<\/a><\/p>\n\n\n\n<figure class=\"wp-block-image size-full is-style-default\"><img loading=\"lazy\" decoding=\"async\" width=\"978\" height=\"550\" src=\"https:\/\/adele-sansone.com\/wordpress\/wp-content\/uploads\/2023\/11\/Armeria-arenaria-1502.jpg\" alt=\"\" class=\"wp-image-4071\" srcset=\"https:\/\/adele-sansone.com\/wordpress\/wp-content\/uploads\/2023\/11\/Armeria-arenaria-1502.jpg 978w, https:\/\/adele-sansone.com\/wordpress\/wp-content\/uploads\/2023\/11\/Armeria-arenaria-1502-300x169.jpg 300w, https:\/\/adele-sansone.com\/wordpress\/wp-content\/uploads\/2023\/11\/Armeria-arenaria-1502-768x432.jpg 768w, https:\/\/adele-sansone.com\/wordpress\/wp-content\/uploads\/2023\/11\/Armeria-arenaria-1502-640x360.jpg 640w, https:\/\/adele-sansone.com\/wordpress\/wp-content\/uploads\/2023\/11\/Armeria-arenaria-1502-533x300.jpg 533w\" sizes=\"auto, (max-width: 978px) 100vw, 978px\" \/><figcaption class=\"wp-element-caption\">Grasnelke<\/figcaption><\/figure>\n\n\n\n<h1 class=\"wp-block-heading\"><strong>Blume des Jahres 2024: Die Grasnelke, die keine Nelke ist und auch kein Gras<\/strong><\/h1>\n\n\n\n<p>Namen sind sehr oft verwirrend und so verh\u00e4lt es sich auch mit der Grasnelke. Ist sie ein Gras mit besonders h\u00fcbscher Bl\u00fcte? Nein. Ist sie eine gras\u00e4hnliche Nelke? Auch wieder: Nein.<\/p>\n\n\n\n<p><strong><em>Armeria maritima, <\/em><\/strong>geh\u00f6rt zu den <a href=\"https:\/\/adele-sansone.com\/wordpress\/2023\/11\/03\/familie-bleiwurzgewaechse\/\" target=\"_blank\" rel=\"noreferrer noopener\">Bleiwurzgew\u00e4chsen (Plumbaginaceae)<\/a>, welche in unseren Breiten eher selten vorkommen (Ausnahmen eben Grasnelke\/<em>Armeria<\/em> und Strandflieder\/<em>Limonium<\/em>). Und es gibt nat\u00fcrlich nicht &#8222;die&#8220; Grasnelke, sondern in der Gattung <strong>Grasnelke, <em>Armeria <\/em><\/strong>etwa 35 Arten bzw. Unterarten. Von den Salzmarschen und K\u00fcsten, <a href=\"https:\/\/pagewizz.com\/cornwall-welche-blumen-gibt-es-zu-sehen-38047\/\">etwa auf Cornwall<\/a>, bis zu den steilen Bergwiesen in den Alpen sind Vertreter der Grasnelke zu finden. Typisch ist auf jeden Fall: ein dichtes Kissen fast immergr\u00fcner Bl\u00e4tter, daraus gucken, je nach Art, auf kurzen oder l\u00e4ngeren Stielen kugelige K\u00f6pfe kleiner Bl\u00fcten, von wei\u00df \u00fcber zartrosa bis fast purpurfarben, empor. So mancher Gartenfreund hat sie in seinem Garten.<\/p>\n\n\n\n<p style=\"font-size:16px\">Ein ausf\u00fchrliches Portr\u00e4t <strong><a href=\"https:\/\/pagewizz.com\/die-grasnelke-blume-des-jahres-40317\/\">die Grasnelke, Blume des Jahres <\/a> 2024<\/strong> k\u00f6nnt ihr in meinem <a href=\"https:\/\/pagewizz.com\/die-grasnelke-blume-des-jahres-40317\/\">Pagewizz-Artikel<\/a>  nachlesen.<\/p>\n\n\n\n<figure class=\"wp-block-image size-large is-style-default\"><img loading=\"lazy\" decoding=\"async\" width=\"1024\" height=\"683\" src=\"https:\/\/adele-sansone.com\/wordpress\/wp-content\/uploads\/2021\/05\/IMG_2962-1024x683.jpg\" alt=\"\" class=\"wp-image-2988\" srcset=\"https:\/\/adele-sansone.com\/wordpress\/wp-content\/uploads\/2021\/05\/IMG_2962-1024x683.jpg 1024w, https:\/\/adele-sansone.com\/wordpress\/wp-content\/uploads\/2021\/05\/IMG_2962-300x200.jpg 300w, https:\/\/adele-sansone.com\/wordpress\/wp-content\/uploads\/2021\/05\/IMG_2962-768x512.jpg 768w, https:\/\/adele-sansone.com\/wordpress\/wp-content\/uploads\/2021\/05\/IMG_2962-1536x1024.jpg 1536w, https:\/\/adele-sansone.com\/wordpress\/wp-content\/uploads\/2021\/05\/IMG_2962-2048x1365.jpg 2048w, https:\/\/adele-sansone.com\/wordpress\/wp-content\/uploads\/2021\/05\/IMG_2962-640x427.jpg 640w, https:\/\/adele-sansone.com\/wordpress\/wp-content\/uploads\/2021\/05\/IMG_2962-450x300.jpg 450w\" sizes=\"auto, (max-width: 1024px) 100vw, 1024px\" \/><\/figure>\n\n\n\n<p>Wildtier des Jahres, der Igel &#8230; hier einige Pflegekinder<\/p>\n\n\n\n<h1 class=\"wp-block-heading\">Der Igel ist Wildtier des Jahres 2024<\/h1>\n\n\n\n<p>Igel leben als Einzelg\u00e4nger und sind \u00fcberwiegend in der Nacht aktiv. Ihr Speiseplan ist vielf\u00e4ltig und reich. Neue Bedrohung f\u00fcr ihr \u00dcberleben sind die neuen M\u00e4hroboter, die f\u00fcr einen Tierfreund ein absolutes &#8222;NoGo&#8220; sind.  Nachdem er bei uns im Garten seit vielen, vielen Jahren heimisch ist und sich sehr wohlf\u00fchlt, gibt es \u00fcber ihn bereits so Einiges zum Nachlesen:<\/p>\n\n\n\n<ul class=\"wp-block-list\">\n<li><a href=\"https:\/\/pagewizz.com\/der-igel-vom-fruehjahr-bis-zum-winterschlaf\/\">Der Igel, Wildtier des Jahres 2024<\/a><\/li>\n\n\n\n<li><a href=\"https:\/\/pagewizz.com\/wie-sie-einem-igel-ein-gutes-winterhaus-basteln-koennen\/\">Ein Winterhaus f\u00fcr den Igel<\/a><\/li>\n\n\n\n<li><a href=\"https:\/\/pagewizz.com\/einen-igel-als-pflegling-ueber-den-winter-bringen\/\">Wie Sie den Igel als Pflegekind \u00fcber den Winter bringen k\u00f6nnen<\/a><\/li>\n\n\n\n<li><a href=\"https:\/\/pagewizz.com\/der-igel-nachbar-und-wildtier-buchbesprechung-39437\/\">Sachbuch: der Igel<\/a><\/li>\n<\/ul>\n\n\n\n<figure class=\"wp-block-image size-full is-style-default\"><img loading=\"lazy\" decoding=\"async\" width=\"978\" height=\"550\" src=\"https:\/\/adele-sansone.com\/wordpress\/wp-content\/uploads\/2023\/12\/Caltha-palustris-01-1.jpg\" alt=\"\" class=\"wp-image-4097\" srcset=\"https:\/\/adele-sansone.com\/wordpress\/wp-content\/uploads\/2023\/12\/Caltha-palustris-01-1.jpg 978w, https:\/\/adele-sansone.com\/wordpress\/wp-content\/uploads\/2023\/12\/Caltha-palustris-01-1-300x169.jpg 300w, https:\/\/adele-sansone.com\/wordpress\/wp-content\/uploads\/2023\/12\/Caltha-palustris-01-1-768x432.jpg 768w, https:\/\/adele-sansone.com\/wordpress\/wp-content\/uploads\/2023\/12\/Caltha-palustris-01-1-640x360.jpg 640w, https:\/\/adele-sansone.com\/wordpress\/wp-content\/uploads\/2023\/12\/Caltha-palustris-01-1-533x300.jpg 533w\" sizes=\"auto, (max-width: 978px) 100vw, 978px\" \/><\/figure>\n\n\n\n<h1 class=\"wp-block-heading\">2024 \u2013 Die Sumpfdotterblumen-Wiesen<\/h1>\n\n\n\n<p>F\u00fcr das Jahr 2024 wurden die <strong>Sumpfdotterblumen-Wiesen<\/strong> ausgew\u00e4hlt. Sie z\u00e4hlen zu den durch Fl\u00e4chenr\u00fcckgang besonders bedrohten Pflanzengesellschaften Deutschlands. Es sind deshalb dringend Ma\u00dfnahmen zum Schutz und zur Wiederherstellung notwendig. Der Vorstand der Floristisch-soziologische Arbeitsgemeinschaft hat dazu eine ausf\u00fchrliche Publikation in der Zeitschrift <a href=\"http:\/\/Tuexenia.de\">Tuexenia<\/a> erstellt. <\/p>\n\n\n\n<p>Hier ist das  <strong><a href=\"https:\/\/adele-sansone.com\/wordpress\/2024\/01\/23\/sumpfdotterblume\/\">Portr\u00e4t zur Sumpfdotterblume<\/a> .<\/strong><\/p>\n\n\n\n<p>Noch muss ich weiter recherchieren, was es etwa zu diesen Jahreswesen zu melden gibt:<\/p>\n\n\n\n<ul class=\"wp-block-list\">\n<li>Schlange der Superlative \u2013 <strong>die Kreuzotter ist Reptil des Jahres 2024<\/strong> &#8211; einen Beitrag dazu gibt es von einer Kollegin: <strong><a href=\"https:\/\/pagewizz.com\/kreuzotter-einheimische-giftschlage-36674\/\">Kreuzotter &#8211; einheimische Giftschlange<\/a><\/strong><\/li>\n\n\n\n<li><\/li>\n\n\n\n<li>Die Echte Mehlbeere (<strong><em>Sorbus aria<\/em><\/strong>) Baum des Jahres 2024<\/li>\n<\/ul>\n\n\n\n<ul class=\"wp-block-list\">\n<li>Orchidee des Jahres wurde die M\u00fccken-H\u00e4ndelwurz (<em><strong>Gymnadenia conopsea<\/strong><\/em>)<\/li>\n\n\n\n<li>Gem\u00fcse des Jahres 2024 ist die <strong>Rote Bete. <\/strong>Einen sch\u00f6nen Beitrag dazu findet ihr <a href=\"https:\/\/pagewizz.com\/rote-bete-ist-gemuse-des-jahres-2024-40371\/\">in<strong> diesem Link<\/strong><\/a><\/li>\n<\/ul>\n\n\n<div class=\"wp-block-image is-style-default\">\n<figure class=\"alignright size-medium\"><img loading=\"lazy\" decoding=\"async\" width=\"169\" height=\"300\" src=\"https:\/\/adele-sansone.com\/wordpress\/wp-content\/uploads\/2023\/12\/DSC05320-Gymnadenia-conopsea-2-169x300.jpg\" alt=\"\" class=\"wp-image-4099\" srcset=\"https:\/\/adele-sansone.com\/wordpress\/wp-content\/uploads\/2023\/12\/DSC05320-Gymnadenia-conopsea-2-169x300.jpg 169w, https:\/\/adele-sansone.com\/wordpress\/wp-content\/uploads\/2023\/12\/DSC05320-Gymnadenia-conopsea-2-576x1024.jpg 576w, https:\/\/adele-sansone.com\/wordpress\/wp-content\/uploads\/2023\/12\/DSC05320-Gymnadenia-conopsea-2-768x1365.jpg 768w, https:\/\/adele-sansone.com\/wordpress\/wp-content\/uploads\/2023\/12\/DSC05320-Gymnadenia-conopsea-2-864x1536.jpg 864w, https:\/\/adele-sansone.com\/wordpress\/wp-content\/uploads\/2023\/12\/DSC05320-Gymnadenia-conopsea-2-1152x2048.jpg 1152w, https:\/\/adele-sansone.com\/wordpress\/wp-content\/uploads\/2023\/12\/DSC05320-Gymnadenia-conopsea-2-640x1138.jpg 640w, https:\/\/adele-sansone.com\/wordpress\/wp-content\/uploads\/2023\/12\/DSC05320-Gymnadenia-conopsea-2-scaled.jpg 1440w\" sizes=\"auto, (max-width: 169px) 100vw, 169px\" \/><figcaption class=\"wp-element-caption\">Gymnadenia conopsea<\/figcaption><\/figure>\n<\/div>\n\n\n<h1 class=\"wp-block-heading\"><\/h1>\n\n\n\n<ul class=\"wp-block-list\">\n<li><strong>Heilpflanze ist der Schwarze Holunder<\/strong><\/li>\n\n\n\n<li><strong>Staude des Jahres ist der Blutweiderich<\/strong><\/li>\n<\/ul>\n\n\n\n<p><\/p>\n\n\n\n<figure class=\"wp-block-image size-full is-style-default\"><img loading=\"lazy\" decoding=\"async\" width=\"951\" height=\"550\" src=\"https:\/\/adele-sansone.com\/wordpress\/wp-content\/uploads\/2023\/12\/Lythrum-salicaria-02.jpg\" alt=\"\" class=\"wp-image-4100\" srcset=\"https:\/\/adele-sansone.com\/wordpress\/wp-content\/uploads\/2023\/12\/Lythrum-salicaria-02.jpg 951w, https:\/\/adele-sansone.com\/wordpress\/wp-content\/uploads\/2023\/12\/Lythrum-salicaria-02-300x174.jpg 300w, https:\/\/adele-sansone.com\/wordpress\/wp-content\/uploads\/2023\/12\/Lythrum-salicaria-02-768x444.jpg 768w, https:\/\/adele-sansone.com\/wordpress\/wp-content\/uploads\/2023\/12\/Lythrum-salicaria-02-640x370.jpg 640w, https:\/\/adele-sansone.com\/wordpress\/wp-content\/uploads\/2023\/12\/Lythrum-salicaria-02-519x300.jpg 519w\" sizes=\"auto, (max-width: 951px) 100vw, 951px\" \/><\/figure>\n\n\n\n<p><strong>Staude des Jahres ist der Blutweiderich<\/strong><\/p>\n\n\n\n<ul class=\"wp-block-list\">\n<li><strong><a href=\"https:\/\/adele-sansone.com\/wordpress\/2023\/01\/14\/natur-des-jahres-2023-jahreswesen-2023\/\">Natur des Jahres 2023<\/a><\/strong><\/li>\n\n\n\n<li><strong><a href=\"https:\/\/adele-sansone.com\/wordpress\/2022\/01\/08\/jahreswesen-2022-natur-des-jahres\/\">Natur des Jahres 2022<\/a><\/strong><\/li>\n\n\n\n<li><strong><a href=\"https:\/\/adele-sansone.com\/wordpress\/2020\/10\/24\/natur-des-jahres-jahreswesen-2021\/\">Natur des Jahres 2021<\/a><\/strong><\/li>\n\n\n\n<li><strong><a href=\"https:\/\/adele-sansone.com\/wordpress\/2020\/01\/08\/natur-des-jahres-jahreswesen-2020\/\">Natur des Jahres 2020<\/a><\/strong><\/li>\n<\/ul>\n","protected":false},"excerpt":{"rendered":"<p>So, das Jahr 2023 ist ausgez\u00e4hlt. Dank der vielen Weltkrisen sind wir gar nicht ungl\u00fccklich dar\u00fcber. Und so k\u00fcren wir optimistisch und frohgemut die \u201eJahreswesen\u201c f\u00fcr 2024. In diesem Beitrag stelle ich euch, liebe Leserinnen und Leser, kleine Portr\u00e4ts dazu vor oder auch die weiterf\u00fchrenden Links zu den verschiedenen Jahreswesen &hellip;<\/p>\n","protected":false},"author":2,"featured_media":4096,"comment_status":"closed","ping_status":"open","sticky":false,"template":"","format":"standard","meta":{"footnotes":""},"categories":[1],"types\/post":[298,202],"post_format":[],"class_list":["post-4095","post","type-post","status-publish","format-standard","has-post-thumbnail","hentry","category-allgemein","tag-grasnelke","tag-igel"],"_links":{"self":[{"href":"https:\/\/adele-sansone.com\/wordpress\/wp-json\/wp\/v2\/posts\/4095","targetHints":{"allow":["GET"]}}],"collection":[{"href":"https:\/\/adele-sansone.com\/wordpress\/wp-json\/wp\/v2\/posts"}],"about":[{"href":"https:\/\/adele-sansone.com\/wordpress\/wp-json\/wp\/v2\/types\/post"}],"author":[{"embeddable":true,"href":"https:\/\/adele-sansone.com\/wordpress\/wp-json\/wp\/v2\/users\/2"}],"replies":[{"embeddable":true,"href":"https:\/\/adele-sansone.com\/wordpress\/wp-json\/wp\/v2\/comments?post=4095"}],"version-history":[{"count":9,"href":"https:\/\/adele-sansone.com\/wordpress\/wp-json\/wp\/v2\/posts\/4095\/revisions"}],"predecessor-version":[{"id":4149,"href":"https:\/\/adele-sansone.com\/wordpress\/wp-json\/wp\/v2\/posts\/4095\/revisions\/4149"}],"wp:featuredmedia":[{"embeddable":true,"href":"https:\/\/adele-sansone.com\/wordpress\/wp-json\/wp\/v2\/media\/4096"}],"wp:attachment":[{"href":"https:\/\/adele-sansone.com\/wordpress\/wp-json\/wp\/v2\/media?parent=4095"}],"wp:term":[{"taxonomy":"category","embeddable":true,"href":"https:\/\/adele-sansone.com\/wordpress\/wp-json\/wp\/v2\/categories?post=4095"},{"taxonomy":"post_tag","embeddable":true,"href":"https:\/\/adele-sansone.com\/wordpress\/wp-json\/wp\/v2\/types\/post?post=4095"},{"taxonomy":"post_format","embeddable":true,"href":"https:\/\/adele-sansone.com\/wordpress\/wp-json\/wp\/v2\/post_format?post=4095"}],"curies":[{"name":"wp","href":"https:\/\/api.w.org\/{rel}","templated":true}]}}