{"id":4187,"date":"2024-05-03T17:23:36","date_gmt":"2024-05-03T15:23:36","guid":{"rendered":"https:\/\/adele-sansone.com\/wordpress\/?p=4187"},"modified":"2026-05-01T16:31:08","modified_gmt":"2026-05-01T14:31:08","slug":"vergiss-mein-nicht","status":"publish","type":"post","link":"https:\/\/adele-sansone.com\/wordpress\/2024\/05\/03\/vergiss-mein-nicht\/","title":{"rendered":"Vergiss mein nicht"},"content":{"rendered":"<div class=\"wp-block-image is-style-default\">\n<figure class=\"aligncenter size-medium\"><img loading=\"lazy\" decoding=\"async\" width=\"225\" height=\"300\" src=\"https:\/\/adele-sansone.com\/wordpress\/wp-content\/uploads\/2024\/05\/20240504_085814-225x300.jpg\" alt=\"\" class=\"wp-image-4204\" srcset=\"https:\/\/adele-sansone.com\/wordpress\/wp-content\/uploads\/2024\/05\/20240504_085814-225x300.jpg 225w, https:\/\/adele-sansone.com\/wordpress\/wp-content\/uploads\/2024\/05\/20240504_085814-768x1024.jpg 768w, https:\/\/adele-sansone.com\/wordpress\/wp-content\/uploads\/2024\/05\/20240504_085814-1152x1536.jpg 1152w, https:\/\/adele-sansone.com\/wordpress\/wp-content\/uploads\/2024\/05\/20240504_085814-1536x2048.jpg 1536w, https:\/\/adele-sansone.com\/wordpress\/wp-content\/uploads\/2024\/05\/20240504_085814-640x853.jpg 640w, https:\/\/adele-sansone.com\/wordpress\/wp-content\/uploads\/2024\/05\/20240504_085814-scaled.jpg 1920w\" sizes=\"auto, (max-width: 225px) 100vw, 225px\" \/><\/figure>\n<\/div>\n\n\n<p>Wenn es blau blitzt im Fr\u00fchjahr, dann ist die Vergissmeinnicht-Zeit angebrochen.<\/p>\n\n\n\n<!--more-->\n\n\n\n<p>Dieser Name <strong>Vergissmeinnicht <\/strong>ist seit dem 15. Jhdt belegt \u2013 Liebende pflegten sich die Blumen beim Abschied zu schenken, um die Erinnerung wach zu halten. Vergissmeinnicht ist auch tief in der Volkspoesie ganz Europas verankert: so hei\u00dft es auf Englisch: <em>Forget-me-not<\/em>, auf Franz\u00f6sisch <em>Ne m&#8217;oubliez pas<\/em>, auf Spanisch <em>Nomeolvides<\/em>, auf Italienisch <em>Nontiscordardime. <\/em><\/p>\n\n\n\n<p>. Dabei ist sein botanischer Name weniger bezaubernd und romantisch, denn <strong><em>Myosotis<\/em><\/strong> kommt von <em>mys<\/em>=Maus, <em>otis<\/em>=\u00d6hrchen, also eigentlich auf deutsch das <strong>Maus\u00f6hrchen<\/strong>.<\/p>\n\n\n<div class=\"wp-block-image is-style-default\">\n<figure class=\"aligncenter size-large\"><img loading=\"lazy\" decoding=\"async\" width=\"1024\" height=\"577\" src=\"https:\/\/adele-sansone.com\/wordpress\/wp-content\/uploads\/2024\/05\/DSC01840-Vergissmeinnicht-Meer-1024x577.jpg\" alt=\"\" class=\"wp-image-4196\" srcset=\"https:\/\/adele-sansone.com\/wordpress\/wp-content\/uploads\/2024\/05\/DSC01840-Vergissmeinnicht-Meer-1024x577.jpg 1024w, https:\/\/adele-sansone.com\/wordpress\/wp-content\/uploads\/2024\/05\/DSC01840-Vergissmeinnicht-Meer-300x169.jpg 300w, https:\/\/adele-sansone.com\/wordpress\/wp-content\/uploads\/2024\/05\/DSC01840-Vergissmeinnicht-Meer-768x433.jpg 768w, https:\/\/adele-sansone.com\/wordpress\/wp-content\/uploads\/2024\/05\/DSC01840-Vergissmeinnicht-Meer-1536x866.jpg 1536w, https:\/\/adele-sansone.com\/wordpress\/wp-content\/uploads\/2024\/05\/DSC01840-Vergissmeinnicht-Meer-2048x1154.jpg 2048w, https:\/\/adele-sansone.com\/wordpress\/wp-content\/uploads\/2024\/05\/DSC01840-Vergissmeinnicht-Meer-640x361.jpg 640w, https:\/\/adele-sansone.com\/wordpress\/wp-content\/uploads\/2024\/05\/DSC01840-Vergissmeinnicht-Meer-532x300.jpg 532w\" sizes=\"auto, (max-width: 1024px) 100vw, 1024px\" \/><\/figure>\n<\/div>\n\n\n<p>Pflanzen die als Namen einen <strong>Imperativ<\/strong> (Er wird in erster Linie f\u00fcr Aufforderungen und Befehle, oder Ratschl\u00e4ge und Einladungen benutzt) tragen sind nicht selten, so eben auch das \u201e<em><strong>Vergiss mein nicht!<\/strong><\/em>\u201c Sie sprechen quasi eine Bitte aus. Eine m\u00f6gliche Denkweise beim Vergissmeinnicht ist, dass man beim Betrachten der kleinen Bl\u00fcten an die Augen des\/der Liebsten denkt (<em>was aber bitte ist mit braun- oder gr\u00fcn\u00e4ugigen M\u00e4dchen\/Knaben?<\/em>) Eine andere Deutung verweist darauf, wenn ein junger Mann fr\u00fcher seinem M\u00e4dchen einen selbst gepfl\u00fcckten Strau\u00df Vergissmeinnicht schenkte, dann hat er den Wunsch praktisch durch die \u00c4uglein der Blume bei der Geliebten zu verbleiben, sie auch zu bewachen\/\u00fcberwachen, ob sie auch treu bleibt. Das ist ja wiederum weniger berauschend und romantisch. Interessant ist, dass der Name in vielen europ\u00e4ischen Sprachen gleich bleibt.<\/p>\n\n\n\n<p>Das Vergissmeinnicht als Gattung <em>Myosotis <\/em>aus der <a href=\"https:\/\/pagewizz.com\/raublattgewachse-mehr-als-nur-borretsch-und-40417\/\">Familie der Raublattgew\u00e4chse<\/a>, Boraginaceae, hat bei uns viele Spielarten, gemeinsam ist aber allen die meist himmelblaue 5 z\u00e4hlige Bl\u00fcte mit dem gelben Schlund und die mausohr\u00e4hnlichen zugespitzen Bl\u00e4tter.. <\/p>\n\n\n\n<figure class=\"wp-block-gallery has-nested-images columns-default is-cropped wp-block-gallery-1 is-layout-flex wp-block-gallery-is-layout-flex\">\n<figure class=\"wp-block-image size-large is-style-default\"><img loading=\"lazy\" decoding=\"async\" width=\"1024\" height=\"576\" data-id=\"4193\" src=\"https:\/\/adele-sansone.com\/wordpress\/wp-content\/uploads\/2024\/05\/Myosotis-alpestris-4-1024x576.jpg\" alt=\"\" class=\"wp-image-4193\" srcset=\"https:\/\/adele-sansone.com\/wordpress\/wp-content\/uploads\/2024\/05\/Myosotis-alpestris-4-1024x576.jpg 1024w, https:\/\/adele-sansone.com\/wordpress\/wp-content\/uploads\/2024\/05\/Myosotis-alpestris-4-300x169.jpg 300w, https:\/\/adele-sansone.com\/wordpress\/wp-content\/uploads\/2024\/05\/Myosotis-alpestris-4-768x432.jpg 768w, https:\/\/adele-sansone.com\/wordpress\/wp-content\/uploads\/2024\/05\/Myosotis-alpestris-4-1536x864.jpg 1536w, https:\/\/adele-sansone.com\/wordpress\/wp-content\/uploads\/2024\/05\/Myosotis-alpestris-4-640x360.jpg 640w, https:\/\/adele-sansone.com\/wordpress\/wp-content\/uploads\/2024\/05\/Myosotis-alpestris-4-533x300.jpg 533w, https:\/\/adele-sansone.com\/wordpress\/wp-content\/uploads\/2024\/05\/Myosotis-alpestris-4.jpg 1920w\" sizes=\"auto, (max-width: 1024px) 100vw, 1024px\" \/><figcaption class=\"wp-element-caption\">Myosotis alpestris<\/figcaption><\/figure>\n\n\n\n<figure class=\"wp-block-image size-large is-style-default\"><img loading=\"lazy\" decoding=\"async\" width=\"1024\" height=\"768\" data-id=\"4194\" src=\"https:\/\/adele-sansone.com\/wordpress\/wp-content\/uploads\/2024\/05\/Myosotis-palustris_02-1024x768.jpg\" alt=\"\" class=\"wp-image-4194\" srcset=\"https:\/\/adele-sansone.com\/wordpress\/wp-content\/uploads\/2024\/05\/Myosotis-palustris_02-1024x768.jpg 1024w, https:\/\/adele-sansone.com\/wordpress\/wp-content\/uploads\/2024\/05\/Myosotis-palustris_02-300x225.jpg 300w, https:\/\/adele-sansone.com\/wordpress\/wp-content\/uploads\/2024\/05\/Myosotis-palustris_02-768x576.jpg 768w, https:\/\/adele-sansone.com\/wordpress\/wp-content\/uploads\/2024\/05\/Myosotis-palustris_02-1536x1152.jpg 1536w, https:\/\/adele-sansone.com\/wordpress\/wp-content\/uploads\/2024\/05\/Myosotis-palustris_02-640x480.jpg 640w, https:\/\/adele-sansone.com\/wordpress\/wp-content\/uploads\/2024\/05\/Myosotis-palustris_02-400x300.jpg 400w, https:\/\/adele-sansone.com\/wordpress\/wp-content\/uploads\/2024\/05\/Myosotis-palustris_02.jpg 1600w\" sizes=\"auto, (max-width: 1024px) 100vw, 1024px\" \/><figcaption class=\"wp-element-caption\">Myosotis palustris<\/figcaption><\/figure>\n\n\n\n<figure class=\"wp-block-image size-large is-style-default\"><img loading=\"lazy\" decoding=\"async\" width=\"1024\" height=\"576\" data-id=\"4195\" src=\"https:\/\/adele-sansone.com\/wordpress\/wp-content\/uploads\/2024\/05\/DSC00109-Vergissmeinnicht-Lilienhaehnchen-1024x576.jpg\" alt=\"\" class=\"wp-image-4195\" srcset=\"https:\/\/adele-sansone.com\/wordpress\/wp-content\/uploads\/2024\/05\/DSC00109-Vergissmeinnicht-Lilienhaehnchen-1024x576.jpg 1024w, https:\/\/adele-sansone.com\/wordpress\/wp-content\/uploads\/2024\/05\/DSC00109-Vergissmeinnicht-Lilienhaehnchen-300x169.jpg 300w, https:\/\/adele-sansone.com\/wordpress\/wp-content\/uploads\/2024\/05\/DSC00109-Vergissmeinnicht-Lilienhaehnchen-768x432.jpg 768w, https:\/\/adele-sansone.com\/wordpress\/wp-content\/uploads\/2024\/05\/DSC00109-Vergissmeinnicht-Lilienhaehnchen-1536x864.jpg 1536w, https:\/\/adele-sansone.com\/wordpress\/wp-content\/uploads\/2024\/05\/DSC00109-Vergissmeinnicht-Lilienhaehnchen-2048x1152.jpg 2048w, https:\/\/adele-sansone.com\/wordpress\/wp-content\/uploads\/2024\/05\/DSC00109-Vergissmeinnicht-Lilienhaehnchen-640x360.jpg 640w, https:\/\/adele-sansone.com\/wordpress\/wp-content\/uploads\/2024\/05\/DSC00109-Vergissmeinnicht-Lilienhaehnchen-533x300.jpg 533w\" sizes=\"auto, (max-width: 1024px) 100vw, 1024px\" \/><figcaption class=\"wp-element-caption\">Myosotis nemorosa<\/figcaption><\/figure>\n<\/figure>\n\n\n\n<ul class=\"wp-block-list\">\n<li><strong>Acker-Vergissmeinnicht<\/strong>, <em>Myosotis arvensis,<\/em><\/li>\n\n\n\n<li><strong>Wald-Vergissmeinnicht<\/strong>, <em>Myosotis silvatica<\/em>; Ganze Pflanze dicht behaart, St\u00e4ngel unten kantig,  Bl\u00fctenst\u00e4ngel mehr ver\u00e4stelt als beim Sumpfvergissmeinnicht, St\u00e4ngel weich behaart. Bl\u00fctenkrone blau bis wei\u00df.<\/li>\n\n\n\n<li><strong>Sumpf-Vergissmeinnicht<\/strong>, Myosotis scorpoides\/palustris, St\u00e4ngel locker behaart, von Mai bis August bl\u00fchend, wird bis 50 cm hoch, zart duftend, <\/li>\n\n\n\n<li><strong>Alpen-Vergissmeinnicht, <\/strong><em>Myosotis alpestris, <\/em>erreicht meist nur eine H\u00f6he von etwa 20 cm. Krone meist lebhaft blau. Es ist rasig wachsend mit Grundrosette, hell- bis intensivblau, mit gelben Schlundschuppen, kommt auf Silikat- und Kalb\u00f6den vor. Die alpine Form ist etwas niederw\u00fcchsiger und gedrungener als die Arten in Tallagen. Die kurze Kronr\u00f6hre ist auch f\u00fcr Tagfalter und Fliegen gut geeignet.<\/li>\n\n\n\n<li><strong>Hain-Vergissmeinnicht, <\/strong><em>Myosotis nemorosa, <\/em>St\u00e4ngel am Grunde kahl<\/li>\n\n\n\n<li><strong>Bodensee-Vergissmeinnicht, <\/strong><em>Myosotis rehsteineri, <\/em>nur knapp 20 cm hoch, lebt auf immer wieder \u00fcberfluteten Uferbereichen, das Bodensee-Vergissmeinnicht w\u00e4chst dort, wo die Wasserst\u00e4nde schwanken: an Stellen, die im langj\u00e4hrigen Schnitt im Sommer \u00fcberschwemmt sind und an denen das Wasser im Winter niedrig ist \u2013 und auch noch dann, wenn die Pflanze im April und Mai bl\u00fcht.; es ist extrem gef\u00e4hrdet. Rettungsaktionen gibt es von Vorarlberger-Seite siehe <a href=\"https:\/\/vorarlberg.orf.at\/stories\/3251894\/\">Rettungsaktion f\u00fcr das Bodensee-Vergissmeinnicht<\/a><\/li>\n\n\n\n<li><\/li>\n<\/ul>\n\n\n<div class=\"wp-block-image is-style-default\">\n<figure class=\"aligncenter size-large\"><img loading=\"lazy\" decoding=\"async\" width=\"180\" height=\"135\" src=\"https:\/\/adele-sansone.com\/wordpress\/wp-content\/uploads\/2024\/05\/image.jpeg\" alt=\"\" class=\"wp-image-4200\"\/><\/figure>\n<\/div>\n\n\n<p><\/p>\n\n\n\n<p><\/p>\n\n\n\n<p class=\"has-text-align-center\"><strong>Zum Abschluss ein kleines Gedicht aus alten Zeiten<\/strong><br><em>Wei\u00df mir ein Bl\u00fcmlein blaue <\/em><\/p>\n\n\n\n<p class=\"has-text-align-center\"><em>von himmlischem Schein, <\/em><\/p>\n\n\n\n<p class=\"has-text-align-center\"><em>es stat in gr\u00fcner Aue <\/em><\/p>\n\n\n\n<p class=\"has-text-align-center\"><em>und hei\u00dft Vergiss nicht mein.<\/em><\/p>\n\n\n\n<p>Tipp aus meinem eigenen Garten: <em>Bei mir darf sich das Vergissmeinnicht munter verbreiten, unter B\u00fcschen, an Rabattenr\u00e4ndern und ja, auch dort, im Gem\u00fcsegarten. Da blitzt es dann im zeitigen Fr\u00fchjahr \u00fcppigst blitzblau und bis die ersten Gem\u00fcsesorten gepflanzt werden, ist es meist bereits am Verbl\u00fchen. Also wird es ganz pragmatisch aus dem Gem\u00fcseteil entfernt, es samt sich sowieso locker aus und macht den Gem\u00fcsepflanzen Platz. Im Herbst, wenn die ersten Rosetten bereits wieder am Wachsen sind, ist das meiste an Gem\u00fcse bereits geerntet und die blitzblaue Zukunft darf \u00fcber den Sp\u00e4therbst und Winter stehen bleiben, wo es dann im Fr\u00fchjahr wieder fr\u00f6hlich vor sich hin wuchert.<\/em><\/p>\n","protected":false},"excerpt":{"rendered":"<p>Wenn es blau blitzt im Fr\u00fchjahr, dann ist die Vergissmeinnicht-Zeit angebrochen.<\/p>\n","protected":false},"author":2,"featured_media":4188,"comment_status":"closed","ping_status":"open","sticky":true,"template":"","format":"standard","meta":{"footnotes":""},"categories":[1],"types\/post":[49],"post_format":[],"class_list":["post-4187","post","type-post","status-publish","format-standard","has-post-thumbnail","hentry","category-allgemein","tag-naturgarten"],"_links":{"self":[{"href":"https:\/\/adele-sansone.com\/wordpress\/wp-json\/wp\/v2\/posts\/4187","targetHints":{"allow":["GET"]}}],"collection":[{"href":"https:\/\/adele-sansone.com\/wordpress\/wp-json\/wp\/v2\/posts"}],"about":[{"href":"https:\/\/adele-sansone.com\/wordpress\/wp-json\/wp\/v2\/types\/post"}],"author":[{"embeddable":true,"href":"https:\/\/adele-sansone.com\/wordpress\/wp-json\/wp\/v2\/users\/2"}],"replies":[{"embeddable":true,"href":"https:\/\/adele-sansone.com\/wordpress\/wp-json\/wp\/v2\/comments?post=4187"}],"version-history":[{"count":6,"href":"https:\/\/adele-sansone.com\/wordpress\/wp-json\/wp\/v2\/posts\/4187\/revisions"}],"predecessor-version":[{"id":4205,"href":"https:\/\/adele-sansone.com\/wordpress\/wp-json\/wp\/v2\/posts\/4187\/revisions\/4205"}],"wp:featuredmedia":[{"embeddable":true,"href":"https:\/\/adele-sansone.com\/wordpress\/wp-json\/wp\/v2\/media\/4188"}],"wp:attachment":[{"href":"https:\/\/adele-sansone.com\/wordpress\/wp-json\/wp\/v2\/media?parent=4187"}],"wp:term":[{"taxonomy":"category","embeddable":true,"href":"https:\/\/adele-sansone.com\/wordpress\/wp-json\/wp\/v2\/categories?post=4187"},{"taxonomy":"post_tag","embeddable":true,"href":"https:\/\/adele-sansone.com\/wordpress\/wp-json\/wp\/v2\/types\/post?post=4187"},{"taxonomy":"post_format","embeddable":true,"href":"https:\/\/adele-sansone.com\/wordpress\/wp-json\/wp\/v2\/post_format?post=4187"}],"curies":[{"name":"wp","href":"https:\/\/api.w.org\/{rel}","templated":true}]}}