{"id":4215,"date":"2024-06-28T16:35:39","date_gmt":"2024-06-28T14:35:39","guid":{"rendered":"https:\/\/adele-sansone.com\/wordpress\/?p=4215"},"modified":"2025-10-09T14:57:11","modified_gmt":"2025-10-09T12:57:11","slug":"koenigskerzen-vielfalt","status":"publish","type":"post","link":"https:\/\/adele-sansone.com\/wordpress\/2024\/06\/28\/koenigskerzen-vielfalt\/","title":{"rendered":"K\u00f6nigskerzen Vielfalt"},"content":{"rendered":"<div class=\"wp-block-image is-style-default\">\n<figure class=\"aligncenter size-full\"><img loading=\"lazy\" decoding=\"async\" width=\"450\" height=\"800\" src=\"https:\/\/adele-sansone.com\/wordpress\/wp-content\/uploads\/2022\/04\/Verbascum-densiflorum-1502.jpg\" alt=\"\" class=\"wp-image-3531\" srcset=\"https:\/\/adele-sansone.com\/wordpress\/wp-content\/uploads\/2022\/04\/Verbascum-densiflorum-1502.jpg 450w, https:\/\/adele-sansone.com\/wordpress\/wp-content\/uploads\/2022\/04\/Verbascum-densiflorum-1502-169x300.jpg 169w\" sizes=\"auto, (max-width: 450px) 100vw, 450px\" \/><figcaption class=\"wp-element-caption\">Gro\u00dfbl\u00fctige K\u00f6nigskerze<\/figcaption><\/figure>\n<\/div>\n\n\n<p>Eine Pflanze f\u00fcr jeden Naturgarten sind die vielf\u00e4ltigen K\u00f6nigskerzen.<\/p>\n\n\n\n<!--more-->\n\n\n\n<p>Wer kennt sie nicht, die hochaufragende Gestalt, meist an eher unwirtlichen Pl\u00e4tzen, auf Schutthalden, an schottrigen Stra\u00dfenr\u00e4ndern und &#8211; vermehrt &#8211; nun auch neu entdeckt in naturnahen G\u00e4rten. Meist um die Sonnenwende beginnt sie zu bl\u00fchen. Mehr \u00fcber die <a href=\"https:\/\/pagewizz.com\/die-konigskerze-und-ihre-familie-die-braunwurzgewachse-40436\/\">K\u00f6nigskerze und ihre Familie, die Braunwurzgew\u00e4chse, Scrophulariceae<\/a>, k\u00f6nnt ihr in einem gesonderten Artikel nachlesen.<\/p>\n\n\n\n<p>Ein paar Merkmale hier kurz zusammengefasst: im ersten Jahr erscheint die Rosette mit den meist pelzigen Bl\u00e4ttern, im zweiten Jahr die \u00dcberraschung, welche der vielen K\u00f6nigskerzen ist bei mir im Garten wohl aufgegangen? Daf\u00fcr biete ich euch Beispiele mit einigen Bildern dazu an.<\/p>\n\n\n\n<p>Die am St\u00e4ngel herablaufenden Bl\u00e4tter leiten das Regenwasser ab und durch die starke Behaarung sind sie vor Sonneneinstrahlung gut gesch\u00fctzt.<\/p>\n\n\n\n<figure class=\"wp-block-gallery has-nested-images columns-default is-cropped wp-block-gallery-1 is-layout-flex wp-block-gallery-is-layout-flex\">\n<figure class=\"wp-block-image size-large is-style-default\"><img loading=\"lazy\" decoding=\"async\" width=\"450\" height=\"800\" data-id=\"3531\" src=\"https:\/\/adele-sansone.com\/wordpress\/wp-content\/uploads\/2022\/04\/Verbascum-densiflorum-1502.jpg\" alt=\"\" class=\"wp-image-3531\" srcset=\"https:\/\/adele-sansone.com\/wordpress\/wp-content\/uploads\/2022\/04\/Verbascum-densiflorum-1502.jpg 450w, https:\/\/adele-sansone.com\/wordpress\/wp-content\/uploads\/2022\/04\/Verbascum-densiflorum-1502-169x300.jpg 169w\" sizes=\"auto, (max-width: 450px) 100vw, 450px\" \/><figcaption class=\"wp-element-caption\">Verbascum densiflorum<\/figcaption><\/figure>\n\n\n\n<figure class=\"wp-block-image size-large is-style-default\"><img loading=\"lazy\" decoding=\"async\" width=\"450\" height=\"800\" data-id=\"4217\" src=\"https:\/\/adele-sansone.com\/wordpress\/wp-content\/uploads\/2024\/06\/Verbascum-densiflorum-1503-2.jpg\" alt=\"\" class=\"wp-image-4217\" srcset=\"https:\/\/adele-sansone.com\/wordpress\/wp-content\/uploads\/2024\/06\/Verbascum-densiflorum-1503-2.jpg 450w, https:\/\/adele-sansone.com\/wordpress\/wp-content\/uploads\/2024\/06\/Verbascum-densiflorum-1503-2-169x300.jpg 169w\" sizes=\"auto, (max-width: 450px) 100vw, 450px\" \/><figcaption class=\"wp-element-caption\">Gro\u00dfbl\u00fctige K\u00f6nigskerze<\/figcaption><\/figure>\n\n\n\n<figure class=\"wp-block-image size-large is-style-default\"><img loading=\"lazy\" decoding=\"async\" width=\"1024\" height=\"576\" data-id=\"4216\" src=\"https:\/\/adele-sansone.com\/wordpress\/wp-content\/uploads\/2024\/06\/wachau-43-1024x576.jpg\" alt=\"\" class=\"wp-image-4216\" srcset=\"https:\/\/adele-sansone.com\/wordpress\/wp-content\/uploads\/2024\/06\/wachau-43-1024x576.jpg 1024w, https:\/\/adele-sansone.com\/wordpress\/wp-content\/uploads\/2024\/06\/wachau-43-300x169.jpg 300w, https:\/\/adele-sansone.com\/wordpress\/wp-content\/uploads\/2024\/06\/wachau-43-768x432.jpg 768w, https:\/\/adele-sansone.com\/wordpress\/wp-content\/uploads\/2024\/06\/wachau-43-1536x864.jpg 1536w, https:\/\/adele-sansone.com\/wordpress\/wp-content\/uploads\/2024\/06\/wachau-43-640x360.jpg 640w, https:\/\/adele-sansone.com\/wordpress\/wp-content\/uploads\/2024\/06\/wachau-43-533x300.jpg 533w, https:\/\/adele-sansone.com\/wordpress\/wp-content\/uploads\/2024\/06\/wachau-43.jpg 1920w\" sizes=\"auto, (max-width: 1024px) 100vw, 1024px\" \/><figcaption class=\"wp-element-caption\">Verbascum thapsus<\/figcaption><\/figure>\n<\/figure>\n\n\n\n<p>Diese drei Bilder zeigen die wohl imposanteste unserer heimischen K\u00f6nigskerzen, n\u00e4mlich die Gro\u00dfbl\u00fctige K\u00f6nigskerze, <em>Verbascum densiflorum. <\/em>Beim Blick in die Einzelbl\u00fcte sieht man deutlich die &#8222;Flaschenb\u00fcrstchen\/Pfeifenputzer&#8220; n\u00e4mlich die stark behaarten Staubf\u00e4den, bei den 5-bl\u00e4ttrigen K\u00f6nigskerzen sind meist zwei eher glatt und verl\u00e4ngert, drei Staubf\u00e4den stark behaart und etwas k\u00fcrzer. Meistens auch noch deutlich gef\u00e4rbt, je nach Art.<\/p>\n\n\n\n<figure class=\"wp-block-gallery has-nested-images columns-default is-cropped wp-block-gallery-2 is-layout-flex wp-block-gallery-is-layout-flex\">\n<figure class=\"wp-block-image size-large is-style-default\"><img loading=\"lazy\" decoding=\"async\" width=\"576\" height=\"1024\" data-id=\"4220\" src=\"https:\/\/adele-sansone.com\/wordpress\/wp-content\/uploads\/2024\/06\/DSC00058-Hydrangea-paniculata-u-Verbascum-576x1024.jpg\" alt=\"\" class=\"wp-image-4220\" srcset=\"https:\/\/adele-sansone.com\/wordpress\/wp-content\/uploads\/2024\/06\/DSC00058-Hydrangea-paniculata-u-Verbascum-576x1024.jpg 576w, https:\/\/adele-sansone.com\/wordpress\/wp-content\/uploads\/2024\/06\/DSC00058-Hydrangea-paniculata-u-Verbascum-169x300.jpg 169w, https:\/\/adele-sansone.com\/wordpress\/wp-content\/uploads\/2024\/06\/DSC00058-Hydrangea-paniculata-u-Verbascum-768x1365.jpg 768w, https:\/\/adele-sansone.com\/wordpress\/wp-content\/uploads\/2024\/06\/DSC00058-Hydrangea-paniculata-u-Verbascum-864x1536.jpg 864w, https:\/\/adele-sansone.com\/wordpress\/wp-content\/uploads\/2024\/06\/DSC00058-Hydrangea-paniculata-u-Verbascum-1152x2048.jpg 1152w, https:\/\/adele-sansone.com\/wordpress\/wp-content\/uploads\/2024\/06\/DSC00058-Hydrangea-paniculata-u-Verbascum-640x1138.jpg 640w, https:\/\/adele-sansone.com\/wordpress\/wp-content\/uploads\/2024\/06\/DSC00058-Hydrangea-paniculata-u-Verbascum-scaled.jpg 1440w\" sizes=\"auto, (max-width: 576px) 100vw, 576px\" \/><figcaption class=\"wp-element-caption\">Kleinbl\u00fctige K\u00f6nigskerze<\/figcaption><\/figure>\n\n\n\n<figure class=\"wp-block-image size-large is-style-default\"><img loading=\"lazy\" decoding=\"async\" width=\"768\" height=\"1024\" data-id=\"4222\" src=\"https:\/\/adele-sansone.com\/wordpress\/wp-content\/uploads\/2024\/06\/20240628_153658-768x1024.jpg\" alt=\"\" class=\"wp-image-4222\" srcset=\"https:\/\/adele-sansone.com\/wordpress\/wp-content\/uploads\/2024\/06\/20240628_153658-768x1024.jpg 768w, https:\/\/adele-sansone.com\/wordpress\/wp-content\/uploads\/2024\/06\/20240628_153658-225x300.jpg 225w, https:\/\/adele-sansone.com\/wordpress\/wp-content\/uploads\/2024\/06\/20240628_153658-1152x1536.jpg 1152w, https:\/\/adele-sansone.com\/wordpress\/wp-content\/uploads\/2024\/06\/20240628_153658-1536x2048.jpg 1536w, https:\/\/adele-sansone.com\/wordpress\/wp-content\/uploads\/2024\/06\/20240628_153658-640x853.jpg 640w, https:\/\/adele-sansone.com\/wordpress\/wp-content\/uploads\/2024\/06\/20240628_153658-scaled.jpg 1920w\" sizes=\"auto, (max-width: 768px) 100vw, 768px\" \/><figcaption class=\"wp-element-caption\">Verbascum thapsus<\/figcaption><\/figure>\n<\/figure>\n\n\n\n<p>Zu stattlicher H\u00f6he in meinem Garten entwickelte sich vor zwei Jahren <em>Verbascum thapsus<\/em>, die <strong>Kleinbl\u00fctige K\u00f6nigskerze<\/strong>, wie alle K\u00f6nigskerzen zweij\u00e4hrig, 3 der 5 Staubf\u00e4den sind wei\u00dfwollig, die Pflanze ist filzig behaart, St\u00e4ngel mehrfach verzweigt. Was man gut sieht, sind die herablaufenden Bl\u00e4tter, die dazu dienen, das Wasser zu den Wurzeln zu leiten. Sie liebt eher Schuttpl\u00e4tze, \u00d6dfl\u00e4chen, aber ich habe sie als Rosette einfach an den Zaun hinter meine Rispen-Hortensie gesetzt und da musste sie sich halt anstrengen, um sie zu \u00fcberragen. Diese K\u00f6nigskerze ist der Lieferant f\u00fcr unz\u00e4hlige Husten- und Brusttees.<\/p>\n\n\n\n<figure class=\"wp-block-gallery has-nested-images columns-default is-cropped wp-block-gallery-3 is-layout-flex wp-block-gallery-is-layout-flex\">\n<figure class=\"wp-block-image size-large is-style-default\"><img loading=\"lazy\" decoding=\"async\" width=\"450\" height=\"800\" data-id=\"4224\" src=\"https:\/\/adele-sansone.com\/wordpress\/wp-content\/uploads\/2024\/06\/Verbascum-phlomoidess-1501-2.jpg\" alt=\"\" class=\"wp-image-4224\" srcset=\"https:\/\/adele-sansone.com\/wordpress\/wp-content\/uploads\/2024\/06\/Verbascum-phlomoidess-1501-2.jpg 450w, https:\/\/adele-sansone.com\/wordpress\/wp-content\/uploads\/2024\/06\/Verbascum-phlomoidess-1501-2-169x300.jpg 169w\" sizes=\"auto, (max-width: 450px) 100vw, 450px\" \/><figcaption class=\"wp-element-caption\">Mehlige K\u00f6nigskerze<\/figcaption><\/figure>\n\n\n\n<figure class=\"wp-block-image size-large is-style-default\"><img loading=\"lazy\" decoding=\"async\" width=\"576\" height=\"1024\" data-id=\"4225\" src=\"https:\/\/adele-sansone.com\/wordpress\/wp-content\/uploads\/2024\/06\/Verbascum-xy-1504-1-576x1024.jpg\" alt=\"\" class=\"wp-image-4225\" srcset=\"https:\/\/adele-sansone.com\/wordpress\/wp-content\/uploads\/2024\/06\/Verbascum-xy-1504-1-576x1024.jpg 576w, https:\/\/adele-sansone.com\/wordpress\/wp-content\/uploads\/2024\/06\/Verbascum-xy-1504-1-169x300.jpg 169w, https:\/\/adele-sansone.com\/wordpress\/wp-content\/uploads\/2024\/06\/Verbascum-xy-1504-1-768x1365.jpg 768w, https:\/\/adele-sansone.com\/wordpress\/wp-content\/uploads\/2024\/06\/Verbascum-xy-1504-1-864x1536.jpg 864w, https:\/\/adele-sansone.com\/wordpress\/wp-content\/uploads\/2024\/06\/Verbascum-xy-1504-1-640x1138.jpg 640w, https:\/\/adele-sansone.com\/wordpress\/wp-content\/uploads\/2024\/06\/Verbascum-xy-1504-1.jpg 1080w\" sizes=\"auto, (max-width: 576px) 100vw, 576px\" \/><figcaption class=\"wp-element-caption\">Verbascum lychnitis<\/figcaption><\/figure>\n<\/figure>\n\n\n\n<p><strong>Mehlige K\u00f6nigskerze<\/strong>, <em>Verbascum lychnitis<\/em>, auch als Lampen-K\u00f6nigskerze manchmal bezeichnet; die Bl\u00fcten hellgelb, kn\u00e4uelig angeordnet, Bl\u00fctenstand verzweigt, Bl\u00e4tter oberseits kahl, unterseits mehlig, staubig. eher trockene B\u00f6den, <em>lychnitis=lychnos<\/em>=Lampe, aus den haarigen Bl\u00e4ttern wurden fr\u00fcher Dochte hergestellt. Man tauchte auch vertrocknete Bl\u00fctenst\u00e4ngel einfach in Wachs und verwendete sie als Fackeln.<\/p>\n\n\n\n<figure class=\"wp-block-gallery has-nested-images columns-default is-cropped wp-block-gallery-4 is-layout-flex wp-block-gallery-is-layout-flex\">\n<figure class=\"wp-block-image size-large is-style-default\"><img loading=\"lazy\" decoding=\"async\" width=\"450\" height=\"675\" data-id=\"4226\" src=\"https:\/\/adele-sansone.com\/wordpress\/wp-content\/uploads\/2024\/06\/Verbascum-nigrum-02.jpg\" alt=\"\" class=\"wp-image-4226\" srcset=\"https:\/\/adele-sansone.com\/wordpress\/wp-content\/uploads\/2024\/06\/Verbascum-nigrum-02.jpg 450w, https:\/\/adele-sansone.com\/wordpress\/wp-content\/uploads\/2024\/06\/Verbascum-nigrum-02-200x300.jpg 200w\" sizes=\"auto, (max-width: 450px) 100vw, 450px\" \/><figcaption class=\"wp-element-caption\">Schwarze\/Dunkle K\u00f6nigskerze <\/figcaption><\/figure>\n\n\n\n<figure class=\"wp-block-image size-large is-style-default\"><img loading=\"lazy\" decoding=\"async\" width=\"659\" height=\"550\" data-id=\"4227\" src=\"https:\/\/adele-sansone.com\/wordpress\/wp-content\/uploads\/2024\/06\/Verbascum-nigrum-01.jpg\" alt=\"\" class=\"wp-image-4227\" srcset=\"https:\/\/adele-sansone.com\/wordpress\/wp-content\/uploads\/2024\/06\/Verbascum-nigrum-01.jpg 659w, https:\/\/adele-sansone.com\/wordpress\/wp-content\/uploads\/2024\/06\/Verbascum-nigrum-01-300x250.jpg 300w, https:\/\/adele-sansone.com\/wordpress\/wp-content\/uploads\/2024\/06\/Verbascum-nigrum-01-640x534.jpg 640w, https:\/\/adele-sansone.com\/wordpress\/wp-content\/uploads\/2024\/06\/Verbascum-nigrum-01-359x300.jpg 359w, https:\/\/adele-sansone.com\/wordpress\/wp-content\/uploads\/2024\/06\/Verbascum-nigrum-01-480x400.jpg 480w\" sizes=\"auto, (max-width: 659px) 100vw, 659px\" \/><figcaption class=\"wp-element-caption\">Verbascum nigrum<\/figcaption><\/figure>\n\n\n\n<figure class=\"wp-block-image size-large is-style-default\"><img loading=\"lazy\" decoding=\"async\" width=\"576\" height=\"1024\" data-id=\"4228\" src=\"https:\/\/adele-sansone.com\/wordpress\/wp-content\/uploads\/2024\/06\/DSC00289-Verbascum-576x1024.jpg\" alt=\"\" class=\"wp-image-4228\" srcset=\"https:\/\/adele-sansone.com\/wordpress\/wp-content\/uploads\/2024\/06\/DSC00289-Verbascum-576x1024.jpg 576w, https:\/\/adele-sansone.com\/wordpress\/wp-content\/uploads\/2024\/06\/DSC00289-Verbascum-169x300.jpg 169w, https:\/\/adele-sansone.com\/wordpress\/wp-content\/uploads\/2024\/06\/DSC00289-Verbascum-768x1365.jpg 768w, https:\/\/adele-sansone.com\/wordpress\/wp-content\/uploads\/2024\/06\/DSC00289-Verbascum-864x1536.jpg 864w, https:\/\/adele-sansone.com\/wordpress\/wp-content\/uploads\/2024\/06\/DSC00289-Verbascum-1152x2048.jpg 1152w, https:\/\/adele-sansone.com\/wordpress\/wp-content\/uploads\/2024\/06\/DSC00289-Verbascum-640x1138.jpg 640w, https:\/\/adele-sansone.com\/wordpress\/wp-content\/uploads\/2024\/06\/DSC00289-Verbascum-scaled.jpg 1440w\" sizes=\"auto, (max-width: 576px) 100vw, 576px\" \/><figcaption class=\"wp-element-caption\">Bl\u00fcte Verbascum nigrum<\/figcaption><\/figure>\n<\/figure>\n\n\n\n<p>Besonders auff\u00e4llig, ich treffe sie beim Wandern oftmals an feuchten Buschreihen, ist die <strong>Schwarze K\u00f6nigskerze<\/strong>, <em>Verbascum nigrum<\/em>, Bl\u00fctenst\u00e4nde mit gro\u00dfen Bl\u00fcten, die Staubf\u00e4den violett wollig behaart, Bl\u00e4tter eher kahl, dunkelgr\u00fcn, St\u00e4ngel dunkel, braunviolett \u00fcberlaufen; Waldpflanze, Wegr\u00e4nder feuchte B\u00f6den.<\/p>\n\n\n\n<figure class=\"wp-block-gallery has-nested-images columns-default is-cropped wp-block-gallery-5 is-layout-flex wp-block-gallery-is-layout-flex\">\n<figure class=\"wp-block-image size-large is-style-default\"><img loading=\"lazy\" decoding=\"async\" width=\"1024\" height=\"679\" data-id=\"4229\" src=\"https:\/\/adele-sansone.com\/wordpress\/wp-content\/uploads\/2024\/06\/DSC00781-Koenigskerze-1024x679.jpg\" alt=\"\" class=\"wp-image-4229\" srcset=\"https:\/\/adele-sansone.com\/wordpress\/wp-content\/uploads\/2024\/06\/DSC00781-Koenigskerze-1024x679.jpg 1024w, https:\/\/adele-sansone.com\/wordpress\/wp-content\/uploads\/2024\/06\/DSC00781-Koenigskerze-300x199.jpg 300w, https:\/\/adele-sansone.com\/wordpress\/wp-content\/uploads\/2024\/06\/DSC00781-Koenigskerze-768x509.jpg 768w, https:\/\/adele-sansone.com\/wordpress\/wp-content\/uploads\/2024\/06\/DSC00781-Koenigskerze-1536x1018.jpg 1536w, https:\/\/adele-sansone.com\/wordpress\/wp-content\/uploads\/2024\/06\/DSC00781-Koenigskerze-2048x1358.jpg 2048w, https:\/\/adele-sansone.com\/wordpress\/wp-content\/uploads\/2024\/06\/DSC00781-Koenigskerze-640x424.jpg 640w, https:\/\/adele-sansone.com\/wordpress\/wp-content\/uploads\/2024\/06\/DSC00781-Koenigskerze-453x300.jpg 453w\" sizes=\"auto, (max-width: 1024px) 100vw, 1024px\" \/><figcaption class=\"wp-element-caption\">Verbascum Hybride<\/figcaption><\/figure>\n\n\n\n<figure class=\"wp-block-image size-large is-style-default\"><img loading=\"lazy\" decoding=\"async\" width=\"577\" height=\"1024\" data-id=\"4230\" src=\"https:\/\/adele-sansone.com\/wordpress\/wp-content\/uploads\/2024\/06\/DSC01850-Koenigskerze-577x1024.jpg\" alt=\"\" class=\"wp-image-4230\" srcset=\"https:\/\/adele-sansone.com\/wordpress\/wp-content\/uploads\/2024\/06\/DSC01850-Koenigskerze-577x1024.jpg 577w, https:\/\/adele-sansone.com\/wordpress\/wp-content\/uploads\/2024\/06\/DSC01850-Koenigskerze-169x300.jpg 169w, https:\/\/adele-sansone.com\/wordpress\/wp-content\/uploads\/2024\/06\/DSC01850-Koenigskerze-768x1363.jpg 768w, https:\/\/adele-sansone.com\/wordpress\/wp-content\/uploads\/2024\/06\/DSC01850-Koenigskerze-866x1536.jpg 866w, https:\/\/adele-sansone.com\/wordpress\/wp-content\/uploads\/2024\/06\/DSC01850-Koenigskerze-1154x2048.jpg 1154w, https:\/\/adele-sansone.com\/wordpress\/wp-content\/uploads\/2024\/06\/DSC01850-Koenigskerze-640x1136.jpg 640w, https:\/\/adele-sansone.com\/wordpress\/wp-content\/uploads\/2024\/06\/DSC01850-Koenigskerze-scaled.jpg 1443w\" sizes=\"auto, (max-width: 577px) 100vw, 577px\" \/><figcaption class=\"wp-element-caption\">Verbascum Hybride<\/figcaption><\/figure>\n\n\n\n<figure class=\"wp-block-image size-large is-style-default\"><img loading=\"lazy\" decoding=\"async\" width=\"576\" height=\"1024\" data-id=\"4231\" src=\"https:\/\/adele-sansone.com\/wordpress\/wp-content\/uploads\/2024\/06\/Verbascum-Hybride-0004-576x1024.jpg\" alt=\"\" class=\"wp-image-4231\" srcset=\"https:\/\/adele-sansone.com\/wordpress\/wp-content\/uploads\/2024\/06\/Verbascum-Hybride-0004-576x1024.jpg 576w, https:\/\/adele-sansone.com\/wordpress\/wp-content\/uploads\/2024\/06\/Verbascum-Hybride-0004-169x300.jpg 169w, https:\/\/adele-sansone.com\/wordpress\/wp-content\/uploads\/2024\/06\/Verbascum-Hybride-0004-768x1365.jpg 768w, https:\/\/adele-sansone.com\/wordpress\/wp-content\/uploads\/2024\/06\/Verbascum-Hybride-0004-864x1536.jpg 864w, https:\/\/adele-sansone.com\/wordpress\/wp-content\/uploads\/2024\/06\/Verbascum-Hybride-0004-640x1138.jpg 640w, https:\/\/adele-sansone.com\/wordpress\/wp-content\/uploads\/2024\/06\/Verbascum-Hybride-0004.jpg 1080w\" sizes=\"auto, (max-width: 576px) 100vw, 576px\" \/><figcaption class=\"wp-element-caption\">Verbascum phoeniceum<\/figcaption><\/figure>\n\n\n\n<figure class=\"wp-block-image size-large is-style-default\"><img loading=\"lazy\" decoding=\"async\" width=\"1024\" height=\"576\" data-id=\"4232\" src=\"https:\/\/adele-sansone.com\/wordpress\/wp-content\/uploads\/2024\/06\/Verbascum-phoeniceum-DSC00638-1024x576.jpg\" alt=\"\" class=\"wp-image-4232\" srcset=\"https:\/\/adele-sansone.com\/wordpress\/wp-content\/uploads\/2024\/06\/Verbascum-phoeniceum-DSC00638-1024x576.jpg 1024w, https:\/\/adele-sansone.com\/wordpress\/wp-content\/uploads\/2024\/06\/Verbascum-phoeniceum-DSC00638-300x169.jpg 300w, https:\/\/adele-sansone.com\/wordpress\/wp-content\/uploads\/2024\/06\/Verbascum-phoeniceum-DSC00638-768x432.jpg 768w, https:\/\/adele-sansone.com\/wordpress\/wp-content\/uploads\/2024\/06\/Verbascum-phoeniceum-DSC00638-1536x864.jpg 1536w, https:\/\/adele-sansone.com\/wordpress\/wp-content\/uploads\/2024\/06\/Verbascum-phoeniceum-DSC00638-2048x1152.jpg 2048w, https:\/\/adele-sansone.com\/wordpress\/wp-content\/uploads\/2024\/06\/Verbascum-phoeniceum-DSC00638-640x360.jpg 640w, https:\/\/adele-sansone.com\/wordpress\/wp-content\/uploads\/2024\/06\/Verbascum-phoeniceum-DSC00638-533x300.jpg 533w\" sizes=\"auto, (max-width: 1024px) 100vw, 1024px\" \/><figcaption class=\"wp-element-caption\">Violette K\u00f6nigskerze<\/figcaption><\/figure>\n<\/figure>\n\n\n\n<p>Darf es auch mal etwas anderes als gelb sein? Bitte sehr, die <strong>Violette K\u00f6nigskerze, <\/strong><em>Verbascum phoeniceum, <\/em>trifft man au\u00dfer in s\u00fcdlichen L\u00e4ndern nicht unbedingt im Freiland, jedoch in G\u00e4rten, ob die nat\u00fcrliche Art oder Garten-Hybriden, h\u00fcbsch ist sie allemal, allerdings zarter im Wuchs als die andern K\u00f6nigskerzen.<\/p>\n\n\n\n<figure class=\"wp-block-gallery has-nested-images columns-default is-cropped wp-block-gallery-6 is-layout-flex wp-block-gallery-is-layout-flex\">\n<figure class=\"wp-block-image size-large is-style-default\"><img loading=\"lazy\" decoding=\"async\" width=\"576\" height=\"1024\" data-id=\"4233\" src=\"https:\/\/adele-sansone.com\/wordpress\/wp-content\/uploads\/2024\/06\/DSC00159-Verbascum-undulatum-01-576x1024.jpg\" alt=\"\" class=\"wp-image-4233\" srcset=\"https:\/\/adele-sansone.com\/wordpress\/wp-content\/uploads\/2024\/06\/DSC00159-Verbascum-undulatum-01-576x1024.jpg 576w, https:\/\/adele-sansone.com\/wordpress\/wp-content\/uploads\/2024\/06\/DSC00159-Verbascum-undulatum-01-169x300.jpg 169w, https:\/\/adele-sansone.com\/wordpress\/wp-content\/uploads\/2024\/06\/DSC00159-Verbascum-undulatum-01-768x1365.jpg 768w, https:\/\/adele-sansone.com\/wordpress\/wp-content\/uploads\/2024\/06\/DSC00159-Verbascum-undulatum-01-864x1536.jpg 864w, https:\/\/adele-sansone.com\/wordpress\/wp-content\/uploads\/2024\/06\/DSC00159-Verbascum-undulatum-01-1152x2048.jpg 1152w, https:\/\/adele-sansone.com\/wordpress\/wp-content\/uploads\/2024\/06\/DSC00159-Verbascum-undulatum-01-640x1138.jpg 640w, https:\/\/adele-sansone.com\/wordpress\/wp-content\/uploads\/2024\/06\/DSC00159-Verbascum-undulatum-01-scaled.jpg 1440w\" sizes=\"auto, (max-width: 576px) 100vw, 576px\" \/><figcaption class=\"wp-element-caption\">Verbascum undulatum<\/figcaption><\/figure>\n\n\n\n<figure class=\"wp-block-image size-large is-style-default\"><img loading=\"lazy\" decoding=\"async\" width=\"1024\" height=\"576\" data-id=\"4236\" src=\"https:\/\/adele-sansone.com\/wordpress\/wp-content\/uploads\/2024\/06\/DSC00167-Verbascum-undulatum-01-1024x576.jpg\" alt=\"\" class=\"wp-image-4236\" srcset=\"https:\/\/adele-sansone.com\/wordpress\/wp-content\/uploads\/2024\/06\/DSC00167-Verbascum-undulatum-01-1024x576.jpg 1024w, https:\/\/adele-sansone.com\/wordpress\/wp-content\/uploads\/2024\/06\/DSC00167-Verbascum-undulatum-01-300x169.jpg 300w, https:\/\/adele-sansone.com\/wordpress\/wp-content\/uploads\/2024\/06\/DSC00167-Verbascum-undulatum-01-768x432.jpg 768w, https:\/\/adele-sansone.com\/wordpress\/wp-content\/uploads\/2024\/06\/DSC00167-Verbascum-undulatum-01-1536x864.jpg 1536w, https:\/\/adele-sansone.com\/wordpress\/wp-content\/uploads\/2024\/06\/DSC00167-Verbascum-undulatum-01-2048x1152.jpg 2048w, https:\/\/adele-sansone.com\/wordpress\/wp-content\/uploads\/2024\/06\/DSC00167-Verbascum-undulatum-01-640x360.jpg 640w, https:\/\/adele-sansone.com\/wordpress\/wp-content\/uploads\/2024\/06\/DSC00167-Verbascum-undulatum-01-533x300.jpg 533w\" sizes=\"auto, (max-width: 1024px) 100vw, 1024px\" \/><figcaption class=\"wp-element-caption\">Verbascum undulatum<\/figcaption><\/figure>\n\n\n\n<figure class=\"wp-block-image size-large is-style-default\"><img loading=\"lazy\" decoding=\"async\" width=\"576\" height=\"1024\" data-id=\"4235\" src=\"https:\/\/adele-sansone.com\/wordpress\/wp-content\/uploads\/2024\/06\/DSC00158-Verbascum-undulatum-576x1024.jpg\" alt=\"\" class=\"wp-image-4235\" srcset=\"https:\/\/adele-sansone.com\/wordpress\/wp-content\/uploads\/2024\/06\/DSC00158-Verbascum-undulatum-576x1024.jpg 576w, https:\/\/adele-sansone.com\/wordpress\/wp-content\/uploads\/2024\/06\/DSC00158-Verbascum-undulatum-169x300.jpg 169w, https:\/\/adele-sansone.com\/wordpress\/wp-content\/uploads\/2024\/06\/DSC00158-Verbascum-undulatum-768x1365.jpg 768w, https:\/\/adele-sansone.com\/wordpress\/wp-content\/uploads\/2024\/06\/DSC00158-Verbascum-undulatum-864x1536.jpg 864w, https:\/\/adele-sansone.com\/wordpress\/wp-content\/uploads\/2024\/06\/DSC00158-Verbascum-undulatum-1152x2048.jpg 1152w, https:\/\/adele-sansone.com\/wordpress\/wp-content\/uploads\/2024\/06\/DSC00158-Verbascum-undulatum-640x1138.jpg 640w, https:\/\/adele-sansone.com\/wordpress\/wp-content\/uploads\/2024\/06\/DSC00158-Verbascum-undulatum-scaled.jpg 1440w\" sizes=\"auto, (max-width: 576px) 100vw, 576px\" \/><figcaption class=\"wp-element-caption\">Verbascum sinuatum<\/figcaption><\/figure>\n<\/figure>\n\n\n\n<p>Nicht zu vergessen, einige Vertreter, die mehr in unseren s\u00fcdlichen Urlaubsl\u00e4ndern wachsen, ob gewellte Bl\u00e4tter, wie <em>Verbascum undulatum oder sinuatum, <\/em>oder sehr, sehr dornige Arten, die als Stachelpolster wachsen, die Bl\u00fcten jedoch eindeutig als K\u00f6nigskerzenbl\u00fcten zu identifizieren; zu entdecken gibt es bei den K\u00f6nigskerzen allerortens viel.<\/p>\n\n\n\n<ul class=\"wp-block-list\">\n<li><a href=\"https:\/\/pagewizz.com\/griechenland-griechische-inseln-und-ihre-besondere-pflanzenwelt\/\">Griechenland und seine Pflanzenwelt<\/a><\/li>\n\n\n\n<li><a href=\"https:\/\/pagewizz.com\/sardinien-was-bluht-auf-dieser-insel-30670\/\">Sardinien und seine Pflanzenwelt<\/a><\/li>\n\n\n\n<li><a href=\"https:\/\/pagewizz.com\/madeira-und-seine-besondere-pflanzenwelt\/\">Madeira und seine besondere Pflanzenwelt<\/a><\/li>\n\n\n\n<li><a href=\"https:\/\/pagewizz.com\/menorca-was-bluht-auf-den-balearen-33994\/\">Menorca und die Balearen<\/a><\/li>\n\n\n\n<li><\/li>\n<\/ul>\n","protected":false},"excerpt":{"rendered":"<p>Eine Pflanze f\u00fcr jeden Naturgarten sind die vielf\u00e4ltigen K\u00f6nigskerzen.<\/p>\n","protected":false},"author":2,"featured_media":4217,"comment_status":"closed","ping_status":"open","sticky":false,"template":"","format":"standard","meta":{"footnotes":""},"categories":[1],"types\/post":[189,299,49],"post_format":[],"class_list":["post-4215","post","type-post","status-publish","format-standard","has-post-thumbnail","hentry","category-allgemein","tag-heilpflanze","tag-heimisch","tag-naturgarten"],"_links":{"self":[{"href":"https:\/\/adele-sansone.com\/wordpress\/wp-json\/wp\/v2\/posts\/4215","targetHints":{"allow":["GET"]}}],"collection":[{"href":"https:\/\/adele-sansone.com\/wordpress\/wp-json\/wp\/v2\/posts"}],"about":[{"href":"https:\/\/adele-sansone.com\/wordpress\/wp-json\/wp\/v2\/types\/post"}],"author":[{"embeddable":true,"href":"https:\/\/adele-sansone.com\/wordpress\/wp-json\/wp\/v2\/users\/2"}],"replies":[{"embeddable":true,"href":"https:\/\/adele-sansone.com\/wordpress\/wp-json\/wp\/v2\/comments?post=4215"}],"version-history":[{"count":4,"href":"https:\/\/adele-sansone.com\/wordpress\/wp-json\/wp\/v2\/posts\/4215\/revisions"}],"predecessor-version":[{"id":4240,"href":"https:\/\/adele-sansone.com\/wordpress\/wp-json\/wp\/v2\/posts\/4215\/revisions\/4240"}],"wp:featuredmedia":[{"embeddable":true,"href":"https:\/\/adele-sansone.com\/wordpress\/wp-json\/wp\/v2\/media\/4217"}],"wp:attachment":[{"href":"https:\/\/adele-sansone.com\/wordpress\/wp-json\/wp\/v2\/media?parent=4215"}],"wp:term":[{"taxonomy":"category","embeddable":true,"href":"https:\/\/adele-sansone.com\/wordpress\/wp-json\/wp\/v2\/categories?post=4215"},{"taxonomy":"post_tag","embeddable":true,"href":"https:\/\/adele-sansone.com\/wordpress\/wp-json\/wp\/v2\/types\/post?post=4215"},{"taxonomy":"post_format","embeddable":true,"href":"https:\/\/adele-sansone.com\/wordpress\/wp-json\/wp\/v2\/post_format?post=4215"}],"curies":[{"name":"wp","href":"https:\/\/api.w.org\/{rel}","templated":true}]}}