{"id":4381,"date":"2025-02-24T16:59:15","date_gmt":"2025-02-24T15:59:15","guid":{"rendered":"https:\/\/adele-sansone.com\/wordpress\/?p=4381"},"modified":"2026-04-01T16:00:11","modified_gmt":"2026-04-01T14:00:11","slug":"im-maerzen-der-bauer","status":"publish","type":"post","link":"https:\/\/adele-sansone.com\/wordpress\/2025\/02\/24\/im-maerzen-der-bauer\/","title":{"rendered":"Im M\u00e4rzen der Bauer &#8230;"},"content":{"rendered":"<div class=\"wp-block-image\">\n<figure class=\"aligncenter size-full\"><img loading=\"lazy\" decoding=\"async\" width=\"788\" height=\"550\" src=\"https:\/\/adele-sansone.com\/wordpress\/wp-content\/uploads\/2020\/03\/Leucojum-vernum-1501.jpg\" alt=\"\" class=\"wp-image-1404\" srcset=\"https:\/\/adele-sansone.com\/wordpress\/wp-content\/uploads\/2020\/03\/Leucojum-vernum-1501.jpg 788w, https:\/\/adele-sansone.com\/wordpress\/wp-content\/uploads\/2020\/03\/Leucojum-vernum-1501-300x209.jpg 300w, https:\/\/adele-sansone.com\/wordpress\/wp-content\/uploads\/2020\/03\/Leucojum-vernum-1501-768x536.jpg 768w, https:\/\/adele-sansone.com\/wordpress\/wp-content\/uploads\/2020\/03\/Leucojum-vernum-1501-150x105.jpg 150w\" sizes=\"auto, (max-width: 788px) 100vw, 788px\" \/><figcaption class=\"wp-element-caption\">M\u00e4rzenbecher<\/figcaption><\/figure>\n<\/div>\n\n\n<p>so beginnt ein Fr\u00fchlingslied von den Feld- und Gartenarbeiten. <em>Im M\u00e4rzen der Bauer<\/em> ist ein Volks- und Kinderlied aus M\u00e4hren. Mal sehen, ob ich auch so Einiges finde, was man im M\u00e4rz machen sollte.<\/p>\n\n\n\n<!--more-->\n\n\n\n<p><strong>Fr\u00fchjahrsputz<\/strong> im Garten bedeutet quasi dem Garten und seinen Pflanzen den Wintermantel auszuziehen. Beginnt damit, dass man den Winterschutz aus Vlies\/Kokosmatten etc. vorsichtig von den Rosen, heiklen Stauden etc. entfernt. Angeh\u00e4ufeltes kann man getrost noch liegen lassen, das eilt nicht; reicht auch an w\u00e4rmeren Tagen.<\/p>\n\n\n<div class=\"wp-block-image\">\n<figure class=\"aligncenter size-medium\"><a href=\"https:\/\/adele-sansone.com\/wordpress\/2023\/03\/20\/fruehlings-hungerbluemchen\/\"><img loading=\"lazy\" decoding=\"async\" width=\"300\" height=\"269\" src=\"https:\/\/adele-sansone.com\/wordpress\/wp-content\/uploads\/2023\/03\/DSC03930-Erophila-verna-300x269.jpg\" alt=\"\" class=\"wp-image-3864\" srcset=\"https:\/\/adele-sansone.com\/wordpress\/wp-content\/uploads\/2023\/03\/DSC03930-Erophila-verna-300x269.jpg 300w, https:\/\/adele-sansone.com\/wordpress\/wp-content\/uploads\/2023\/03\/DSC03930-Erophila-verna-1024x917.jpg 1024w, https:\/\/adele-sansone.com\/wordpress\/wp-content\/uploads\/2023\/03\/DSC03930-Erophila-verna-768x688.jpg 768w, https:\/\/adele-sansone.com\/wordpress\/wp-content\/uploads\/2023\/03\/DSC03930-Erophila-verna-1536x1376.jpg 1536w, https:\/\/adele-sansone.com\/wordpress\/wp-content\/uploads\/2023\/03\/DSC03930-Erophila-verna-2048x1835.jpg 2048w, https:\/\/adele-sansone.com\/wordpress\/wp-content\/uploads\/2023\/03\/DSC03930-Erophila-verna-640x573.jpg 640w, https:\/\/adele-sansone.com\/wordpress\/wp-content\/uploads\/2023\/03\/DSC03930-Erophila-verna-335x300.jpg 335w\" sizes=\"auto, (max-width: 300px) 100vw, 300px\" \/><\/a><figcaption class=\"wp-element-caption\"><a href=\"https:\/\/adele-sansone.com\/wordpress\/2023\/03\/20\/fruehlings-hungerbluemchen\/\">Hungerbl\u00fcmchen<\/a><\/figcaption><\/figure>\n<\/div>\n\n\n<p><\/p>\n\n\n\n<p><br>Zusammengebundene Gr\u00e4ser muss man wieder befreien, mit Bedacht auf die neuen Austriebe achten und altes, abgestorbenes Material zur\u00fcckschneiden.<\/p>\n\n\n\n<p>Unter den Futterstellen der V\u00f6gel sollte man tunlichst den &#8222;Mist&#8220; beseitigen, sonst &#8222;bl\u00fcht&#8220; einem noch der Futterhanf mitten im Garten und miesepetrige Nachbarn hetzen einem dann schon mal die Polizei auf den Pelz. <em>Soll schon vorgekommen sein, auch wenn es dabei nur der ungef\u00e4hrliche Futterhanf ist.<\/em><\/p>\n\n\n<div class=\"wp-block-image\">\n<figure class=\"aligncenter size-large\"><img loading=\"lazy\" decoding=\"async\" width=\"577\" height=\"1024\" src=\"https:\/\/adele-sansone.com\/wordpress\/wp-content\/uploads\/2020\/12\/DSC09196-577x1024.jpg\" alt=\"\" class=\"wp-image-2613\" srcset=\"https:\/\/adele-sansone.com\/wordpress\/wp-content\/uploads\/2020\/12\/DSC09196-577x1024.jpg 577w, https:\/\/adele-sansone.com\/wordpress\/wp-content\/uploads\/2020\/12\/DSC09196-169x300.jpg 169w, https:\/\/adele-sansone.com\/wordpress\/wp-content\/uploads\/2020\/12\/DSC09196-768x1363.jpg 768w, https:\/\/adele-sansone.com\/wordpress\/wp-content\/uploads\/2020\/12\/DSC09196-866x1536.jpg 866w, https:\/\/adele-sansone.com\/wordpress\/wp-content\/uploads\/2020\/12\/DSC09196-1154x2048.jpg 1154w, https:\/\/adele-sansone.com\/wordpress\/wp-content\/uploads\/2020\/12\/DSC09196-640x1136.jpg 640w, https:\/\/adele-sansone.com\/wordpress\/wp-content\/uploads\/2020\/12\/DSC09196-scaled.jpg 1443w\" sizes=\"auto, (max-width: 577px) 100vw, 577px\" \/><figcaption class=\"wp-element-caption\">Futterhanf unter dem Futterh\u00e4uschen<\/figcaption><\/figure>\n<\/div>\n\n\n<p><strong>Halt! Reisighaufen<\/strong>, die man ja hoffentlich extra als Unterschlupf f\u00fcr diverse Winterschl\u00e4fer im Herbst geschaffen hat, noch in Ruhe lassen. Beobachten, ob ein Wintergast bereits aufgewacht ist: <a href=\"https:\/\/pagewizz.com\/wie-sie-einem-igel-ein-gutes-winterhaus-basteln-koennen\/\">Igel<\/a>, Kr\u00f6ten oder auch Schlangen quartieren sich da gerne ein. Auch bei Stauden mit Hohlst\u00e4ngeln warte ich gerne noch ein wenig, denn da halten sich gerne Insekten \u00fcber den Winter auf und die m\u00fcssen auch erst mal auf Betriebstemperatur kommen.<\/p>\n\n\n\n<p><\/p>\n\n\n\n<p><strong>Vorziehen<\/strong>: Pflanzen, ob Obst, Gem\u00fcse oder Zierbl\u00fcmchen, <a href=\"https:\/\/pagewizz.com\/anzucht-von-jungpflanzen-so-einfach-kann-es-gehen-36569\/\">mit der Aussaat beginnen<\/a>. <\/p>\n\n\n\n<p>Im Garten nach Rosetten von Stauden Ausschau halten, oft siedelt sich die eine oder andere Zierpflanze von selbst ein, etwa <a href=\"https:\/\/pagewizz.com\/die-nachtkerze-die-fluechtige-gelbe-schoenheit-im-garten\/\">Nachtkerzen<\/a> oder <a href=\"https:\/\/pagewizz.com\/malvengewachse-ein-familienportrat-38696\/\">Malven<\/a>, und wenn der Ort strategisch ung\u00fcnstig ist, dann w\u00e4re jetzt eine gute Zeit sie zum Versetzen. (Der Boden muss dann wirklich schon frostfrei sein). Mitte des Monats kann man auch Stauden teilen und versetzen, dem Nachbarn schenken oder sich von den Nachbarn auch so die eine oder andere Pflanze mit liebem Augenaufschlag erbitten.<\/p>\n\n\n\n<figure class=\"wp-block-image size-large\"><img loading=\"lazy\" decoding=\"async\" width=\"1024\" height=\"710\" src=\"https:\/\/adele-sansone.com\/wordpress\/wp-content\/uploads\/2020\/08\/Fr\u00fchlingsgarten-DSC06881-1024x710.jpg\" alt=\"\" class=\"wp-image-2005\" srcset=\"https:\/\/adele-sansone.com\/wordpress\/wp-content\/uploads\/2020\/08\/Fr\u00fchlingsgarten-DSC06881-1024x710.jpg 1024w, https:\/\/adele-sansone.com\/wordpress\/wp-content\/uploads\/2020\/08\/Fr\u00fchlingsgarten-DSC06881-300x208.jpg 300w, https:\/\/adele-sansone.com\/wordpress\/wp-content\/uploads\/2020\/08\/Fr\u00fchlingsgarten-DSC06881-768x532.jpg 768w, https:\/\/adele-sansone.com\/wordpress\/wp-content\/uploads\/2020\/08\/Fr\u00fchlingsgarten-DSC06881-1536x1065.jpg 1536w, https:\/\/adele-sansone.com\/wordpress\/wp-content\/uploads\/2020\/08\/Fr\u00fchlingsgarten-DSC06881-2048x1420.jpg 2048w, https:\/\/adele-sansone.com\/wordpress\/wp-content\/uploads\/2020\/08\/Fr\u00fchlingsgarten-DSC06881-433x300.jpg 433w\" sizes=\"auto, (max-width: 1024px) 100vw, 1024px\" \/><\/figure>\n\n\n\n<p><strong>Augen auf und Gucken!<\/strong> Alle Fr\u00fchlingsboten, die man im Herbst extra gesetzt hat, Zwiebelchen oder Rhizome, kommen nun heraus. Ein t\u00e4glicher Gang durch den Garten, am besten mit der Kamera bewaffnet, bringt enorme Freude und Fr\u00fchlingsgef\u00fchle ins eigene Herz. \u00dcbrigens vertragen diese Fr\u00fchbl\u00fcher jetzt gut ein wenig &#8222;Fr\u00fchst\u00fcck&#8220; in Form von einer Gabe von Kompostwasser (<em>dazu ein wenig Kompost in einen K\u00fcbel schaufeln, mit Wasser vermischen und diese Br\u00fche schl\u00fcckchenweise zu den Pflanzen geben)<\/em>.<\/p>\n\n\n\n<p>Aber auch viele <a href=\"https:\/\/pagewizz.com\/blaue-wildpflanzen-im-garten-37823\/\">Wildpflanzen<\/a> im Garten k\u00fcndigen den Fr\u00fchling an und erfreuen besonders nun auch die fr\u00fch startenden Hummelk\u00f6niginnen.<\/p>\n\n\n\n<figure class=\"wp-block-image size-large\"><img loading=\"lazy\" decoding=\"async\" width=\"1024\" height=\"701\" src=\"https:\/\/adele-sansone.com\/wordpress\/wp-content\/uploads\/2022\/12\/DSC00062-Ackerhummel-2-1024x701.jpg\" alt=\"\" class=\"wp-image-3747\" srcset=\"https:\/\/adele-sansone.com\/wordpress\/wp-content\/uploads\/2022\/12\/DSC00062-Ackerhummel-2-1024x701.jpg 1024w, https:\/\/adele-sansone.com\/wordpress\/wp-content\/uploads\/2022\/12\/DSC00062-Ackerhummel-2-300x205.jpg 300w, https:\/\/adele-sansone.com\/wordpress\/wp-content\/uploads\/2022\/12\/DSC00062-Ackerhummel-2-768x526.jpg 768w, https:\/\/adele-sansone.com\/wordpress\/wp-content\/uploads\/2022\/12\/DSC00062-Ackerhummel-2-1536x1051.jpg 1536w, https:\/\/adele-sansone.com\/wordpress\/wp-content\/uploads\/2022\/12\/DSC00062-Ackerhummel-2-2048x1402.jpg 2048w, https:\/\/adele-sansone.com\/wordpress\/wp-content\/uploads\/2022\/12\/DSC00062-Ackerhummel-2-640x438.jpg 640w, https:\/\/adele-sansone.com\/wordpress\/wp-content\/uploads\/2022\/12\/DSC00062-Ackerhummel-2-438x300.jpg 438w\" sizes=\"auto, (max-width: 1024px) 100vw, 1024px\" \/><figcaption class=\"wp-element-caption\">Ackerhummel an den ersten G\u00fcnselbl\u00fcten<\/figcaption><\/figure>\n\n\n\n<p><\/p>\n\n\n\n<p>Fr\u00fchbeete kann man schon bepflanzen, Kartoffeln noch im Haus vorkeimen und erst gegen Monatsende, wenn der Boden schon warm genug ist, einbringen. Saaten wie Spinat, Mangold, M\u00f6hren kann man schon direkt auss\u00e4en, auch die Saubohne. Wer Hochbeete hat, sollte diese nun pflanzbereit machen, denn bei mildem Fr\u00fchlingswetter kann man schon bald einmal starten. Obstgeh\u00f6lze, Brombeeren, Himbeeren und auch Stachelbeeren kann man schneiden. Baumscheiben mit reifem Kompost mulchen. Also die Arbeit an feinen Fr\u00fchlingstagen geht einem im Garten wahrlich nie aus. Und an miesen Tagen kann man sich ja den Fr\u00fchling herbei tr\u00e4umen, oder?<\/p>\n\n\n\n<p>Noch viele weitere hilfreiche Beitr\u00e4ge findet ihr hier:<\/p>\n\n\n\n<p><\/p>\n\n\n\n<ul class=\"wp-block-list\">\n<li><a href=\"https:\/\/pagewizz.com\/ist-das-schon-der-fruhling-wie-der-phanologische-kalender-33286\/\">https:\/\/pagewizz.com\/ist-das-schon-der-fruhling-wie-der-phanologische-kalender-33286\/<\/a><\/li>\n\n\n\n<li><a href=\"https:\/\/pagewizz.com\/fruhstart-in-das-gartenjahr-40535\/\">https:\/\/pagewizz.com\/fruhstart-in-das-gartenjahr-40535\/<\/a><\/li>\n\n\n\n<li><a href=\"https:\/\/pagewizz.com\/kartoffeln-selbst-anbauen-so-einfach-gehts-40322\/\">https:\/\/pagewizz.com\/kartoffeln-selbst-anbauen-so-einfach-gehts-40322\/<\/a><\/li>\n\n\n\n<li><a href=\"https:\/\/pagewizz.com\/mairuben-anbauen-pflegen-und-ernten-40052\/\">https:\/\/pagewizz.com\/mairuben-anbauen-pflegen-und-ernten-40052\/<\/a><\/li>\n\n\n\n<li><a href=\"https:\/\/pagewizz.com\/mangold-anbauen-fur-anfanger-39879\/\">https:\/\/pagewizz.com\/mangold-anbauen-fur-anfanger-39879\/<\/a><\/li>\n\n\n\n<li><a href=\"https:\/\/pagewizz.com\/gartenkalender-januar-bis-maerz\/\">https:\/\/pagewizz.com\/gartenkalender-januar-bis-maerz\/<\/a><\/li>\n\n\n\n<li><a href=\"https:\/\/pagewizz.com\/welche-gartenarbeiten-im-fruehling-erledigen-vorbereitungen-fuer-den-sommer\/\">https:\/\/pagewizz.com\/welche-gartenarbeiten-im-fruehling-erledigen-vorbereitungen-fuer-den-sommer\/<\/a><\/li>\n\n\n\n<li><a href=\"https:\/\/pagewizz.com\/gemusepflanzen-im-haus-vorziehen-sinnvoll-oder-nicht-36383\/\">https:\/\/pagewizz.com\/gemusepflanzen-im-haus-vorziehen-sinnvoll-oder-nicht-36383\/<\/a><\/li>\n\n\n\n<li><a href=\"https:\/\/pagewizz.com\/heimisches-regionales-gemuse-selbst-anbauen-39350\/\">https:\/\/pagewizz.com\/heimisches-regionales-gemuse-selbst-anbauen-39350\/<\/a><\/li>\n\n\n\n<li><a href=\"https:\/\/pagewizz.com\/mangold-anbauen-fur-anfanger-39879\/\">https:\/\/pagewizz.com\/mangold-anbauen-fur-anfanger-39879\/<\/a><\/li>\n<\/ul>\n\n\n\n<figure class=\"wp-block-gallery has-nested-images columns-default is-cropped wp-block-gallery-1 is-layout-flex wp-block-gallery-is-layout-flex\">\n<figure class=\"wp-block-image size-large\"><img loading=\"lazy\" decoding=\"async\" width=\"1024\" height=\"577\" data-id=\"2183\" src=\"https:\/\/adele-sansone.com\/wordpress\/wp-content\/uploads\/2020\/09\/DSC06632-Tulpenwiese-1024x577.jpg\" alt=\"\" class=\"wp-image-2183\" srcset=\"https:\/\/adele-sansone.com\/wordpress\/wp-content\/uploads\/2020\/09\/DSC06632-Tulpenwiese-1024x577.jpg 1024w, https:\/\/adele-sansone.com\/wordpress\/wp-content\/uploads\/2020\/09\/DSC06632-Tulpenwiese-300x169.jpg 300w, https:\/\/adele-sansone.com\/wordpress\/wp-content\/uploads\/2020\/09\/DSC06632-Tulpenwiese-768x433.jpg 768w, https:\/\/adele-sansone.com\/wordpress\/wp-content\/uploads\/2020\/09\/DSC06632-Tulpenwiese-1536x866.jpg 1536w, https:\/\/adele-sansone.com\/wordpress\/wp-content\/uploads\/2020\/09\/DSC06632-Tulpenwiese-2048x1154.jpg 2048w, https:\/\/adele-sansone.com\/wordpress\/wp-content\/uploads\/2020\/09\/DSC06632-Tulpenwiese-532x300.jpg 532w\" sizes=\"auto, (max-width: 1024px) 100vw, 1024px\" \/><\/figure>\n\n\n\n<figure class=\"wp-block-image size-large\"><img loading=\"lazy\" decoding=\"async\" width=\"1024\" height=\"582\" data-id=\"2185\" src=\"https:\/\/adele-sansone.com\/wordpress\/wp-content\/uploads\/2020\/09\/DSC00051-Elfenkrokus-1024x582.jpg\" alt=\"\" class=\"wp-image-2185\" srcset=\"https:\/\/adele-sansone.com\/wordpress\/wp-content\/uploads\/2020\/09\/DSC00051-Elfenkrokus-1024x582.jpg 1024w, https:\/\/adele-sansone.com\/wordpress\/wp-content\/uploads\/2020\/09\/DSC00051-Elfenkrokus-300x171.jpg 300w, https:\/\/adele-sansone.com\/wordpress\/wp-content\/uploads\/2020\/09\/DSC00051-Elfenkrokus-768x437.jpg 768w, https:\/\/adele-sansone.com\/wordpress\/wp-content\/uploads\/2020\/09\/DSC00051-Elfenkrokus-1536x874.jpg 1536w, https:\/\/adele-sansone.com\/wordpress\/wp-content\/uploads\/2020\/09\/DSC00051-Elfenkrokus-2048x1165.jpg 2048w, https:\/\/adele-sansone.com\/wordpress\/wp-content\/uploads\/2020\/09\/DSC00051-Elfenkrokus-527x300.jpg 527w\" sizes=\"auto, (max-width: 1024px) 100vw, 1024px\" \/><\/figure>\n\n\n\n<figure class=\"wp-block-image size-large\"><img loading=\"lazy\" decoding=\"async\" width=\"1024\" height=\"673\" data-id=\"2791\" src=\"https:\/\/adele-sansone.com\/wordpress\/wp-content\/uploads\/2021\/02\/DSC00054-Galanthus-1024x673.jpg\" alt=\"\" class=\"wp-image-2791\" srcset=\"https:\/\/adele-sansone.com\/wordpress\/wp-content\/uploads\/2021\/02\/DSC00054-Galanthus-1024x673.jpg 1024w, https:\/\/adele-sansone.com\/wordpress\/wp-content\/uploads\/2021\/02\/DSC00054-Galanthus-300x197.jpg 300w, https:\/\/adele-sansone.com\/wordpress\/wp-content\/uploads\/2021\/02\/DSC00054-Galanthus-768x505.jpg 768w, https:\/\/adele-sansone.com\/wordpress\/wp-content\/uploads\/2021\/02\/DSC00054-Galanthus-1536x1009.jpg 1536w, https:\/\/adele-sansone.com\/wordpress\/wp-content\/uploads\/2021\/02\/DSC00054-Galanthus-2048x1345.jpg 2048w, https:\/\/adele-sansone.com\/wordpress\/wp-content\/uploads\/2021\/02\/DSC00054-Galanthus-640x420.jpg 640w, https:\/\/adele-sansone.com\/wordpress\/wp-content\/uploads\/2021\/02\/DSC00054-Galanthus-457x300.jpg 457w\" sizes=\"auto, (max-width: 1024px) 100vw, 1024px\" \/><\/figure>\n\n\n\n<figure class=\"wp-block-image size-large\"><img loading=\"lazy\" decoding=\"async\" width=\"1024\" height=\"577\" data-id=\"4384\" src=\"https:\/\/adele-sansone.com\/wordpress\/wp-content\/uploads\/2025\/02\/DSC05515-1024x577.jpg\" alt=\"\" class=\"wp-image-4384\" srcset=\"https:\/\/adele-sansone.com\/wordpress\/wp-content\/uploads\/2025\/02\/DSC05515-1024x577.jpg 1024w, https:\/\/adele-sansone.com\/wordpress\/wp-content\/uploads\/2025\/02\/DSC05515-300x169.jpg 300w, https:\/\/adele-sansone.com\/wordpress\/wp-content\/uploads\/2025\/02\/DSC05515-768x433.jpg 768w, https:\/\/adele-sansone.com\/wordpress\/wp-content\/uploads\/2025\/02\/DSC05515-1536x866.jpg 1536w, https:\/\/adele-sansone.com\/wordpress\/wp-content\/uploads\/2025\/02\/DSC05515-2048x1154.jpg 2048w, https:\/\/adele-sansone.com\/wordpress\/wp-content\/uploads\/2025\/02\/DSC05515-640x361.jpg 640w, https:\/\/adele-sansone.com\/wordpress\/wp-content\/uploads\/2025\/02\/DSC05515-532x300.jpg 532w\" sizes=\"auto, (max-width: 1024px) 100vw, 1024px\" \/><\/figure>\n\n\n\n<figure class=\"wp-block-image size-large\"><img loading=\"lazy\" decoding=\"async\" width=\"1024\" height=\"790\" data-id=\"4385\" src=\"https:\/\/adele-sansone.com\/wordpress\/wp-content\/uploads\/2025\/02\/DSC05728-Anemone-White-Splendour-1024x790.jpg\" alt=\"\" class=\"wp-image-4385\" srcset=\"https:\/\/adele-sansone.com\/wordpress\/wp-content\/uploads\/2025\/02\/DSC05728-Anemone-White-Splendour-1024x790.jpg 1024w, https:\/\/adele-sansone.com\/wordpress\/wp-content\/uploads\/2025\/02\/DSC05728-Anemone-White-Splendour-300x232.jpg 300w, https:\/\/adele-sansone.com\/wordpress\/wp-content\/uploads\/2025\/02\/DSC05728-Anemone-White-Splendour-768x593.jpg 768w, https:\/\/adele-sansone.com\/wordpress\/wp-content\/uploads\/2025\/02\/DSC05728-Anemone-White-Splendour-1536x1186.jpg 1536w, https:\/\/adele-sansone.com\/wordpress\/wp-content\/uploads\/2025\/02\/DSC05728-Anemone-White-Splendour-2048x1581.jpg 2048w, https:\/\/adele-sansone.com\/wordpress\/wp-content\/uploads\/2025\/02\/DSC05728-Anemone-White-Splendour-640x494.jpg 640w, https:\/\/adele-sansone.com\/wordpress\/wp-content\/uploads\/2025\/02\/DSC05728-Anemone-White-Splendour-389x300.jpg 389w\" sizes=\"auto, (max-width: 1024px) 100vw, 1024px\" \/><\/figure>\n<\/figure>\n","protected":false},"excerpt":{"rendered":"<p>so beginnt ein Fr\u00fchlingslied von den Feld- und Gartenarbeiten. Im M\u00e4rzen der Bauer ist ein Volks- und Kinderlied aus M\u00e4hren. Mal sehen, ob ich auch so Einiges finde, was man im M\u00e4rz machen sollte.<\/p>\n","protected":false},"author":2,"featured_media":1405,"comment_status":"closed","ping_status":"open","sticky":false,"template":"","format":"standard","meta":{"footnotes":""},"categories":[1],"types\/post":[49],"post_format":[],"class_list":["post-4381","post","type-post","status-publish","format-standard","has-post-thumbnail","hentry","category-allgemein","tag-naturgarten"],"_links":{"self":[{"href":"https:\/\/adele-sansone.com\/wordpress\/wp-json\/wp\/v2\/posts\/4381","targetHints":{"allow":["GET"]}}],"collection":[{"href":"https:\/\/adele-sansone.com\/wordpress\/wp-json\/wp\/v2\/posts"}],"about":[{"href":"https:\/\/adele-sansone.com\/wordpress\/wp-json\/wp\/v2\/types\/post"}],"author":[{"embeddable":true,"href":"https:\/\/adele-sansone.com\/wordpress\/wp-json\/wp\/v2\/users\/2"}],"replies":[{"embeddable":true,"href":"https:\/\/adele-sansone.com\/wordpress\/wp-json\/wp\/v2\/comments?post=4381"}],"version-history":[{"count":6,"href":"https:\/\/adele-sansone.com\/wordpress\/wp-json\/wp\/v2\/posts\/4381\/revisions"}],"predecessor-version":[{"id":4389,"href":"https:\/\/adele-sansone.com\/wordpress\/wp-json\/wp\/v2\/posts\/4381\/revisions\/4389"}],"wp:featuredmedia":[{"embeddable":true,"href":"https:\/\/adele-sansone.com\/wordpress\/wp-json\/wp\/v2\/media\/1405"}],"wp:attachment":[{"href":"https:\/\/adele-sansone.com\/wordpress\/wp-json\/wp\/v2\/media?parent=4381"}],"wp:term":[{"taxonomy":"category","embeddable":true,"href":"https:\/\/adele-sansone.com\/wordpress\/wp-json\/wp\/v2\/categories?post=4381"},{"taxonomy":"post_tag","embeddable":true,"href":"https:\/\/adele-sansone.com\/wordpress\/wp-json\/wp\/v2\/types\/post?post=4381"},{"taxonomy":"post_format","embeddable":true,"href":"https:\/\/adele-sansone.com\/wordpress\/wp-json\/wp\/v2\/post_format?post=4381"}],"curies":[{"name":"wp","href":"https:\/\/api.w.org\/{rel}","templated":true}]}}